{"id":68497,"date":"2025-03-05T22:35:12","date_gmt":"2025-03-05T20:35:12","guid":{"rendered":"https:\/\/orheifm.live\/index.php\/2025\/03\/05\/salariile-membrilor-nationali-ai-comisiilor-de-vetting-pentru-judecatori-si-procurori-majorate-la-110-mii-lei-marian-nu-cred-sa-vad-cu-ochii-mei\/"},"modified":"2025-03-05T22:35:12","modified_gmt":"2025-03-05T20:35:12","slug":"salariile-membrilor-nationali-ai-comisiilor-de-vetting-pentru-judecatori-si-procurori-majorate-la-110-mii-lei-marian-nu-cred-sa-vad-cu-ochii-mei","status":"publish","type":"post","link":"https:\/\/orheifm.live\/index.php\/2025\/03\/05\/salariile-membrilor-nationali-ai-comisiilor-de-vetting-pentru-judecatori-si-procurori-majorate-la-110-mii-lei-marian-nu-cred-sa-vad-cu-ochii-mei\/","title":{"rendered":"Salariile membrilor na\u021bionali ai comisiilor de Vetting pentru judec\u0103tori \u0219i procurori, majorate la 110 mii lei? Marian: Nu cred, s\u0103 v\u0103d cu ochii mei"},"content":{"rendered":"<div>\n<p>Deputatul PAS Radu Marian a refuzat s\u0103 comenteze o decizie luat\u0103 de Guvern, ast\u0103zi, prin care salariile membrilor na\u021bionali ai comisiilor de Vetting care \u00eei evalueaz\u0103 pe judec\u0103tori \u0219i procurori urmeaz\u0103 a fi majorate p\u00e2n\u0103 la circa 110 mii lei, \u00een contextul \u00een care o pensie medie e de circa 3300 lei. \u201eMi se pare populist s\u0103 faci asemenea compara\u021bie\u201d, a spus Radu Marian, \u00een cadrul emisiunii\u00a0Rezoomat\u00a0de la Realitatea.<\/p>\n<\/div>\n","protected":false},"excerpt":{"rendered":"<div><img loading=\"lazy\" decoding=\"async\" width=\"696\" height=\"403\" src=\"https:\/\/canal5.md\/wp-content\/uploads\/2025\/03\/6c3d39622011409a9567609aa91ef07469d8ad0d83adb6e17da8e4d7dca809e9-1024x593-optimized.png\" class=\"attachment-large size-large wp-post-image\" alt=\"\" srcset=\"https:\/\/canal5.md\/wp-content\/uploads\/2025\/03\/6c3d39622011409a9567609aa91ef07469d8ad0d83adb6e17da8e4d7dca809e9-1024x593-optimized.png 1024w, https:\/\/canal5.md\/wp-content\/uploads\/2025\/03\/6c3d39622011409a9567609aa91ef07469d8ad0d83adb6e17da8e4d7dca809e9-300x174-optimized.png 300w, https:\/\/canal5.md\/wp-content\/uploads\/2025\/03\/6c3d39622011409a9567609aa91ef07469d8ad0d83adb6e17da8e4d7dca809e9-768x444-optimized.png 768w, https:\/\/canal5.md\/wp-content\/uploads\/2025\/03\/6c3d39622011409a9567609aa91ef07469d8ad0d83adb6e17da8e4d7dca809e9-696x403-optimized.png 696w, https:\/\/canal5.md\/wp-content\/uploads\/2025\/03\/6c3d39622011409a9567609aa91ef07469d8ad0d83adb6e17da8e4d7dca809e9-optimized.png 1042w\">Deputatul PAS Radu Marian a refuzat s\u0103 comenteze o decizie luat\u0103 de Guvern, ast\u0103zi, prin care salariile membrilor na\u021bionali ai comisiilor de Vetting care \u00eei evalueaz\u0103 pe judec\u0103tori \u0219i procurori urmeaz\u0103 a fi majorate p\u00e2n\u0103 la circa 110 mii lei, \u00een contextul \u00een care o pensie medie e de circa 3300 lei. \u201eMi se pare [\u2026]<\/div>\n","protected":false},"author":1,"featured_media":68498,"comment_status":"closed","ping_status":"closed","sticky":false,"template":"","format":"standard","meta":{"jnews-multi-image_gallery":[],"jnews_single_post":[],"jnews_primary_category":[],"jnews_social_meta":[],"jnews_override_counter":[],"footnotes":""},"categories":[23],"tags":[],"class_list":["post-68497","post","type-post","status-publish","format-standard","has-post-thumbnail","hentry","category-politica_ro"],"_links":{"self":[{"href":"https:\/\/orheifm.live\/index.php\/wp-json\/wp\/v2\/posts\/68497","targetHints":{"allow":["GET"]}}],"collection":[{"href":"https:\/\/orheifm.live\/index.php\/wp-json\/wp\/v2\/posts"}],"about":[{"href":"https:\/\/orheifm.live\/index.php\/wp-json\/wp\/v2\/types\/post"}],"author":[{"embeddable":true,"href":"https:\/\/orheifm.live\/index.php\/wp-json\/wp\/v2\/users\/1"}],"replies":[{"embeddable":true,"href":"https:\/\/orheifm.live\/index.php\/wp-json\/wp\/v2\/comments?post=68497"}],"version-history":[{"count":0,"href":"https:\/\/orheifm.live\/index.php\/wp-json\/wp\/v2\/posts\/68497\/revisions"}],"wp:featuredmedia":[{"embeddable":true,"href":"https:\/\/orheifm.live\/index.php\/wp-json\/wp\/v2\/media\/68498"}],"wp:attachment":[{"href":"https:\/\/orheifm.live\/index.php\/wp-json\/wp\/v2\/media?parent=68497"}],"wp:term":[{"taxonomy":"category","embeddable":true,"href":"https:\/\/orheifm.live\/index.php\/wp-json\/wp\/v2\/categories?post=68497"},{"taxonomy":"post_tag","embeddable":true,"href":"https:\/\/orheifm.live\/index.php\/wp-json\/wp\/v2\/tags?post=68497"}],"curies":[{"name":"wp","href":"https:\/\/api.w.org\/{rel}","templated":true}]}}