{"id":68495,"date":"2025-03-05T21:41:30","date_gmt":"2025-03-05T19:41:30","guid":{"rendered":"https:\/\/orheifm.live\/index.php\/2025\/03\/05\/ilan-sor-catre-yanis-mazeik-care-presa-independenta-cea-care-promoveaza-parade-gay-pe-banii-usaid-video\/"},"modified":"2025-03-05T21:41:30","modified_gmt":"2025-03-05T19:41:30","slug":"ilan-sor-catre-yanis-mazeik-care-presa-independenta-cea-care-promoveaza-parade-gay-pe-banii-usaid-video","status":"publish","type":"post","link":"https:\/\/orheifm.live\/index.php\/2025\/03\/05\/ilan-sor-catre-yanis-mazeik-care-presa-independenta-cea-care-promoveaza-parade-gay-pe-banii-usaid-video\/","title":{"rendered":"Ilan \u0218or c\u0103tre Yanis Ma\u017eeik: \u201eCare pres\u0103 \u201eindependent\u0103\u201d? Cea care promoveaz\u0103 parade gay pe banii USAID? |VIDEO"},"content":{"rendered":"<div>\n<p><strong>Liderul Blocului \u201dVictorie\u201d, Ilan \u0218or a venit cu o reac\u021bie la declara\u021biile Ambasadorului Uniunii Europene la Chi\u0219in\u0103u, Janis Mazeiks, care a condamnat reac\u021biile din online la adresa presei a\u0219a-zis independente \u0219i a ONG-urilor din Moldova.<\/strong><br \/>\n<iframe loading=\"lazy\" title=\"YouTube video player\" src=\"https:\/\/www.youtube.com\/embed\/p7ytkJ-epYU?si=pt8HsjZMTxypEWjr\" width=\"560\" height=\"315\" frameborder=\"0\" allowfullscreen=\"allowfullscreen\"><\/iframe><br \/>\n\u00centr-o postare pe re\u021belele de socializare, politicianul a calificat afirma\u021biile diplomatului drept amuzante.<\/p>\n<p>\u201dEuropeanul Mazeiks condamn\u0103 h\u0103r\u021buirea presei independente din Moldova.<\/p>\n<p>Care pres\u0103 \u201eindependent\u0103\u201d? Cea care promoveaz\u0103 parade gay pe banii USAID? Sau cea care nu a ridicat capul c\u00e2nd colegii ei erau presa\u021bi? A, stop.<\/p>\n<p>Sau \u0219i-a amintit \u00een sf\u00e2r\u0219it de zecile de posturi TV \u0219i de sutele de portaluri web \u00eenchise de Sandu?, se \u00eentreab\u0103 Ilan \u0218or.<\/p>\n<\/div>\n","protected":false},"excerpt":{"rendered":"<div><img loading=\"lazy\" decoding=\"async\" width=\"696\" height=\"388\" src=\"https:\/\/canal5.md\/wp-content\/uploads\/2023\/12\/ilan-sor-1-1024x571-optimized.webp\" class=\"attachment-large size-large wp-post-image\" alt=\"\" srcset=\"https:\/\/canal5.md\/wp-content\/uploads\/2023\/12\/ilan-sor-1-1024x571-optimized.webp 1024w, https:\/\/canal5.md\/wp-content\/uploads\/2023\/12\/ilan-sor-1-300x167-optimized.webp 300w, https:\/\/canal5.md\/wp-content\/uploads\/2023\/12\/ilan-sor-1-768x428-optimized.webp 768w, https:\/\/canal5.md\/wp-content\/uploads\/2023\/12\/ilan-sor-1-696x388-optimized.webp 696w, https:\/\/canal5.md\/wp-content\/uploads\/2023\/12\/ilan-sor-1-1068x595-optimized.webp 1068w, https:\/\/canal5.md\/wp-content\/uploads\/2023\/12\/ilan-sor-1-jpg-optimized.webp 1080w\">Liderul Blocului \u201dVictorie\u201d, Ilan \u0218or a venit cu o reac\u021bie la declara\u021biile Ambasadorului Uniunii Europene la Chi\u0219in\u0103u, Janis Mazeiks, care a condamnat reac\u021biile din online la adresa presei a\u0219a-zis independente \u0219i a ONG-urilor din Moldova. \u00centr-o postare pe re\u021belele de socializare, politicianul a calificat afirma\u021biile diplomatului drept amuzante. \u201dEuropeanul Mazeiks condamn\u0103 h\u0103r\u021buirea presei independente din [\u2026]<\/div>\n","protected":false},"author":1,"featured_media":68496,"comment_status":"closed","ping_status":"closed","sticky":false,"template":"","format":"standard","meta":{"jnews-multi-image_gallery":[],"jnews_single_post":[],"jnews_primary_category":[],"jnews_social_meta":[],"jnews_override_counter":[],"footnotes":""},"categories":[23],"tags":[],"class_list":["post-68495","post","type-post","status-publish","format-standard","has-post-thumbnail","hentry","category-politica_ro"],"_links":{"self":[{"href":"https:\/\/orheifm.live\/index.php\/wp-json\/wp\/v2\/posts\/68495","targetHints":{"allow":["GET"]}}],"collection":[{"href":"https:\/\/orheifm.live\/index.php\/wp-json\/wp\/v2\/posts"}],"about":[{"href":"https:\/\/orheifm.live\/index.php\/wp-json\/wp\/v2\/types\/post"}],"author":[{"embeddable":true,"href":"https:\/\/orheifm.live\/index.php\/wp-json\/wp\/v2\/users\/1"}],"replies":[{"embeddable":true,"href":"https:\/\/orheifm.live\/index.php\/wp-json\/wp\/v2\/comments?post=68495"}],"version-history":[{"count":0,"href":"https:\/\/orheifm.live\/index.php\/wp-json\/wp\/v2\/posts\/68495\/revisions"}],"wp:featuredmedia":[{"embeddable":true,"href":"https:\/\/orheifm.live\/index.php\/wp-json\/wp\/v2\/media\/68496"}],"wp:attachment":[{"href":"https:\/\/orheifm.live\/index.php\/wp-json\/wp\/v2\/media?parent=68495"}],"wp:term":[{"taxonomy":"category","embeddable":true,"href":"https:\/\/orheifm.live\/index.php\/wp-json\/wp\/v2\/categories?post=68495"},{"taxonomy":"post_tag","embeddable":true,"href":"https:\/\/orheifm.live\/index.php\/wp-json\/wp\/v2\/tags?post=68495"}],"curies":[{"name":"wp","href":"https:\/\/api.w.org\/{rel}","templated":true}]}}