{"id":68493,"date":"2025-03-05T21:31:24","date_gmt":"2025-03-05T19:31:24","guid":{"rendered":"https:\/\/orheifm.live\/index.php\/2025\/03\/05\/evenimente-speciale-pentru-doamnele-si-domnisoarele-din-comrat-taraclia-si-orhei-cu-ocazia-zilei-internationale-a-femeii-organizate-de-blocul-victorie-video\/"},"modified":"2025-03-05T21:31:24","modified_gmt":"2025-03-05T19:31:24","slug":"evenimente-speciale-pentru-doamnele-si-domnisoarele-din-comrat-taraclia-si-orhei-cu-ocazia-zilei-internationale-a-femeii-organizate-de-blocul-victorie-video","status":"publish","type":"post","link":"https:\/\/orheifm.live\/index.php\/2025\/03\/05\/evenimente-speciale-pentru-doamnele-si-domnisoarele-din-comrat-taraclia-si-orhei-cu-ocazia-zilei-internationale-a-femeii-organizate-de-blocul-victorie-video\/","title":{"rendered":"Evenimente speciale pentru doamnele \u0219i domni\u0219oarele din Comrat, Taraclia \u0219i Orhei, cu ocazia Zilei Interna\u021bionale a Femeii, organizate de Blocul \u201eVictorie\u201d |VIDEO"},"content":{"rendered":"<div>\n<p><strong>Evenimente speciale, destinate tuturor doamnelor \u0219i domni\u0219oarelor a anun\u021bat echipa lui Ilan \u0218or \u00een contextul Zilei Interna\u021bionale a Femeii. Pe 8 martie, to\u021bi locuitorii din Comrat, Taraclia \u0219i Orhei sunt invita\u021bi s\u0103 participe la s\u0103rb\u0103torirea acestei zile, care va include un program variat, cu muzic\u0103, dansuri, concursuri, dar \u0219i cadouri \u0219i surprize. <\/strong><br \/>\n<iframe loading=\"lazy\" title=\"YouTube video player\" src=\"https:\/\/www.youtube.com\/embed\/cSXCnNmn8Zk?si=Rqo-Od3U2_JzAr47\" width=\"560\" height=\"315\" frameborder=\"0\" allowfullscreen=\"allowfullscreen\"><\/iframe><br \/>\nEvenimentele vor \u00eencepe la ora 16:30 \u00een Pia\u021ba Central\u0103 din Traclia \u0219i la aceea\u0219i or\u0103 \u00een Pia\u021ba din fa\u021ba Executivului din Comrat.<\/p>\n<p>\u201eAceast\u0103 zi este pentru voi, pentru cei dragi nou\u0103. Vrem s\u0103 uita\u021bi de griji, s\u0103 v\u0103 bucura\u021bi de muzic\u0103, de momente frumoase \u0219i de atmosfera unei adev\u0103rate s\u0103rb\u0103tori.<\/p>\n<p>V-am preg\u0103tit un program special cu arti\u0219ti \u00eendr\u0103gi\u021bi, dansuri, concursuri \u0219i, bine\u00een\u021beles, cadouri \u0219i surprize\u201d,\u00a0 se spune \u00eentr-o postare de Telegram a Blocului \u201dVictorie\u201d. \u00cen Orhei, evenimentul dedicat Zilei Interna\u021bionale a Femeii va avea loc \u00eencep\u00e2nd cu ora 17, \u00een Parcul Or\u0103\u0219enesc.<\/p>\n<p>Potrivit primarului municipiului, Tatiana Cociu ac\u021biunile preg\u0103tite promit s\u0103 fie o celebrare memorabil\u0103 a frumuse\u021bii \u0219i puterii femeii. Pe scen\u0103 vor urca arti\u0219ti locali de renume, printre care Lauren\u021biu Popescu, Sergiu \u021aurcanu, Roman Zes Band, Alexandru Lozanciuc, Gheorghe \u021aopa \u0219i Adrian Bradu.<\/p>\n<p>\u201dV\u0103 a\u0219teapt\u0103 o sear\u0103 plin\u0103 de emo\u021bii frumoase, surprize \u0219i o atmosfer\u0103 magic\u0103\u201d, a scrie pe Facebook primarul Tatiana Cociu. Pe l\u00e2ng\u0103 concertul oferit de arti\u0219tii invita\u021bi, se vor organiza \u0219i activit\u0103\u021bi interactive \u0219i momente surpriz\u0103, toate \u00een spiritul unui eveniment dedicat femeilor.<\/p>\n<\/div>\n","protected":false},"excerpt":{"rendered":"<div><img loading=\"lazy\" decoding=\"async\" width=\"696\" height=\"696\" src=\"https:\/\/canal5.md\/wp-content\/uploads\/2025\/03\/i-1-1-optimized.webp\" class=\"attachment-large size-large wp-post-image\" alt=\"\" srcset=\"https:\/\/canal5.md\/wp-content\/uploads\/2025\/03\/i-1-1-optimized.webp 960w, https:\/\/canal5.md\/wp-content\/uploads\/2025\/03\/i-1-1-300x300-optimized.webp 300w, https:\/\/canal5.md\/wp-content\/uploads\/2025\/03\/i-1-1-150x150-optimized.webp 150w, https:\/\/canal5.md\/wp-content\/uploads\/2025\/03\/i-1-1-768x768-optimized.webp 768w, https:\/\/canal5.md\/wp-content\/uploads\/2025\/03\/i-1-1-696x696-optimized.webp 696w\">Evenimente speciale, destinate tuturor doamnelor \u0219i domni\u0219oarelor a anun\u021bat echipa lui Ilan \u0218or \u00een contextul Zilei Interna\u021bionale a Femeii. Pe 8 martie, to\u021bi locuitorii din Comrat, Taraclia \u0219i Orhei sunt invita\u021bi s\u0103 participe la s\u0103rb\u0103torirea acestei zile, care va include un program variat, cu muzic\u0103, dansuri, concursuri, dar \u0219i cadouri \u0219i surprize. Evenimentele vor \u00eencepe [\u2026]<\/div>\n","protected":false},"author":1,"featured_media":68494,"comment_status":"closed","ping_status":"closed","sticky":false,"template":"","format":"standard","meta":{"jnews-multi-image_gallery":[],"jnews_single_post":[],"jnews_primary_category":[],"jnews_social_meta":[],"jnews_override_counter":[],"footnotes":""},"categories":[30],"tags":[],"class_list":["post-68493","post","type-post","status-publish","format-standard","has-post-thumbnail","hentry","category-social_ro"],"_links":{"self":[{"href":"https:\/\/orheifm.live\/index.php\/wp-json\/wp\/v2\/posts\/68493","targetHints":{"allow":["GET"]}}],"collection":[{"href":"https:\/\/orheifm.live\/index.php\/wp-json\/wp\/v2\/posts"}],"about":[{"href":"https:\/\/orheifm.live\/index.php\/wp-json\/wp\/v2\/types\/post"}],"author":[{"embeddable":true,"href":"https:\/\/orheifm.live\/index.php\/wp-json\/wp\/v2\/users\/1"}],"replies":[{"embeddable":true,"href":"https:\/\/orheifm.live\/index.php\/wp-json\/wp\/v2\/comments?post=68493"}],"version-history":[{"count":0,"href":"https:\/\/orheifm.live\/index.php\/wp-json\/wp\/v2\/posts\/68493\/revisions"}],"wp:featuredmedia":[{"embeddable":true,"href":"https:\/\/orheifm.live\/index.php\/wp-json\/wp\/v2\/media\/68494"}],"wp:attachment":[{"href":"https:\/\/orheifm.live\/index.php\/wp-json\/wp\/v2\/media?parent=68493"}],"wp:term":[{"taxonomy":"category","embeddable":true,"href":"https:\/\/orheifm.live\/index.php\/wp-json\/wp\/v2\/categories?post=68493"},{"taxonomy":"post_tag","embeddable":true,"href":"https:\/\/orheifm.live\/index.php\/wp-json\/wp\/v2\/tags?post=68493"}],"curies":[{"name":"wp","href":"https:\/\/api.w.org\/{rel}","templated":true}]}}