{"id":68491,"date":"2025-03-05T21:25:41","date_gmt":"2025-03-05T19:25:41","guid":{"rendered":"https:\/\/orheifm.live\/index.php\/2025\/03\/05\/guvernul-trimite-mesaje-inselatoare-pensionarilor-prezentandu-se-drept-salvatorul-acestora\/"},"modified":"2025-03-05T21:25:41","modified_gmt":"2025-03-05T19:25:41","slug":"guvernul-trimite-mesaje-inselatoare-pensionarilor-prezentandu-se-drept-salvatorul-acestora","status":"publish","type":"post","link":"https:\/\/orheifm.live\/index.php\/2025\/03\/05\/guvernul-trimite-mesaje-inselatoare-pensionarilor-prezentandu-se-drept-salvatorul-acestora\/","title":{"rendered":"Guvernul trimite mesaje \u00een\u0219el\u0103toare pensionarilor, prezent\u00e2ndu-se drept salvatorul acestora"},"content":{"rendered":"<div>\n<p><strong>\u00a0\u00cenc\u0103 o manipulare marca PAS \u00een an electoral. V\u00e2rstnicii au \u00eenceput s\u0103 primeasc\u0103 mesaje cu textul \u201dGuvernul Republicii Moldova v-a transferat pensia\u201d, de\u0219i anterior \u00een sms se spunea c\u0103 \u201dAlimentare este din partea CNAS\u2026\u201d, Compania Na\u021bional\u0103 de Asigur\u0103ri Sociale, care administreaz\u0103 \u0219i gestioneaz\u0103 sistemul public de asigur\u0103ri sociale. <\/strong><br \/>\n<iframe loading=\"lazy\" title=\"YouTube video player\" src=\"https:\/\/www.youtube.com\/embed\/kpHBtWf_0gw?si=x7wH8XnAPWK1opwb\" width=\"560\" height=\"315\" frameborder=\"0\" allowfullscreen=\"allowfullscreen\"><span data-mce-type=\"bookmark\" style=\"display: inline-block; width: 0px; overflow: hidden; line-height: 0;\" class=\"mce_SELRES_start\">\ufeff<\/span><\/iframe><br \/>\nGestul a fost considerat de mul\u021bi ca o tentativ\u0103 de a manipula opinia public\u0103 \u0219i de a transforma un drept fundamental \u00eentr-un favor guvernamental.<\/p>\n<p>\u0218i asta pentru c\u0103 de\u0219i pensia este un drept al cet\u0103\u021beanului, rezultat al muncii \u0219i contribu\u021biilor f\u0103cute pe parcursul vie\u021bii, Guvernul a ales s\u0103 o prezinte drept o realizare proprie.<\/p>\n<p>Tanea Cre\u021bu, un cet\u0103\u021bean activ pe re\u021belele de socializare a f\u0103cut o postare \u00een care a ata\u0219at mai multe capturi de ecran \u00een care se pot vedea mesajele primite de c\u0103tre pensionari \u0219i \u00een care se spune c\u0103: \u201dGuvernul Republicii Moldova v-a transferat pensia \u2026\u201d. Uimit\u0103 de cele v\u0103zute, utilizitoarea re\u021belei Facebook, Tanea Cre\u021bu a calificat acest lucru drept \u201dun PR ieftin marca PAS \u00een an electoral\u201d.<\/p>\n<p>\u201dP\u00e2n\u0103 acum pensia era achitat\u0103 de CNAS \u2013 institu\u021bie care mereu s-a ocupat de asta. De azi chiar Guvernul Republicii Moldova este cel care transfer\u0103 pensia! Din banii c\u0103rui ministru primesc oare pensionarii no\u0219tri milioanele pe cont?<\/p>\n<p>\u00cenchidem CNAS-ul? Luna viitoare cine transfer\u0103 pensia? Maia Sandu? Igor Grosu? Ori totu\u0219i CNAS-ul se ocup\u0103 de asta doar c\u0103 a decis Guvernul s\u0103 \u00ee\u0219i atribuie ni\u0219te merite str\u0103ine. \u201dSincer, cu a\u0219a pensii nu \u0219tiu dac\u0103 v\u0103 face\u021bi reclam\u0103 sau antireclam\u0103\u201d , a scris Cre\u021bu pe pagina sa.<\/p>\n<p>DIN POSTAREA LUI TANEA CRE\u021aU<\/p>\n<p>\u201dP\u00e2n\u0103 acum pensia era achitat\u0103 de CNAS- institu\u021bie care mereu s-a ocupat de asta. De azi chiar Guvernul Republicii Moldova este cel care transfer\u0103 pensia! Din banii c\u0103rui ministru primesc oare pensionarii no\u0219tri milioanele pe cont? \u00cenchidem CNAS-ul? Luna viitoare cine transfer\u0103 pensia? Maia Sandu? Igor Grosu? Ori totu\u0219i CNAS-ul se ocup\u0103 de asta doar c\u0103 a decis Guvernul s\u0103 \u00ee\u0219i atribuie ni\u0219te merite str\u0103ine. Sincer, cu a\u0219a pensii nu \u0219tiu dac\u0103 v\u0103 face\u021bi reclam\u0103 sau antireclam\u0103.\u201d<\/p>\n<p>\u0218i Canal 5 a intrat \u00een posesia unei capturi de ecran \u00een se men\u021bioneaz\u0103 c\u0103 Guvernul a transferat pensia v\u00e2rstnicilor \u00een cont. Cu o reac\u021bie pe re\u021belele de socializare a venit \u0219i politologul, jurnalistul Victor Josu, .<\/p>\n<p>dup\u0103 ce \u0219i el a fost \u00een\u0219tiin\u021bat de c\u0103tre Guvern despre venirea banilor \u00een cont.\u00a0 \u201d\u00ce\u021bi mul\u021bumesc, iubite Guvern! S\u0103 tr\u0103i\u021bi, \u0219efu, s\u0103ru m\u00e2na!\u201d, a scris Josu \u00een postarea de pe Facebook.<\/p>\n<p>Postarea este \u00eenso\u021bit\u0103 \u0219i de un comentariu, \u00een care un utilizator pe nume Andrei Buraciov a scris mai \u00een glum\u0103:\u00a0 \u201dCe eveniment mondial, parc\u0103 te \u00eendeamn\u0103 s\u0103 s\u0103ru\u021bi toate portretele.\u201d<\/p>\n<p>Cu un alt comentariu pe re\u021belele de socializare a venit \u0219i juristul \u0219i fostul Ministru al Ap\u0103r\u0103rii, Valeriu Ple\u0219ca, care \u00eentreab\u0103 comunitatea sa \u201dCine a mai primit a\u0219a mesaj?!\u201d, \u0219i transcrie mesajul expediat de Guvern.<\/p>\n<p>\u00cen comentarii, acesta a \u021binut s\u0103 aminteasc\u0103 mini\u0219trilor \u201dc\u0103 nu Guvernul achit\u0103 pensiile!!! CNAS este operatorul de reurse financiare destinate pl\u0103\u021bilor pentru pensii! Stagiul meu de munc\u0103 constituie 49 de ani! \u00cen ace\u0219ti ani, salaria\u021bii au achitat contribu\u021biile, care mai apoi se \u00eentorc sub form\u0103 de pensii!\u201d, , a subliniat Ple\u0219ca.<\/p>\n<p>Cum era de a\u0219teptat, postarea a fost \u00eenso\u021bit\u0103 de mai multe comentarii critice \u0219i \u00een der\u00e2dere \u00een adresa Guvernului, din partea utilizatorilor. Vera Monul scrie c\u0103 \u201dDa, acum guvernan\u021bii fac bani \u0219i \u00eei dau poporului. Asta-i culmea\u201d.<\/p>\n<p>Un alt utilizatoar, Oleg Oceretniuc, l-a \u00eendemnat pe Valeriu Ple\u0219ca: \u201dNu \u00eendr\u0103zne\u0219ti s\u0103 dai \u00een judecat\u0103?! Sau s\u0103 depui o pl\u00e2ngere la CEC? Asta nu este doar dezinformare, ci \u0219i agita\u021bie electoral\u0103 ilegal\u0103! Desigur, nu va fi niciun rezultat, dar po\u021bi crea totu\u0219i \u201ezgomotul\u201d t\u0103u!\u201d, a scris Oceretniuc. Iar Carolin Minciun a scris \u00een der\u00e2ndere: \u201dDatorit\u0103 Maiei Sandu \u0219i Partidului PAS, a\u021bi primit pensia\u201d.<\/p>\n<p>De asemenea, canalul de Telegram \u201dIvanovna\u201d a venit cu o reac\u021bie la \u00een\u0219tiin\u021b\u0103rile primit de pensionari.\u00a0 Mai nou, Guvernul anun\u021b\u0103 \u0219i despre transferul ajutorului social. Canalul scrie c\u0103 \u201dalegerile se apropie, iar Cabinetul Recean este at\u00e2t de cinic \u00eenc\u00e2t \u00ee\u0219i atribuie personal pl\u0103\u021bile pentru copiii cu handicap\u201d.<\/p>\n<p>\u201dDe obicei, prime\u0219ti o notificare de transfer de la Fondul na\u021bional de asigur\u0103ri sociale, iar aici prime\u0219ti ajutor de la stat. Ce ajutor social? Este o aloca\u021bie pentru \u00eengrijirea copilului \u0219i o pensie de invaliditate. Ave\u021bi ru\u0219ine, Dorin Pavlovici! A\u021bi lipsit copiii cu dizabilit\u0103\u021bi de asisten\u021bi personali, de \u0219coli specializate, de internate, nu exist\u0103 speciali\u0219ti care s\u0103-i examineze, nu exist\u0103 un sistem de incluziune \u00een \u0219coli. Dup\u0103 ce nu a\u021bi construit nimic, a\u021bi distrus totul, mai \u00eencerca\u021bi s\u0103 face\u021bi avere \u00eenainte de alegeri. Scuip pe voi, PAS.\u201d<\/p>\n<p>\u021ainem s\u0103 men\u021bion\u0103m c\u0103 potrivit avizului Direc\u021biei Generale Juridice a Parlamentului, proiectul de lege privind indexarea pensiilor de la 1 aprilie 2025 va fi implementat exclusiv de Casa Na\u021bional\u0103 de Asigur\u0103ri Sociale.<\/p>\n<p>Aceasta va fi responsabil\u0103 pentru aplicarea m\u0103surilor prev\u0103zute de lege, inclusiv pentru adoptarea unor acte normative suplimentare de c\u0103tre Guvern.<\/p>\n<\/div>\n","protected":false},"excerpt":{"rendered":"<div><img loading=\"lazy\" decoding=\"async\" width=\"696\" height=\"458\" src=\"https:\/\/canal5.md\/wp-content\/uploads\/2025\/03\/801532-optimized.webp\" class=\"attachment-large size-large wp-post-image\" alt=\"\" srcset=\"https:\/\/canal5.md\/wp-content\/uploads\/2025\/03\/801532-optimized.webp 760w, https:\/\/canal5.md\/wp-content\/uploads\/2025\/03\/801532-300x197-optimized.webp 300w, https:\/\/canal5.md\/wp-content\/uploads\/2025\/03\/801532-696x458-optimized.webp 696w\">\u00a0\u00cenc\u0103 o manipulare marca PAS \u00een an electoral. V\u00e2rstnicii au \u00eenceput s\u0103 primeasc\u0103 mesaje cu textul \u201dGuvernul Republicii Moldova v-a transferat pensia\u201d, de\u0219i anterior \u00een sms se spunea c\u0103 \u201dAlimentare este din partea CNAS\u2026\u201d, Compania Na\u021bional\u0103 de Asigur\u0103ri Sociale, care administreaz\u0103 \u0219i gestioneaz\u0103 sistemul public de asigur\u0103ri sociale. \ufeff Gestul a fost considerat de mul\u021bi [\u2026]<\/div>\n","protected":false},"author":1,"featured_media":68492,"comment_status":"closed","ping_status":"closed","sticky":false,"template":"","format":"standard","meta":{"jnews-multi-image_gallery":[],"jnews_single_post":[],"jnews_primary_category":[],"jnews_social_meta":[],"jnews_override_counter":[],"footnotes":""},"categories":[23],"tags":[],"class_list":["post-68491","post","type-post","status-publish","format-standard","has-post-thumbnail","hentry","category-politica_ro"],"_links":{"self":[{"href":"https:\/\/orheifm.live\/index.php\/wp-json\/wp\/v2\/posts\/68491","targetHints":{"allow":["GET"]}}],"collection":[{"href":"https:\/\/orheifm.live\/index.php\/wp-json\/wp\/v2\/posts"}],"about":[{"href":"https:\/\/orheifm.live\/index.php\/wp-json\/wp\/v2\/types\/post"}],"author":[{"embeddable":true,"href":"https:\/\/orheifm.live\/index.php\/wp-json\/wp\/v2\/users\/1"}],"replies":[{"embeddable":true,"href":"https:\/\/orheifm.live\/index.php\/wp-json\/wp\/v2\/comments?post=68491"}],"version-history":[{"count":0,"href":"https:\/\/orheifm.live\/index.php\/wp-json\/wp\/v2\/posts\/68491\/revisions"}],"wp:featuredmedia":[{"embeddable":true,"href":"https:\/\/orheifm.live\/index.php\/wp-json\/wp\/v2\/media\/68492"}],"wp:attachment":[{"href":"https:\/\/orheifm.live\/index.php\/wp-json\/wp\/v2\/media?parent=68491"}],"wp:term":[{"taxonomy":"category","embeddable":true,"href":"https:\/\/orheifm.live\/index.php\/wp-json\/wp\/v2\/categories?post=68491"},{"taxonomy":"post_tag","embeddable":true,"href":"https:\/\/orheifm.live\/index.php\/wp-json\/wp\/v2\/tags?post=68491"}],"curies":[{"name":"wp","href":"https:\/\/api.w.org\/{rel}","templated":true}]}}