{"id":68489,"date":"2025-03-05T21:20:21","date_gmt":"2025-03-05T19:20:21","guid":{"rendered":"https:\/\/orheifm.live\/index.php\/2025\/03\/05\/sunt-multi-oameni-respectati-fostul-profesor-al-anei-revenco-cere-sa-fie-inclus-in-lista-neagra-a-centrului-patriotvideo\/"},"modified":"2025-03-05T21:20:21","modified_gmt":"2025-03-05T19:20:21","slug":"sunt-multi-oameni-respectati-fostul-profesor-al-anei-revenco-cere-sa-fie-inclus-in-lista-neagra-a-centrului-patriotvideo","status":"publish","type":"post","link":"https:\/\/orheifm.live\/index.php\/2025\/03\/05\/sunt-multi-oameni-respectati-fostul-profesor-al-anei-revenco-cere-sa-fie-inclus-in-lista-neagra-a-centrului-patriotvideo\/","title":{"rendered":"Sunt mul\u021bi oameni respecta\u021bi. Fostul profesor al Anei Revenco cere s\u0103 fie inclus \u00een \u201elista neagr\u0103\u201d a centrului \u201ePatriot\u201d|VIDEO"},"content":{"rendered":"<div>\n<p><strong>\u00cenv\u0103\u021b\u0103torul a criticat-o pe fosta sa elev\u0103, Anna Revenco, cea care conduce centrul \u201ePatriot\u201d. Alexandr Dimitrov, fost profesor de limba \u0219i literatura rus\u0103 \u0219i fost diriginte, s-a ar\u0103tat revoltat pe re\u021belele sociale c\u0103 \u00een listele centrului \u201ePatriot\u201d au fost inclu\u0219i jurnali\u0219ti \u0219i blogheri respecta\u021bi de el, dar care sunt acuza\u021bi de activit\u0103\u021bi \u201eanti- na\u021bionale\u201d. <\/strong><br \/>\n<iframe loading=\"lazy\" title=\"YouTube video player\" src=\"https:\/\/www.youtube.com\/embed\/NGa6pI5OLTI?si=gpJ4xyt9AjGhO_Gp\" width=\"560\" height=\"315\" frameborder=\"0\" allowfullscreen=\"allowfullscreen\"><\/iframe><br \/>\nDimitrov a comparat acest centru cu controversata list\u0103 \u201eMirotvor\u021b\u201d din Ucraina.<\/p>\n<p>El a spus c\u0103 admir\u0103 ace\u0219ti oameni pentru curajul, onestitatea \u0219i g\u00e2ndirea lor liber\u0103 \u0219i, \u00een semn de solidaritate, a cerut s\u0103 fie inclus \u0219i el \u00een acea list\u0103. Dimitrov a men\u021bionat c\u0103 pentru el ar fi o onoare s\u0103 fie al\u0103turi de cei care, \u00een opinia sa, ap\u0103r\u0103 interesele na\u021bionale ale Republicii Moldova.<\/p>\n<p>CANAL 5 a \u00eencercat s\u0103 o contacteze pe Revenco pentru un comentariu \u0219i pentru a verifica dac\u0103 exist\u0103 cu adev\u0103rat o astfel de list\u0103, dar aceasta nu a r\u0103spuns nici la apeluri, nici la mesaje.<\/p>\n<p>Centrul pentru Comunicare Strategic\u0103 \u0219i Combaterea Dezinform\u0103rii a fost \u00eenfiin\u021bat \u00een 2023, la ini\u021biativa Maiei Sandu, pentru a combate dezinformarea. Bugetul centrului este de 20 de milioane de lei.<\/p>\n<p>Dup\u0103 un an de activitate, deputa\u021bii din opozi\u021bie au cerut audierea Annei Revenco \u00een Parlament, dar majoritatea PAS a respins aceast\u0103 propunere. Oficial, mandatul lui Revenco a expirat \u00eenc\u0103 din toamn\u0103, iar acum nu este clar cine conduce centrul.<\/p>\n<\/div>\n","protected":false},"excerpt":{"rendered":"<div><img loading=\"lazy\" decoding=\"async\" width=\"696\" height=\"392\" src=\"https:\/\/canal5.md\/wp-content\/uploads\/2025\/03\/288421375_386468373514977_5823551258406230048_n-900x505-1-1536x864-c-default-1024x576-optimized.webp\" class=\"attachment-large size-large wp-post-image\" alt=\"\" srcset=\"https:\/\/canal5.md\/wp-content\/uploads\/2025\/03\/288421375_386468373514977_5823551258406230048_n-900x505-1-1536x864-c-default-1024x576-optimized.webp 1024w, https:\/\/canal5.md\/wp-content\/uploads\/2025\/03\/288421375_386468373514977_5823551258406230048_n-900x505-1-1536x864-c-default-300x169-optimized.webp 300w, https:\/\/canal5.md\/wp-content\/uploads\/2025\/03\/288421375_386468373514977_5823551258406230048_n-900x505-1-1536x864-c-default-768x432-optimized.webp 768w, https:\/\/canal5.md\/wp-content\/uploads\/2025\/03\/288421375_386468373514977_5823551258406230048_n-900x505-1-1536x864-c-default-696x392-optimized.webp 696w, https:\/\/canal5.md\/wp-content\/uploads\/2025\/03\/288421375_386468373514977_5823551258406230048_n-900x505-1-1536x864-c-default-1068x601-optimized.webp 1068w, https:\/\/canal5.md\/wp-content\/uploads\/2025\/03\/288421375_386468373514977_5823551258406230048_n-900x505-1-1536x864-c-default-optimized.webp 1536w\">\u00cenv\u0103\u021b\u0103torul a criticat-o pe fosta sa elev\u0103, Anna Revenco, cea care conduce centrul \u201ePatriot\u201d. Alexandr Dimitrov, fost profesor de limba \u0219i literatura rus\u0103 \u0219i fost diriginte, s-a ar\u0103tat revoltat pe re\u021belele sociale c\u0103 \u00een listele centrului \u201ePatriot\u201d au fost inclu\u0219i jurnali\u0219ti \u0219i blogheri respecta\u021bi de el, dar care sunt acuza\u021bi de activit\u0103\u021bi \u201eanti- na\u021bionale\u201d. Dimitrov [\u2026]<\/div>\n","protected":false},"author":1,"featured_media":68490,"comment_status":"closed","ping_status":"closed","sticky":false,"template":"","format":"standard","meta":{"jnews-multi-image_gallery":[],"jnews_single_post":[],"jnews_primary_category":[],"jnews_social_meta":[],"jnews_override_counter":[],"footnotes":""},"categories":[30],"tags":[],"class_list":["post-68489","post","type-post","status-publish","format-standard","has-post-thumbnail","hentry","category-social_ro"],"_links":{"self":[{"href":"https:\/\/orheifm.live\/index.php\/wp-json\/wp\/v2\/posts\/68489","targetHints":{"allow":["GET"]}}],"collection":[{"href":"https:\/\/orheifm.live\/index.php\/wp-json\/wp\/v2\/posts"}],"about":[{"href":"https:\/\/orheifm.live\/index.php\/wp-json\/wp\/v2\/types\/post"}],"author":[{"embeddable":true,"href":"https:\/\/orheifm.live\/index.php\/wp-json\/wp\/v2\/users\/1"}],"replies":[{"embeddable":true,"href":"https:\/\/orheifm.live\/index.php\/wp-json\/wp\/v2\/comments?post=68489"}],"version-history":[{"count":0,"href":"https:\/\/orheifm.live\/index.php\/wp-json\/wp\/v2\/posts\/68489\/revisions"}],"wp:featuredmedia":[{"embeddable":true,"href":"https:\/\/orheifm.live\/index.php\/wp-json\/wp\/v2\/media\/68490"}],"wp:attachment":[{"href":"https:\/\/orheifm.live\/index.php\/wp-json\/wp\/v2\/media?parent=68489"}],"wp:term":[{"taxonomy":"category","embeddable":true,"href":"https:\/\/orheifm.live\/index.php\/wp-json\/wp\/v2\/categories?post=68489"},{"taxonomy":"post_tag","embeddable":true,"href":"https:\/\/orheifm.live\/index.php\/wp-json\/wp\/v2\/tags?post=68489"}],"curies":[{"name":"wp","href":"https:\/\/api.w.org\/{rel}","templated":true}]}}