{"id":68487,"date":"2025-03-05T21:07:29","date_gmt":"2025-03-05T19:07:29","guid":{"rendered":"https:\/\/orheifm.live\/index.php\/2025\/03\/05\/ambasadorul-ue-janis-mazeiks-apara-mass-media-controlata-de-guvernul-pas-in-ciuda-tacerii-fata-de-cenzura-si-inchiderea-televiziunilor-si-portalurilor-video\/"},"modified":"2025-03-05T21:07:29","modified_gmt":"2025-03-05T19:07:29","slug":"ambasadorul-ue-janis-mazeiks-apara-mass-media-controlata-de-guvernul-pas-in-ciuda-tacerii-fata-de-cenzura-si-inchiderea-televiziunilor-si-portalurilor-video","status":"publish","type":"post","link":"https:\/\/orheifm.live\/index.php\/2025\/03\/05\/ambasadorul-ue-janis-mazeiks-apara-mass-media-controlata-de-guvernul-pas-in-ciuda-tacerii-fata-de-cenzura-si-inchiderea-televiziunilor-si-portalurilor-video\/","title":{"rendered":"Ambasadorul UE, Janis Mazeiks, ap\u0103r\u0103 mass-media controlat\u0103 de guvernul PAS, \u00een ciuda t\u0103cerii fa\u021b\u0103 de cenzura \u0219i \u00eenchiderea televiziunilor \u0219i portalurilor |VIDEO"},"content":{"rendered":"<div>\n<p><strong>Ambasadorul Uniunii Europene, Janis Mazeiks sare \u00een ap\u0103rarea presei de buzunar a actualei guvern\u0103ri pe care tot UE o finan\u021beaz\u0103. De\u0219i, atunci c\u00e2nd PAS a \u00eenchis televiziuni \u0219i zeci de portaluri media, Majeiks a luat ap\u0103 \u00een gur\u0103 \u0219i nu a reac\u021bionat \u00een niciun fel.<\/strong><br \/>\n<iframe loading=\"lazy\" title=\"YouTube video player\" src=\"https:\/\/www.youtube.com\/embed\/cnviO6LPtLs?si=h_syf3APomN3YyBD\" width=\"560\" height=\"315\" frameborder=\"0\" allowfullscreen=\"allowfullscreen\"><\/iframe><br \/>\n\u00centr-o declara\u021bie publicat\u0103 pe re\u021belele de socializare, ambasadorul UE \u00ee\u0219i permite s\u0103 condamne reac\u021biile din online, ap\u0103rute dup\u0103 publicarea sumelor imense de bani care au finan\u021bat mass-media, pe care diplomatul o nume\u0219te \u201eindependent\u0103\u201d, dar care de fapt lustruie\u0219te imaginea guvern\u0103rii galbene. Totodat\u0103, el spune c\u0103 UE va continua s\u0103 pompeze bani pentru a\u0219a-<br \/>\nnumi\u021bii \u201ejurnali\u0219ti liberi\u201d.<\/p>\n<p>Delega\u021bia Uniunii Europene, prin vocea ambasadorului Janis Mazeiks, a prins la glas. Dup\u0103 ce jurnali\u0219tii de curte a puterii PAS s-au pl\u00e2ns c\u0103 sunt supu\u0219i unei campanii de denigrare, iat\u0103 c\u0103 finan\u021batorul acestora sare ca ars \u00een ap\u0103rarea lor.<\/p>\n<p>\u00centr-o postare plasat\u0103 pe re\u021belele de socializare Mazeiks a scris c\u0103, cit\u0103m:\u00a0 \u201dcondamn cu fermitate atacurile violente \u0219i recenta campanie de def\u0103imare online \u00eempotriva presei independente \u0219i a organiza\u021biilor societ\u0103\u021bii civile, inclusiv o tendin\u021b\u0103 \u00eengrijor\u0103toare de a folosi problema finan\u021b\u0103rii str\u0103ine pentru a stigmatiza jurnali\u0219tii \u0219i activi\u0219tii, pentru a le submina credibilitatea \u0219i rolul esen\u021bial \u00een societate,\u201d a men\u021bionat ambasadorul.<\/p>\n<p>La fel, acesta a scris c\u0103, Uniunea European\u0103 \u00ee\u0219i men\u021bine angajamentul de a sprijini mass-media independent\u0103, dar care, de fapt, \u00eendepline\u0219te cerin\u021bele conducerii PAS.<\/p>\n<p>Astfel de discursuri nu au fost \u00eens\u0103 atunci c\u00e2nd au fost \u00eenchise 15 televiziuni \u0219i peste 50 de portaluri media, iar la u\u0219a delega\u021biei UE, jurnali\u0219tii Canal 5, supu\u0219i cenzurii de c\u0103tre actuala putere, au organizat chiar \u0219i proteste. Janis Mazeiks avea gura \u0219i ochii \u00eenchi\u0219i, mass-media incomod\u0103 puterii nefiind v\u0103zut\u0103 \u0219i nici auzit\u0103.<\/p>\n<p>22 MARTIE 2024<\/p>\n<p>\u2013 V\u0103 transmitem aceast\u0103 declara\u021bie. Este \u00een englez\u0103 \u0219i \u00een limba rom\u00e2n\u0103, vrem s\u0103 le \u00eenregistra\u021bi \u0219i dac\u0103 e posiblil s\u0103 vorbim \u0219i cu domnul Mazeiks.<\/p>\n<p>\u2013 Nu, nu este posibil.<\/p>\n<p>\u2013 Dar, de ce? De ce nu este posibil, dumnealui este?<\/p>\n<p>\u2013 Nu este posibil.<\/p>\n<p>\u2013 Dar de ce, nu dore\u0219te s\u0103 ne primeasc\u0103?<\/p>\n<p>\u2013 Nu, nu, nu, este \u00een conferin\u021b\u0103, nu are cum.<\/p>\n<p>Atunci, declara\u021bii oficiale din partea delega\u021biei Uniunii Europene nu au existat. Jurnali\u0219tii c\u0103rora li sa \u00eenchis gura au trebuit s\u0103 insiste ca s\u0103 ob\u021bin\u0103 m\u0103car o reac\u021bie \u0219i atitudine din partea acesteia, care \u00eens\u0103 p\u00e2n\u0103 la urm\u0103 s-a dovedit plin\u0103 de cinism.<\/p>\n<p>\u0218i asta pentru c\u0103 \u00eentr-o declara\u021bie pentru Canal 5, Mazeiks a dat de \u00een\u021beles c\u0103 este de acord cu decizia autorit\u0103\u021bilor de a \u00eenchide televiziunile, doar c\u0103 motivarea de a retrage licen\u021bele de emisie nu a fost destul de argumentat\u0103, astfel c\u0103, misiunea UE pur \u0219i simplu a urm\u0103rit cum autorit\u0103\u021bile blocheaz\u0103 jurnali\u0219tii incomozi.<\/p>\n<p>JANIS MAZEIKS, ambasadorul UE \u00een Moldova<\/p>\n<p>Urm\u0103rim situa\u021bia \u0219i, desigur, nu am analizat investiga\u021bia care a fost efectuat\u0103 de c\u0103tre Comisia care se ocup\u0103 de investi\u021bii strategice de c\u00e2teva luni. A\u0219a c\u0103 a fost, de asemenea, luat\u0103 o decizie \u00een privin\u021ba acestui Canal, suspendarea temporar\u0103.<\/p>\n<p>\u00cen discu\u021bie a fost adus\u0103 chiar \u0219i legea cu privire la libertatea de exprimare. Se pare \u00eens\u0103 c\u0103 legea nu e pentru to\u021bi, iar principiile democra\u021biei se aplic\u0103 doar pentru presa convenabil\u0103?<\/p>\n<p>Preciz\u0103m c\u0103, reac\u021biile \u00een adresa institu\u021biilor mass-media din Republica Moldova, afiliate actualei guvern\u0103ri, au venit dup\u0103 ce \u00een spa\u021biul public a ap\u0103rut o list\u0103 cu institu\u021biile de pres\u0103 din Moldova care au beneficiat de finan\u021b\u0103ri externe inclusiv prin intermediul programelor sus\u021binute de c\u0103tre USAID, declarat\u0103 criminal\u0103 \u00een SUA.<\/p>\n<p>Pre\u0219edintele Donald Trump a criticat chiar \u0219i \u00een timpul primului s\u0103u discurs \u00een Congres aceste cheltuieli, consider\u00eendu-le o risip\u0103 pentru economia american\u0103.<\/p>\n<p>\u00cen acela\u0219i timp, opozi\u021bia politic\u0103 din Moldova a r\u0103mas indignat\u0103 de aceste dezv\u0103luiri, consider\u00eend c\u0103 prin finan\u021barea str\u0103in\u0103, institu\u021biile mass-media \u00ee\u0219i pierd echidistan\u021ba, devin compromise \u0219i se angeaz\u0103 s\u0103 slujeasc\u0103 st\u0103p\u00e2nilor care sunt aceea\u0219i \u0219i pentru PAS.<\/p>\n<\/div>\n","protected":false},"excerpt":{"rendered":"<div><img loading=\"lazy\" decoding=\"async\" width=\"696\" height=\"458\" src=\"https:\/\/canal5.md\/wp-content\/uploads\/2025\/03\/801500-optimized.webp\" class=\"attachment-large size-large wp-post-image\" alt=\"\" srcset=\"https:\/\/canal5.md\/wp-content\/uploads\/2025\/03\/801500-optimized.webp 760w, https:\/\/canal5.md\/wp-content\/uploads\/2025\/03\/801500-300x197-optimized.webp 300w, https:\/\/canal5.md\/wp-content\/uploads\/2025\/03\/801500-696x458-optimized.webp 696w\">Ambasadorul Uniunii Europene, Janis Mazeiks sare \u00een ap\u0103rarea presei de buzunar a actualei guvern\u0103ri pe care tot UE o finan\u021beaz\u0103. De\u0219i, atunci c\u00e2nd PAS a \u00eenchis televiziuni \u0219i zeci de portaluri media, Majeiks a luat ap\u0103 \u00een gur\u0103 \u0219i nu a reac\u021bionat \u00een niciun fel. \u00centr-o declara\u021bie publicat\u0103 pe re\u021belele de socializare, ambasadorul UE \u00ee\u0219i [\u2026]<\/div>\n","protected":false},"author":1,"featured_media":68488,"comment_status":"closed","ping_status":"closed","sticky":false,"template":"","format":"standard","meta":{"jnews-multi-image_gallery":[],"jnews_single_post":[],"jnews_primary_category":[],"jnews_social_meta":[],"jnews_override_counter":[],"footnotes":""},"categories":[29],"tags":[],"class_list":["post-68487","post","type-post","status-publish","format-standard","has-post-thumbnail","hentry","category-externe_ro"],"_links":{"self":[{"href":"https:\/\/orheifm.live\/index.php\/wp-json\/wp\/v2\/posts\/68487","targetHints":{"allow":["GET"]}}],"collection":[{"href":"https:\/\/orheifm.live\/index.php\/wp-json\/wp\/v2\/posts"}],"about":[{"href":"https:\/\/orheifm.live\/index.php\/wp-json\/wp\/v2\/types\/post"}],"author":[{"embeddable":true,"href":"https:\/\/orheifm.live\/index.php\/wp-json\/wp\/v2\/users\/1"}],"replies":[{"embeddable":true,"href":"https:\/\/orheifm.live\/index.php\/wp-json\/wp\/v2\/comments?post=68487"}],"version-history":[{"count":0,"href":"https:\/\/orheifm.live\/index.php\/wp-json\/wp\/v2\/posts\/68487\/revisions"}],"wp:featuredmedia":[{"embeddable":true,"href":"https:\/\/orheifm.live\/index.php\/wp-json\/wp\/v2\/media\/68488"}],"wp:attachment":[{"href":"https:\/\/orheifm.live\/index.php\/wp-json\/wp\/v2\/media?parent=68487"}],"wp:term":[{"taxonomy":"category","embeddable":true,"href":"https:\/\/orheifm.live\/index.php\/wp-json\/wp\/v2\/categories?post=68487"},{"taxonomy":"post_tag","embeddable":true,"href":"https:\/\/orheifm.live\/index.php\/wp-json\/wp\/v2\/tags?post=68487"}],"curies":[{"name":"wp","href":"https:\/\/api.w.org\/{rel}","templated":true}]}}