{"id":68485,"date":"2025-03-05T21:12:20","date_gmt":"2025-03-05T19:12:20","guid":{"rendered":"https:\/\/orheifm.live\/index.php\/2025\/03\/05\/publicitate-pe-seama-celor-saraciti-cum-a-facut-sandu-si-pas-reclama-pe-seama-indexarii-pensiilor-pentru-care-inca-nu-au-fost-gasiti-bani-video\/"},"modified":"2025-03-05T21:12:20","modified_gmt":"2025-03-05T19:12:20","slug":"publicitate-pe-seama-celor-saraciti-cum-a-facut-sandu-si-pas-reclama-pe-seama-indexarii-pensiilor-pentru-care-inca-nu-au-fost-gasiti-bani-video","status":"publish","type":"post","link":"https:\/\/orheifm.live\/index.php\/2025\/03\/05\/publicitate-pe-seama-celor-saraciti-cum-a-facut-sandu-si-pas-reclama-pe-seama-indexarii-pensiilor-pentru-care-inca-nu-au-fost-gasiti-bani-video\/","title":{"rendered":"Publicitate pe seama celor s\u0103r\u0103ci\u021bi. Cum a f\u0103cut Sandu \u0219i PAS reclam\u0103 pe seama index\u0103rii pensiilor, pentru care \u00eenc\u0103 nu au fost g\u0103si\u021bi bani |VIDEO"},"content":{"rendered":"<div>\n<p><strong>Pe m\u0103sur\u0103 ce alegerile parlamentare se apropie, actuala guvernare pare s\u0103 fi \u00eenceput campania electoral\u0103. O face chiar cu mult \u00eenainte, utiliz\u00e2nd orice mijloace pentru a-\u0219i promova imaginea. <\/strong><br \/>\n<iframe loading=\"lazy\" title=\"YouTube video player\" src=\"https:\/\/www.youtube.com\/embed\/STpgJ8JHI5o?si=GI5BDEmrRIjrPDE9\" width=\"560\" height=\"315\" frameborder=\"0\" allowfullscreen=\"allowfullscreen\"><\/iframe><br \/>\nPrin urmare, av\u00e2nd \u00een vedere contextul electoral, ministrul Muncii \u0219i Protec\u021biei Sociale, Alexei Buzu, i-a mul\u021bumit pre\u0219edintei Maia Sandu pentru indexarea pensiilor, mai exact pentru c\u0103 a f\u0103cut solicitarea de majorare.<\/p>\n<p>Asta chiar dac\u0103 atribu\u021bia nu intr\u0103 \u00een competen\u021bele pre\u0219edintelui \u0219i, mai mult dec\u00e2t at\u00e2t, \u00eencalc\u00e2nd respectivul principiu, prin solicitarea sa Maia Sandu s-a implicat \u00een activitatea Guvernului.<\/p>\n<p>Pe m\u0103sur\u0103 ce alegerile parlamentare se apropie, actuala guvernare pare s\u0103 fi \u00eenceput campania electoral\u0103. O face chiar cu mult \u00eenainte, utiliz\u00e2nd orice mijloace pentru a-\u0219i promova imaginea.<\/p>\n<p>Prin urmare, av\u00e2nd \u00een vedere contextul electoral, ministrul Muncii \u0219i Protec\u021biei Sociale, Alexei Buzu, i-a mul\u021bumit pre\u0219edintei Maia Sandu pentru indexarea pensiilor, mai exact pentru c\u0103 a f\u0103cut solicitarea de majorare. Asta chiar dac\u0103 atribu\u021bia nu intr\u0103 \u00een competen\u021bele pre\u0219edintelui \u0219i, mai mult dec\u00e2t at\u00e2t, \u00eencalc\u00e2nd respectivul principiu, prin solicitarea sa Maia Sandu s-a implicat \u00een activitatea Guvernului.<\/p>\n<p>S\u0103pt\u0103m\u00e2na trecut\u0103, Maia Sandu, f\u0103cea triumfalist anun\u021bul s\u0103u legat de pensii, care, de altfel este o ingerin\u021b\u0103 \u00een activitatea guvernului.<\/p>\n<p>MAIA SANDU, pre\u0219edintele Republicii Moldova SHAPE 25 FEBRUARIE 2025<\/p>\n<p>Am semnat legea care cre\u0219te la 3.300 de lei pensia minim\u0103 pentru oamenii care au muncit \u0219i au contribuit la Fondul Social 40 de ani sau mai mult.\u00a0 Pentru celelalte categorii de pensionari, am discutat cu Guvernul \u0219i indexarea pensiei \u00een acest an va fi la 10%.<\/p>\n<p>\u0218i iat\u0103 c\u0103 deja la \u0219edin\u021ba din 5 martie a Guvernului, ministrul Muncii, Alexei Buzu, s-a l\u0103udat cu cererea pre\u0219edintei \u0219i a solicitat mini\u0219trilor s\u0103 o \u00eendeplineasc\u0103 prin aprobarea index\u0103rii pensiilor cu 10%, f\u0103r\u0103 a men\u021biona \u00eens\u0103 c\u0103 NU exist\u0103 suficiente fonduri pentru acest demers, a\u0219a cum reiese chiar din avizul la proiectul de lege.<\/p>\n<p>ALEXEI BUZU, ministrul Muncii \u0219i Protec\u021biei Sociale<\/p>\n<p>Ast\u0103zi facem un pas important pentru a realiza solicitarea doamnei pre\u0219edinte Maia Sandu \u0219i a Parlamentului pentru a ne asigura c\u0103 \u00een acest an index\u0103m toate pensiile cu 10 procente. Ast\u0103zi vom vota un aviz pozitiv cu privire la modificarea legal\u0103 care va permite acest lucru.<\/p>\n<p>Prin urmare, reiese c\u0103 proiectul de lege privind indexarea pensiilor cu 10% este neconstitu\u021bional \u0219i asta pentru c\u0103, \u00een avizul Guvernului, se men\u021bioneaz\u0103 negru pe alb c\u0103 la \u00eenaintarea \u0219i adoptarea acestuia, nu au fost propuse sursele de finan\u021bare.<\/p>\n<p>\u201dMen\u021bion\u0103m c\u0103 propunerea respectiv\u0103 se consider\u0103 o m\u0103sur\u0103 suplimentar\u0103, a c\u0103rei implementare va condi\u021biona identificarea mijloacelor financiare din bugetul de stat.<\/p>\n<p>\u00cen concluzie, av\u00e2nd \u00een vedere lispa surselor bugetare aprobate pentru indexarea pensiilor \u00een cuantumul indicate, se propune promovarea proiectului exclusiv \u00een condi\u021biile identific\u0103rii resurselor necesare pentru implementare\u201d, se men\u021bioneaz\u0103 \u00een avizul Guvernului.<\/p>\n<p>Totu\u0219i, \u00een document se men\u021bioneaz\u0103 c\u0103 de indexare integral\u0103 nu se vor bucura to\u021bi pensionarii, iar legea este sus\u021binut\u0103 doar \u00een limita identific\u0103rii banilor pentru indexare. Nimic nou, de altfel, av\u00e2nd \u00een vedere c\u0103 \u0219i p\u00e2n\u0103 acum major\u0103rile, \u0219i acelea ne\u00eensemnate, s\u0103 f\u0103ceau, tot, nu pentru toat\u0103 lumea.<\/p>\n<p>Astfel, \u0219i de aceast\u0103 dat\u0103, coeficientul de indexare va fi aplicat doar la partea pensiei care nu dep\u0103\u0219e\u0219te salariul mediu lunar pe economie, estimat la 16.100 de lei pentru anul \u00een curs.<\/p>\n<p>\u00cen pofida a tot, Guvernul a aprobat avizul \u00een care scrie c\u0103 nu exist\u0103 bani \u0219i c\u0103 aplicarea legii depinde de disponibilitatea fondurilor.<\/p>\n<p>Totu\u0219i, prim-ministrul Dorin Recean sus\u021bine \u00eencrezut c\u0103 fonduri exist\u0103, dup\u0103 ce a fost \u00eentrebat de jurnali\u0219ti de unde va g\u0103si bani.<\/p>\n<p>DORIN RECEAN, prim-ministrul Republicii Moldova<\/p>\n<p>\u2013 Vom avea o situa\u021bie ca \u00een anii preceden\u021bi s\u0103 se ia de la un fond, de exemplu, de la investi\u021bii s\u0103 se dea la pensii, din Fondul Rutier cum a fost \u00een anul trecut?<\/p>\n<p>\u2013 Anterior nu au existat a\u0219a practici dec\u00e2t \u00eentr-o m\u0103sur\u0103 foarte limitat\u0103.<\/p>\n<p>Banii sunt \u00een buget \u0219i iat\u0103 Guvernul \u00eei aloc\u0103 pentru ca s\u0103 index\u0103m pensiile cu 10 la sut\u0103.<\/p>\n<p>\u2013 C\u00e2t ar putea s\u0103 coste aceast\u0103\u2026?<\/p>\n<p>\u2013 Aproximativ 2 miliarde \u0219i pu\u021bin, 2 miliarde 400 de lei va costa aceast\u0103 indexare.<\/p>\n<p>Curios, de ce suma men\u021bionat\u0103 de Recean \u0219i sursa ei nu se reg\u0103sesc \u0219i \u00een documentul oficial? Poate de aceea c\u0103, de fapt, ace\u0219ti bani nu exist\u0103? \u00centre timp, Direc\u021bia Juridic\u0103 a Parlamentului, \u00een concluzia sa asupra proiectului de lege, emis\u0103 \u00eenainte de votul din prima lectur\u0103, a atras aten\u021bia guvernului asupra necesit\u0103\u021bii de a face modific\u0103rile corespunz\u0103toare \u00een legea bugetului, iar guvernul trebuie s\u0103 fac\u0103 acest lucru \u00een termenul stabilit de lege.<\/p>\n<p>Totu\u0219i, dup\u0103 cum se \u0219tie, autorit\u0103\u021bile PAS nu sunt la prima abatere de la respectarea normelor legale. Mai ales atunci c\u00e2nd este \u00een joc o astfel de campanie de PR.<br \/>\nEste important s\u0103 men\u021bion\u0103m c\u0103, a adopta un proiect de lege f\u0103r\u0103 a preciza sursele financiare, este o problem\u0103 \u0219i \u00eencalc\u0103 reglement\u0103rile legale.<\/p>\n<p>\u00cen acest sens, propunerea de a aproba un proiect de lege \u00een prim\u0103 lectur\u0103, \u00een Parlament, f\u0103r\u0103 a avea o claritate asupra surselor financiare duce la incertitudini \u0219i riscuri pentru implementarea m\u0103surilor anun\u021bate.<\/p>\n<p>Acest lucru nu a \u00eempiedicat-o pe Maia Sandu s\u0103 sus\u021bin\u0103 c\u0103 Guvernul ar fi g\u0103sit fonduri pentru indexare, \u00eens\u0103 afirma\u021bia poate fi considerat\u0103 fals\u0103, av\u00e2nd \u00een vedere c\u0103, \u00een aviz, s-a anun\u021bat c\u0103 resursele nu au fost identificate.<\/p>\n<p>\u021ainem s\u0103 reamintim c\u0103, Maia Sandu nu \u0219i-a \u00eendeplinit promisiunile nici \u00een primul mandat, atunci c\u00e2nd le spunea v\u00e2rstnicilor c\u0103 pensia va ajunge p\u00e2n\u0103 la 2000 de lei, iar acum a promis din nou majorarea acestei indemniza\u021bii, \u00eens\u0103 doare pentru cei \u201dcare au lucrat 40 de ani sau mai mult.\u201d<\/p>\n<p>Toate promisiunile sunt f\u0103cute \u00een condi\u021biile \u00een care autorit\u0103\u021bile nu au returnat \u00eenc\u0103 pensionarilor ceea ce, de fapt, le-au furat \u00eenc\u0103 din 2023. Atunci, pentru prima dat\u0103 \u00een istoria Moldovei, guvernul \u0219i majoritatea parlamentar\u0103 PAS au \u00eenc\u0103lcat grav legea, index\u00e2nd pensiile cu doar 15 la sut\u0103, de\u0219i infla\u021bia a fost mai mare de 30 de procente.<\/p>\n<p>Deputa\u021bii grupului parlamentar \u201dVictorie\u201d au propus zilele trecute majorarea pensiilor cu 15%. Amendamentul oficial la proiectul de lege a fost expediat Comisiei parlamentare pentru protec\u021bie social\u0103, s\u0103n\u0103tate \u0219i familie.<\/p>\n<p>Autorii ini\u021biativei consider\u0103 c\u0103 indexarea planificat\u0103 a pensiilor cu 10%, \u00eencep\u00e2nd cu 1 aprilie, nu acoper\u0103 cre\u0219terea real\u0103 a pre\u021burilor. Produsele, medicamentele \u0219i serviciile comunale se scumpesc, iar infla\u021bia din ultimii ani a redus semnificativ nivelul de trai al pensionarilor.<\/p>\n<\/div>\n","protected":false},"excerpt":{"rendered":"<div><img loading=\"lazy\" decoding=\"async\" width=\"696\" height=\"392\" src=\"https:\/\/canal5.md\/wp-content\/uploads\/2025\/03\/1d391b95f35463466196f8d9e710e0d3-optimized.jpg\" class=\"attachment-large size-large wp-post-image\" alt=\"\" srcset=\"https:\/\/canal5.md\/wp-content\/uploads\/2025\/03\/1d391b95f35463466196f8d9e710e0d3-optimized.jpg 809w, https:\/\/canal5.md\/wp-content\/uploads\/2025\/03\/1d391b95f35463466196f8d9e710e0d3-300x169-optimized.jpg 300w, https:\/\/canal5.md\/wp-content\/uploads\/2025\/03\/1d391b95f35463466196f8d9e710e0d3-768x433-optimized.jpg 768w, https:\/\/canal5.md\/wp-content\/uploads\/2025\/03\/1d391b95f35463466196f8d9e710e0d3-696x392-optimized.jpg 696w\">Pe m\u0103sur\u0103 ce alegerile parlamentare se apropie, actuala guvernare pare s\u0103 fi \u00eenceput campania electoral\u0103. O face chiar cu mult \u00eenainte, utiliz\u00e2nd orice mijloace pentru a-\u0219i promova imaginea. Prin urmare, av\u00e2nd \u00een vedere contextul electoral, ministrul Muncii \u0219i Protec\u021biei Sociale, Alexei Buzu, i-a mul\u021bumit pre\u0219edintei Maia Sandu pentru indexarea pensiilor, mai exact pentru c\u0103 a [\u2026]<\/div>\n","protected":false},"author":1,"featured_media":68486,"comment_status":"closed","ping_status":"closed","sticky":false,"template":"","format":"standard","meta":{"jnews-multi-image_gallery":[],"jnews_single_post":[],"jnews_primary_category":[],"jnews_social_meta":[],"jnews_override_counter":[],"footnotes":""},"categories":[23],"tags":[],"class_list":["post-68485","post","type-post","status-publish","format-standard","has-post-thumbnail","hentry","category-politica_ro"],"_links":{"self":[{"href":"https:\/\/orheifm.live\/index.php\/wp-json\/wp\/v2\/posts\/68485","targetHints":{"allow":["GET"]}}],"collection":[{"href":"https:\/\/orheifm.live\/index.php\/wp-json\/wp\/v2\/posts"}],"about":[{"href":"https:\/\/orheifm.live\/index.php\/wp-json\/wp\/v2\/types\/post"}],"author":[{"embeddable":true,"href":"https:\/\/orheifm.live\/index.php\/wp-json\/wp\/v2\/users\/1"}],"replies":[{"embeddable":true,"href":"https:\/\/orheifm.live\/index.php\/wp-json\/wp\/v2\/comments?post=68485"}],"version-history":[{"count":0,"href":"https:\/\/orheifm.live\/index.php\/wp-json\/wp\/v2\/posts\/68485\/revisions"}],"wp:featuredmedia":[{"embeddable":true,"href":"https:\/\/orheifm.live\/index.php\/wp-json\/wp\/v2\/media\/68486"}],"wp:attachment":[{"href":"https:\/\/orheifm.live\/index.php\/wp-json\/wp\/v2\/media?parent=68485"}],"wp:term":[{"taxonomy":"category","embeddable":true,"href":"https:\/\/orheifm.live\/index.php\/wp-json\/wp\/v2\/categories?post=68485"},{"taxonomy":"post_tag","embeddable":true,"href":"https:\/\/orheifm.live\/index.php\/wp-json\/wp\/v2\/tags?post=68485"}],"curies":[{"name":"wp","href":"https:\/\/api.w.org\/{rel}","templated":true}]}}