{"id":68483,"date":"2025-03-05T21:04:16","date_gmt":"2025-03-05T19:04:16","guid":{"rendered":"https:\/\/orheifm.live\/index.php\/2025\/03\/05\/sociologul-ian-lisnevschi-de-ce-se-temea-pas-de-dragalin-si-cum-isi-consolideaza-autoritatile-pozitiile-inainte-de-alegeri-video\/"},"modified":"2025-03-05T21:04:16","modified_gmt":"2025-03-05T19:04:16","slug":"sociologul-ian-lisnevschi-de-ce-se-temea-pas-de-dragalin-si-cum-isi-consolideaza-autoritatile-pozitiile-inainte-de-alegeri-video","status":"publish","type":"post","link":"https:\/\/orheifm.live\/index.php\/2025\/03\/05\/sociologul-ian-lisnevschi-de-ce-se-temea-pas-de-dragalin-si-cum-isi-consolideaza-autoritatile-pozitiile-inainte-de-alegeri-video\/","title":{"rendered":"Sociologul Ian Lisnevschi: De ce se temea PAS de Dragalin \u0219i cum \u00ee\u0219i consolideaz\u0103 autorit\u0103\u021bile pozi\u021biile \u00eenainte de alegeri |VIDEO"},"content":{"rendered":"<div>\n<p><strong>Veronica Dragalin ar fi putut deveni o figur\u0103 capabil\u0103 s\u0103 dezv\u0103luie abuzurile financiare legate de USAID, motiv pentru care plecarea sa a fost inevitabil\u0103. Acest lucru a fost declarat \u00een cadrul emisiunii de la CANAL 5 de sociologul Ian Lisnevschi, care a legat demisia sa din func\u021bia de \u0219ef al Procuraturii Anticorup\u021bie de venirea la putere \u00een Statele Unite a lui Donald Trump. <\/strong><br \/>\n<iframe loading=\"lazy\" title=\"YouTube video player\" src=\"https:\/\/www.youtube.com\/embed\/6Qd4UF5kHAE?si=JYS9rPrQM7LFTjBd\" width=\"560\" height=\"315\" frameborder=\"0\" allowfullscreen=\"allowfullscreen\"><\/iframe><br \/>\nPotrivit expertului, autorit\u0103\u021bile aflate \u00een func\u021bie, \u00een loc s\u0103 apere interesele na\u021bionale, continu\u0103 s\u0103 dezbine societatea, manipul\u00e2nd faptele istorice \u0219i cre\u00e2nd conflicte artificiale.<\/p>\n<p>\u00cen acela\u0219i timp, partidul de la guvernare PAS, \u00een opinia sociologului, a \u00eenceput deja o campanie electoral\u0103 ascuns\u0103 \u0219i \u00eencearc\u0103 s\u0103 elimine concuren\u021ba, \u00een timp ce problemele economice \u0219i sociale reale r\u0103m\u00e2n nerezolvate.<\/p>\n<p>Veronica Dragalin a fost for\u021bat\u0103 s\u0103 demisioneze din func\u021bia de procuror \u0219ef al Procuraturii Anticorup\u021bie din cauza fricii legate de ancheta privind abuzurile finan\u021b\u0103rii USAID \u00een Moldova. Aceasta este opinia sociologului Ian Lisnevschi, exprimat\u0103 \u00een cadrul unei emisiuni de la CANAL5.<\/p>\n<p>El consider\u0103 c\u0103 Dragalin f\u0103cea parte din sistemul a\u0219a-numitelor \u201estate paralele\u201d pe care Statele Unite le creeaz\u0103 \u00een alte \u021b\u0103ri pentru a-\u0219i sus\u021bine interesele. \u00cen opinia lui Lisnevschi, plecarea ei a fost predefinit\u0103 odat\u0103 cu alegerea lui Donald Trump ca pre\u0219edinte.<\/p>\n<p>IAN LISNEVSCHI, sociolog<\/p>\n<p>\u00cen momentul \u00een care Trump a preluat func\u021bia, era clar c\u0103 Dragalin, s\u0103 spunem a\u0219a, nu \u00ee\u0219i va \u00eendeplini toate atribu\u021biile p\u00e2n\u0103 la finalul mandatului. \u00cen opinia mea, Dragalin a fost unul dintre juc\u0103torii conducerii paralele. Ea era de partea republicanilor. Iar acum, ceea ce se va \u00eent\u00e2mpla \u00een multe \u021b\u0103ri europene este analiza finan\u021b\u0103rilor USAID, iar procurorii se vor ocupa \u00een mod prioritar de acest lucru.<\/p>\n<p>Toat\u0103 lumea \u00een\u021belegea c\u0103 Dragalin ar fi putut deveni acel mecanism care ar fi putut scoate la iveal\u0103 toate aceste probleme financiare pe care le-a avut Republica Moldova \u2013 c\u00e2teva sute de milioane, \u0219i, s\u0103 spunem a\u0219a, le-ar fi dezv\u0103luit. Iar pentru ca acest lucru s\u0103 nu se \u00eent\u00e2mple, \u00eentr-adev\u0103r, au trebuit eliminate toate riscurile.<\/p>\n<p>Expertul consider\u0103 foarte periculoase \u00eencerc\u0103rile autorit\u0103\u021bilor de a \u00eemp\u0103r\u021bi oamenii, inclusiv prin rescrierea istoriei.<\/p>\n<p>S\u0103 ne amintim c\u0103 recent \u00een societate s-a st\u00e2rnit un val de indignare legat\u0103 de manualele de istorie pentru clasa a 12-a, \u00een care se \u00eencearc\u0103 justificarea dictatorului nazist Ion Antonescu, precum \u0219i de interpretarea piesei \u201eKatiusha\u201d la festivalul \u201eM\u0103r\u021bi\u0219or\u201d, despre care Ministerul Culturii a men\u021bionat c\u0103 ar putea contribui la destabilizarea situa\u021biei din Moldova. Ian Lisnevschi a \u00eendemnat oamenii s\u0103 nu se lase manipula\u021bi.<\/p>\n<p>IAN LISNEVSCHI, sociolog<\/p>\n<p>Pentru mine, astfel de declara\u021bii sunt foarte periculoase. De ce? Voi da un exemplu. \u00cen lag\u0103rul de concentrare Bogdanovka, care se afla nu departe de Odesa, \u00een care au murit mii de moldoveni, \u00een doar trei luni au fost uci\u0219i peste 150.000 de oameni.<\/p>\n<p>Posibil c\u0103 acolo erau ru\u0219i, posibil ucraineni, poate erau \u0219i \u021bigani, polonezi, pentru c\u0103 de na\u021bionalitate fiind polonez, cunosc toate aceste pove\u0219ti. \u0218i consider c\u0103 este o crim\u0103 atunci c\u00e2nd politicienii sau comentatorii \u00eencurajeaz\u0103 anumite conflicte negative.<\/p>\n<p>\u0218i a\u0219 cere telespectatorilor, nu conteaz\u0103 pentru cine vota\u021bi, s\u0103 nu ceda\u021bi acestor manipul\u0103ri, pentru c\u0103 politicienii se vor uni foarte rapid, indiferent dac\u0103 sunt sociali\u0219ti, PAS sau din alte partide.<\/p>\n<p>Sociologul consider\u0103 c\u0103 partidul aflat la guvernare PAS a \u00eenceput deja campania electoral\u0103 pentru alegerile parlamentare din acest an, \u00eencerc\u00e2nd s\u0103 \u00ee\u0219i corecteze imaginea \u0219i concentr\u00e2ndu-\u0219i toate for\u021bele pentru a elimina concuren\u021bii.<\/p>\n<p>IAN LISNEVSCHI, sociolog<\/p>\n<p>Da, acesta este un scenariu vechi, pentru c\u0103 partidul aflat la putere nu are argumente puternice \u00een acest sens. \u00centr-adev\u0103r, \u00een patru ani trebuie s\u0103 \u00eentreprinzi ceva pentru a reduce, cumva, nemul\u021bumirile. Vor fi, cu siguran\u021b\u0103, promisiuni. Plusul pentru PAS este c\u0103 au \u00eenceput deja campania electoral\u0103 \u00eentr-un moment \u00een care opozi\u021bia \u00eenc\u0103 nu \u00een\u021belege ce se \u00eent\u00e2mpl\u0103.<\/p>\n<p>Demisia Veronic\u0103i Dragalin, controversele legate de manualele de istorie, acuza\u021biile de destabilizare din cauza interpret\u0103rii unei melodii \u2013 toate aceste evenimente arat\u0103 c\u0103 \u00een \u021bar\u0103 continu\u0103 jocurile politice, \u00een care partidul aflat la putere \u00eencearc\u0103 s\u0103 controleze agenda \u0219i s\u0103 formeze opinia public\u0103 \u00een favoarea sa.<\/p>\n<p>Exper\u021bii avertizeaz\u0103: \u00een condi\u021biile unei influen\u021be externe tot mai mari \u0219i a unei instabilit\u0103\u021bi interne cresc\u00e2nde, Moldova risc\u0103 s\u0103 \u00ee\u0219i piard\u0103 definitiv independen\u021ba \u00een luarea deciziilor. \u00cen loc s\u0103 rezolve problemele reale ale cet\u0103\u021benilor \u2013 lupta cu problemele economice, cre\u0219terea pre\u021burilor, corup\u021bia \u2013 autorit\u0103\u021bile, \u00een opinia lui Ian Lisnevschi, \u00ee\u0219i concentreaz\u0103 toate for\u021bele pe lupta cu opozi\u021bia \u0219i pe \u00eencerc\u0103rile de a p\u0103stra puterea.<\/p>\n<\/div>\n","protected":false},"excerpt":{"rendered":"<div><img loading=\"lazy\" decoding=\"async\" width=\"696\" height=\"441\" src=\"https:\/\/canal5.md\/wp-content\/uploads\/2025\/03\/f357034e936e17959f502770bdd9b143-1024x649-optimized.jpg\" class=\"attachment-large size-large wp-post-image\" alt=\"\" srcset=\"https:\/\/canal5.md\/wp-content\/uploads\/2025\/03\/f357034e936e17959f502770bdd9b143-1024x649-optimized.jpg 1024w, https:\/\/canal5.md\/wp-content\/uploads\/2025\/03\/f357034e936e17959f502770bdd9b143-300x190-optimized.jpg 300w, https:\/\/canal5.md\/wp-content\/uploads\/2025\/03\/f357034e936e17959f502770bdd9b143-768x487-optimized.jpg 768w, https:\/\/canal5.md\/wp-content\/uploads\/2025\/03\/f357034e936e17959f502770bdd9b143-696x441-optimized.jpg 696w, https:\/\/canal5.md\/wp-content\/uploads\/2025\/03\/f357034e936e17959f502770bdd9b143-1068x677-optimized.jpg 1068w, https:\/\/canal5.md\/wp-content\/uploads\/2025\/03\/f357034e936e17959f502770bdd9b143-optimized.jpg 1431w\">Veronica Dragalin ar fi putut deveni o figur\u0103 capabil\u0103 s\u0103 dezv\u0103luie abuzurile financiare legate de USAID, motiv pentru care plecarea sa a fost inevitabil\u0103. Acest lucru a fost declarat \u00een cadrul emisiunii de la CANAL 5 de sociologul Ian Lisnevschi, care a legat demisia sa din func\u021bia de \u0219ef al Procuraturii Anticorup\u021bie de venirea la [\u2026]<\/div>\n","protected":false},"author":1,"featured_media":68484,"comment_status":"closed","ping_status":"closed","sticky":false,"template":"","format":"standard","meta":{"jnews-multi-image_gallery":[],"jnews_single_post":[],"jnews_primary_category":[],"jnews_social_meta":[],"jnews_override_counter":[],"footnotes":""},"categories":[23],"tags":[],"class_list":["post-68483","post","type-post","status-publish","format-standard","has-post-thumbnail","hentry","category-politica_ro"],"_links":{"self":[{"href":"https:\/\/orheifm.live\/index.php\/wp-json\/wp\/v2\/posts\/68483","targetHints":{"allow":["GET"]}}],"collection":[{"href":"https:\/\/orheifm.live\/index.php\/wp-json\/wp\/v2\/posts"}],"about":[{"href":"https:\/\/orheifm.live\/index.php\/wp-json\/wp\/v2\/types\/post"}],"author":[{"embeddable":true,"href":"https:\/\/orheifm.live\/index.php\/wp-json\/wp\/v2\/users\/1"}],"replies":[{"embeddable":true,"href":"https:\/\/orheifm.live\/index.php\/wp-json\/wp\/v2\/comments?post=68483"}],"version-history":[{"count":0,"href":"https:\/\/orheifm.live\/index.php\/wp-json\/wp\/v2\/posts\/68483\/revisions"}],"wp:featuredmedia":[{"embeddable":true,"href":"https:\/\/orheifm.live\/index.php\/wp-json\/wp\/v2\/media\/68484"}],"wp:attachment":[{"href":"https:\/\/orheifm.live\/index.php\/wp-json\/wp\/v2\/media?parent=68483"}],"wp:term":[{"taxonomy":"category","embeddable":true,"href":"https:\/\/orheifm.live\/index.php\/wp-json\/wp\/v2\/categories?post=68483"},{"taxonomy":"post_tag","embeddable":true,"href":"https:\/\/orheifm.live\/index.php\/wp-json\/wp\/v2\/tags?post=68483"}],"curies":[{"name":"wp","href":"https:\/\/api.w.org\/{rel}","templated":true}]}}