{"id":68481,"date":"2025-03-05T21:02:30","date_gmt":"2025-03-05T19:02:30","guid":{"rendered":"https:\/\/orheifm.live\/index.php\/2025\/03\/05\/donald-trump-promite-sa-puna-capat-razboiului-din-ucraina-si-sa-arboreze-drapelul-sua-pe-marte-in-cadrul-unui-discurs-istoric-in-fata-congresului-video\/"},"modified":"2025-03-05T21:02:30","modified_gmt":"2025-03-05T19:02:30","slug":"donald-trump-promite-sa-puna-capat-razboiului-din-ucraina-si-sa-arboreze-drapelul-sua-pe-marte-in-cadrul-unui-discurs-istoric-in-fata-congresului-video","status":"publish","type":"post","link":"https:\/\/orheifm.live\/index.php\/2025\/03\/05\/donald-trump-promite-sa-puna-capat-razboiului-din-ucraina-si-sa-arboreze-drapelul-sua-pe-marte-in-cadrul-unui-discurs-istoric-in-fata-congresului-video\/","title":{"rendered":"Donald Trump promite s\u0103 pun\u0103 cap\u0103t r\u0103zboiului din Ucraina \u0219i s\u0103 arboreze drapelul SUA pe Marte, \u00een cadrul unui discurs istoric \u00een fa\u021ba Congresului |VIDEO"},"content":{"rendered":"<div>\n<p><strong>\u00a0Donald Trump a sus\u021binut primul s\u0103u discurs \u00een fa\u021ba Congresului dup\u0103 preluarea func\u021biei. \u00cen aceast\u0103 alocu\u021biune, Trump a anun\u021bat c\u0103 a primit o scrisoare de la Vladimir Zelensky, \u00een care acesta \u00ee\u0219i exprim\u0103 regretul pentru cele \u00eent\u00e2mplate \u00een cadrul negocierilor \u0219i c\u0103 este preg\u0103tit s\u0103 se a\u0219eze c\u00e2t mai cur\u00e2nd la masa discu\u021biilor de pace, precum \u0219i s\u0103 revin\u0103 la semnarea unui acord cu SUA privind metalele rare. <\/strong><br \/>\n<iframe loading=\"lazy\" title=\"YouTube video player\" src=\"https:\/\/www.youtube.com\/embed\/m7ZqAY592jo?si=0rL5QrXmhGpZy1TU\" width=\"560\" height=\"315\" frameborder=\"0\" allowfullscreen=\"allowfullscreen\"><\/iframe><br \/>\n\u201eApreciez c\u0103 a scris aceast\u0103 scrisoare\u201d, a spus pre\u0219edintele american. Totu\u0219i, dup\u0103 cum s-a dovedit, este vorba despre o postare a l lui Vladimir Zelensky publicat\u0103 pe re\u021beaua social\u0103 X, \u0219i nu despre un mesaj direct adresat colegului s\u0103u american.<\/p>\n<p>De\u0219i discursul lui Donald Trump \u00een fa\u021ba Congresului a fost \u00een mare parte dedicat problemelor interne \u0219i afacerilor din Statele Unite, \u00een alocu\u021biunea sa, el a abordat \u0219i tema r\u0103zboiului din Ucraina.<\/p>\n<p>DONALD TRUMP, pre\u0219edintele SUA<\/p>\n<p>Ast\u0103zi am primit o scrisoare important\u0103 de la pre\u0219edintele Ucrainei, Zelensky. \u00cen ea se men\u021bioneaz\u0103 c\u0103 Ucraina este preg\u0103tit\u0103 s\u0103 se a\u0219eze c\u00e2t mai cur\u00e2nd la masa negocierilor pentru a apropia pacea durabil\u0103. El a spus c\u0103 nimeni nu dore\u0219te pacea mai mult dec\u00e2t ucrainenii.<\/p>\n<p>Adev\u0103rul este c\u0103, dup\u0103 cum scrie presa ucrainean\u0103, Zelensky nu i-a trimis nicio scrisoare lui Trump. Sergey Nikiforov, comunicatorul liderului de la Kiev, a declarat \u00eentr-un comentariu pentru LIGA.net c\u0103 Trump, \u00een discursul s\u0103u, s-a referit la o postare f\u0103cut\u0103 de Zelensky pe re\u021beaua social\u0103 X. Ambasadorul Ucrainei \u00een SUA, Oksana Markarova, a scris \u0219i ea pe Facebook c\u0103 Trump a citit \u00een Congres o postare de pe re\u021belele sociale ale pre\u0219edintelui ucrainean.<\/p>\n<p>Continu\u00e2nd tema reglement\u0103rii conflictului din Ucraina, Donald Trump a declarat c\u0103 au avut loc simultan negocieri serioase cu Rusia \u0219i au fost primite, citez, \u201esemnale puternice c\u0103 sunt gata pentru pace\u201d.<\/p>\n<p>El a reamintit c\u0103, timp de trei ani, principalele cheltuieli pentru sus\u021binerea Ucrainei au fost suportate de Statele Unite, \u00een timp ce Europa, aflat\u0103 aproape de conflict, a cheltuit mai mul\u021bi bani pentru achizi\u021bionarea de petrol \u0219i gaz rusesc dec\u00e2t pentru ap\u0103rarea Ucrainei.<\/p>\n<p>DONALD TRUMP, pre\u0219edintele SUA<\/p>\n<p>Este timpul s\u0103 punem cap\u0103t acestei nebunii, este timpul s\u0103 oprim uciderile, este timpul s\u0103 \u00eencheiem acest r\u0103zboi inutil, iar dac\u0103 dori\u021bi s\u0103 \u00eencheia\u021bi r\u0103zboiul, trebuie s\u0103 discuta\u021bi cu ambele p\u0103r\u021bi.<\/p>\n<p>Republicanii au \u00eent\u00e2mpinat aceste cuvinte ale lui Trump, de altfel, nu pentru prima dat\u0103, cu aplauze, ridic\u00e2ndu-se de pe locurile lor .<\/p>\n<p>Partea democratic\u0103 a audien\u021bei a ascultat \u00een t\u0103cere. \u00cen cadrul discursului s\u0103u \u00een Congres, Donald Trump a promis \u00eenc\u0103 o dat\u0103 c\u0103 va \u00eentoarce Statelor Unite Canalul Panama. De asemenea, el s-a adresat locuitorilor din Groenlanda, spun\u00e2nd c\u0103, dac\u0103 ace\u0219tia vor decide s\u0103 se al\u0103ture SUA, el va sprijini acest lucru.<\/p>\n<p>\u201eA\u0219a sau altfel, vom reu\u0219i acest lucru\u201d, a ad\u0103ugat Donald Trump, promi\u021b\u00e2nd c\u0103 locuitorii din Groenlanda vor deveni, \u00een rezultat, mult mai boga\u021bi. La finalul discursului s\u0103u, pre\u0219edintele Statelor Unite a promis c\u0103 va ridica steagul american pe Marte \u0219i \u201echiar \u0219i mult dincolo de aceast\u0103 planet\u0103\u201d.<\/p>\n<p>DONALD TRUMP, pre\u0219edintele SUA<\/p>\n<p>Vom cuceri vastele t\u0103r\u00e2muri ale \u0219tiin\u021bei, vom conduce umanitatea \u00een cosmos \u0219i vom ridica steagul american pe planeta Marte \u0219i chiar mai departe\u2026<\/p>\n<p>Discursul lui Donald Trump \u00een Congres a durat mai mult de o or\u0103 \u0219i jum\u0103tate, fiind plin de cifre, iar toate acestea au fost spuse de pre\u0219edintele \u00een v\u00e2rst\u0103 de 78 de ani f\u0103r\u0103 a folosi o foaie de h\u00e2rtie.<\/p>\n<\/div>\n","protected":false},"excerpt":{"rendered":"<div><img loading=\"lazy\" decoding=\"async\" width=\"696\" height=\"337\" src=\"https:\/\/canal5.md\/wp-content\/uploads\/2025\/01\/trump-2546104-1280-optimized.jpg\" class=\"attachment-large size-large wp-post-image\" alt=\"\" srcset=\"https:\/\/canal5.md\/wp-content\/uploads\/2025\/01\/trump-2546104-1280-optimized.jpg 770w, https:\/\/canal5.md\/wp-content\/uploads\/2025\/01\/trump-2546104-1280-300x145-optimized.jpg 300w, https:\/\/canal5.md\/wp-content\/uploads\/2025\/01\/trump-2546104-1280-768x372-optimized.jpg 768w, https:\/\/canal5.md\/wp-content\/uploads\/2025\/01\/trump-2546104-1280-696x337-optimized.jpg 696w\">\u00a0Donald Trump a sus\u021binut primul s\u0103u discurs \u00een fa\u021ba Congresului dup\u0103 preluarea func\u021biei. \u00cen aceast\u0103 alocu\u021biune, Trump a anun\u021bat c\u0103 a primit o scrisoare de la Vladimir Zelensky, \u00een care acesta \u00ee\u0219i exprim\u0103 regretul pentru cele \u00eent\u00e2mplate \u00een cadrul negocierilor \u0219i c\u0103 este preg\u0103tit s\u0103 se a\u0219eze c\u00e2t mai cur\u00e2nd la masa discu\u021biilor de pace, [\u2026]<\/div>\n","protected":false},"author":1,"featured_media":68482,"comment_status":"closed","ping_status":"closed","sticky":false,"template":"","format":"standard","meta":{"jnews-multi-image_gallery":[],"jnews_single_post":[],"jnews_primary_category":[],"jnews_social_meta":[],"jnews_override_counter":[],"footnotes":""},"categories":[29],"tags":[],"class_list":["post-68481","post","type-post","status-publish","format-standard","has-post-thumbnail","hentry","category-externe_ro"],"_links":{"self":[{"href":"https:\/\/orheifm.live\/index.php\/wp-json\/wp\/v2\/posts\/68481","targetHints":{"allow":["GET"]}}],"collection":[{"href":"https:\/\/orheifm.live\/index.php\/wp-json\/wp\/v2\/posts"}],"about":[{"href":"https:\/\/orheifm.live\/index.php\/wp-json\/wp\/v2\/types\/post"}],"author":[{"embeddable":true,"href":"https:\/\/orheifm.live\/index.php\/wp-json\/wp\/v2\/users\/1"}],"replies":[{"embeddable":true,"href":"https:\/\/orheifm.live\/index.php\/wp-json\/wp\/v2\/comments?post=68481"}],"version-history":[{"count":0,"href":"https:\/\/orheifm.live\/index.php\/wp-json\/wp\/v2\/posts\/68481\/revisions"}],"wp:featuredmedia":[{"embeddable":true,"href":"https:\/\/orheifm.live\/index.php\/wp-json\/wp\/v2\/media\/68482"}],"wp:attachment":[{"href":"https:\/\/orheifm.live\/index.php\/wp-json\/wp\/v2\/media?parent=68481"}],"wp:term":[{"taxonomy":"category","embeddable":true,"href":"https:\/\/orheifm.live\/index.php\/wp-json\/wp\/v2\/categories?post=68481"},{"taxonomy":"post_tag","embeddable":true,"href":"https:\/\/orheifm.live\/index.php\/wp-json\/wp\/v2\/tags?post=68481"}],"curies":[{"name":"wp","href":"https:\/\/api.w.org\/{rel}","templated":true}]}}