{"id":68403,"date":"2025-03-04T23:20:37","date_gmt":"2025-03-04T21:20:37","guid":{"rendered":"https:\/\/orheifm.live\/index.php\/2025\/03\/04\/sua-si-ucraina-se-pregatesc-sa-semneze-acordul-privind-mineralele-rare-suspendat-in-urma-intalnirii-dezastruoase-din-biroul-oval-cand-urmeaza-sa-il-anunte-oficial-trump\/"},"modified":"2025-03-04T23:20:37","modified_gmt":"2025-03-04T21:20:37","slug":"sua-si-ucraina-se-pregatesc-sa-semneze-acordul-privind-mineralele-rare-suspendat-in-urma-intalnirii-dezastruoase-din-biroul-oval-cand-urmeaza-sa-il-anunte-oficial-trump","status":"publish","type":"post","link":"https:\/\/orheifm.live\/index.php\/2025\/03\/04\/sua-si-ucraina-se-pregatesc-sa-semneze-acordul-privind-mineralele-rare-suspendat-in-urma-intalnirii-dezastruoase-din-biroul-oval-cand-urmeaza-sa-il-anunte-oficial-trump\/","title":{"rendered":"SUA \u0219i Ucraina se preg\u0103tesc s\u0103 semneze acordul privind mineralele rare, suspendat \u00een urma \u00eent\u00e2lnirii dezastruoase din Biroul Oval \/ C\u00e2nd urmeaz\u0103 s\u0103 \u00eel anun\u021be oficial Trump"},"content":{"rendered":"<div>\n<p><strong>Administra\u021bia pre\u0219edintelui american Donald Trump \u0219i Kievul inten\u021bioneaz\u0103 s\u0103 semneze mar\u021bi acordul mult dezb\u0103tut privind mineralele, dup\u0103 \u00eent\u00e2lnirea dezastruoas\u0103 de vineri din Biroul Oval, \u00een urma c\u0103reia pre\u0219edintele ucrainean Volodimir Zelenski a fost dat afar\u0103 de la Casa Alb\u0103, au declarat mar\u021bi patru persoane familiarizate cu aceast\u0103 chestiune, citate de agen\u021bia de pres\u0103 Reuters.<\/strong><\/p>\n<p>Pre\u0219edintele Donald Trump le-a spus consilierilor s\u0103i c\u0103 dore\u0219te s\u0103 anun\u021be acordul \u00een discursul s\u0103u \u00een fa\u021ba Congresului american pe care \u00eel va \u021bine mar\u021bi sear\u0103, au precizat trei dintre surse, avertiz\u00e2nd c\u0103 acordul nu a fost \u00eenc\u0103 semnat \u0219i c\u0103 situa\u021bia s-ar putea schimba.<\/p>\n<p>Casa Alb\u0103 nu a r\u0103spuns imediat unei solicit\u0103ri de a oferi un punct de vedere. Administra\u021bia preziden\u021bial\u0103 ucrainean\u0103 de la Kiev \u0219i ambasada Ucrainei la Washington nu au transmis nici ele preciz\u0103ri, noteaz\u0103 Reuters.<\/p>\n<p>Acordul privind mineralele rare ale Ucrainei a fost suspendat vineri dup\u0103\u00a0\u00eent\u00e2lnirea controversat\u0103 din Biroul Oval dintre Trump \u0219i pre\u0219edintele ucrainean Volodimir Zelenski, care a dus la plecarea rapid\u0103 a liderului ucrainean de la Casa Alb\u0103. Zelenski venise la Washington tocmai pentru a semna \u00een\u021belegerea.<\/p>\n<p>\u00cen cadrul acelei \u00eent\u00e2lniri, Trump \u0219i vicepre\u0219edintele JD Vance l-au certat pe Zelenski, spun\u00e2ndu-i c\u0103 ar trebui s\u0103 mul\u021bumeasc\u0103 SUA pentru sprijinul acordat, mai degrab\u0103 dec\u00e2t s\u0103 cear\u0103 ajutor suplimentar \u00een fa\u021ba presei americane.<\/p>\n<p>\u201eTe joci cu cel de-al Treilea R\u0103zboi Mondial\u201d, i-a repro\u0219at Trump liderului ucrainean.<\/p>\n<h2 class=\"wp-block-heading\">\u00cent\u00e2lnire \u201eregretabil\u0103\u201d<\/h2>\n<p>Oficialii americani au vorbit \u00een ultimele zile cu oficialii de la Kiev despre semnarea acordului privind mineralele, \u00een ciuda ciocnirii de vineri din Biroul Oval, \u0219i i-au \u00eendemnat pe consilierii lui Zelenski s\u0103 \u00eel conving\u0103 pe pre\u0219edintele ucrainean s\u0103 \u00ee\u0219i cear\u0103 scuze \u00een mod deschis lui Trump, potrivit uneia dintre persoanele familiarizate cu aceast\u0103 chestiune.<\/p>\n<p>Mar\u021bi, Zelenski a publicat pe re\u021beaua de socializare X un comunicat \u00een care transmite c\u0103 Ucraina este preg\u0103tit\u0103 s\u0103 semneze acordul \u0219i \u00een care calific\u0103 \u00eent\u00e2lnirea din Biroul Oval drept \u201eregretabil\u0103\u201d.<\/p>\n<p>\u201e\u00cent\u00e2lnirea noastr\u0103 de vineri de la Washington, de la Casa Alb\u0103, nu a decurs a\u0219a cum trebuia\u201d, a admis Zelenski, \u00een declara\u021bia lui.<\/p>\n<\/div>\n","protected":false},"excerpt":{"rendered":"<div><img loading=\"lazy\" decoding=\"async\" width=\"696\" height=\"464\" src=\"https:\/\/canal5.md\/wp-content\/uploads\/2025\/03\/profimedia-0971178974-1024x683-optimized.webp\" class=\"attachment-large size-large wp-post-image\" alt=\"\" srcset=\"https:\/\/canal5.md\/wp-content\/uploads\/2025\/03\/profimedia-0971178974-1024x683-optimized.webp 1024w, https:\/\/canal5.md\/wp-content\/uploads\/2025\/03\/profimedia-0971178974-300x200-optimized.webp 300w, https:\/\/canal5.md\/wp-content\/uploads\/2025\/03\/profimedia-0971178974-768x512-optimized.webp 768w, https:\/\/canal5.md\/wp-content\/uploads\/2025\/03\/profimedia-0971178974-1536x1024-optimized.webp 1536w, https:\/\/canal5.md\/wp-content\/uploads\/2025\/03\/profimedia-0971178974-696x464-optimized.webp 696w, https:\/\/canal5.md\/wp-content\/uploads\/2025\/03\/profimedia-0971178974-1068x712-optimized.webp 1068w, https:\/\/canal5.md\/wp-content\/uploads\/2025\/03\/profimedia-0971178974-optimized.webp 1800w\">Administra\u021bia pre\u0219edintelui american Donald Trump \u0219i Kievul inten\u021bioneaz\u0103 s\u0103 semneze mar\u021bi acordul mult dezb\u0103tut privind mineralele, dup\u0103 \u00eent\u00e2lnirea dezastruoas\u0103 de vineri din Biroul Oval, \u00een urma c\u0103reia pre\u0219edintele ucrainean Volodimir Zelenski a fost dat afar\u0103 de la Casa Alb\u0103, au declarat mar\u021bi patru persoane familiarizate cu aceast\u0103 chestiune, citate de agen\u021bia de pres\u0103 Reuters. Pre\u0219edintele [\u2026]<\/div>\n","protected":false},"author":1,"featured_media":68404,"comment_status":"closed","ping_status":"closed","sticky":false,"template":"","format":"standard","meta":{"jnews-multi-image_gallery":[],"jnews_single_post":[],"jnews_primary_category":[],"jnews_social_meta":[],"jnews_override_counter":[],"footnotes":""},"categories":[23],"tags":[],"class_list":["post-68403","post","type-post","status-publish","format-standard","has-post-thumbnail","hentry","category-politica_ro"],"_links":{"self":[{"href":"https:\/\/orheifm.live\/index.php\/wp-json\/wp\/v2\/posts\/68403","targetHints":{"allow":["GET"]}}],"collection":[{"href":"https:\/\/orheifm.live\/index.php\/wp-json\/wp\/v2\/posts"}],"about":[{"href":"https:\/\/orheifm.live\/index.php\/wp-json\/wp\/v2\/types\/post"}],"author":[{"embeddable":true,"href":"https:\/\/orheifm.live\/index.php\/wp-json\/wp\/v2\/users\/1"}],"replies":[{"embeddable":true,"href":"https:\/\/orheifm.live\/index.php\/wp-json\/wp\/v2\/comments?post=68403"}],"version-history":[{"count":0,"href":"https:\/\/orheifm.live\/index.php\/wp-json\/wp\/v2\/posts\/68403\/revisions"}],"wp:featuredmedia":[{"embeddable":true,"href":"https:\/\/orheifm.live\/index.php\/wp-json\/wp\/v2\/media\/68404"}],"wp:attachment":[{"href":"https:\/\/orheifm.live\/index.php\/wp-json\/wp\/v2\/media?parent=68403"}],"wp:term":[{"taxonomy":"category","embeddable":true,"href":"https:\/\/orheifm.live\/index.php\/wp-json\/wp\/v2\/categories?post=68403"},{"taxonomy":"post_tag","embeddable":true,"href":"https:\/\/orheifm.live\/index.php\/wp-json\/wp\/v2\/tags?post=68403"}],"curies":[{"name":"wp","href":"https:\/\/api.w.org\/{rel}","templated":true}]}}