{"id":68401,"date":"2025-03-04T22:26:53","date_gmt":"2025-03-04T20:26:53","guid":{"rendered":"https:\/\/orheifm.live\/index.php\/2025\/03\/04\/au-mers-la-vanat-la-frontiera-iar-cand-au-observat-politistii-au-aruncat-cartusele-opt-braconieri-prinsi-in-zona-interzisa-troitcoe\/"},"modified":"2025-03-04T22:26:53","modified_gmt":"2025-03-04T20:26:53","slug":"au-mers-la-vanat-la-frontiera-iar-cand-au-observat-politistii-au-aruncat-cartusele-opt-braconieri-prinsi-in-zona-interzisa-troitcoe","status":"publish","type":"post","link":"https:\/\/orheifm.live\/index.php\/2025\/03\/04\/au-mers-la-vanat-la-frontiera-iar-cand-au-observat-politistii-au-aruncat-cartusele-opt-braconieri-prinsi-in-zona-interzisa-troitcoe\/","title":{"rendered":"Au mers la v\u00e2nat la frontier\u0103, iar c\u00e2nd au observat poli\u021bi\u0219tii, au aruncat c\u0103rtu\u0219ele: Opt braconieri, prin\u0219i \u00een zona interzis\u0103 \u201eTroi\u021bcoe\u201d"},"content":{"rendered":"<div>\n<p><strong>Un grup de opt moldoveni, cu v\u00e2rste cuprinse \u00eentre 33 \u0219i 68 de ani, au fost documenta\u021bi de poli\u021bi\u0219tii de frontier\u0103 pentru \u00eenc\u0103lcarea regimului zonei de frontier\u0103 prin practicarea braconajului. Incidentul a avut loc la aproximativ la 4 600 de metri de linia frontierei de stat, se arat\u0103 \u00eentr-un comunicat.<\/strong><\/p>\n<p>\u201eDe\u0219i con\u0219tien\u021bi de restric\u021biile privind v\u00e2n\u0103toarea, ace\u0219tia au decis s\u0103 ri\u0219te. \u00cens\u0103 tentativa lor a fost dejucat\u0103 de patrula Poli\u021biei de Frontier\u0103. La observarea echipei de interven\u021bie, braconierii au \u00eencercat s\u0103 scape de probe, arunc\u00e2nd cartu\u0219ele. Totu\u0219i, c\u00e2inele de serviciu Airon a depistat muni\u021bia \u00een timpul verific\u0103rii terenului.<\/p>\n<p>\u00cen cadrul document\u0103rii cazului, au fost ridicate \u0219ase arme de v\u00e2n\u0103toare. Nici-o prad\u0103 v\u00e2nat\u0103 nu a fost descoperit\u0103. Conform competen\u021belor legale, cazul a fost transmis Serviciului Ecologic de Stat pentru continuarea investiga\u021biilor \u0219i aplicarea m\u0103surilor corespunz\u0103toare.<\/p>\n<p>Poli\u021bia de Frontier\u0103 reaminte\u0219te c\u0103 respectarea regimului zonei de frontier\u0103 este esen\u021bial\u0103 pentru protejarea ecosistemului \u0219i prevenirea activit\u0103\u021bilor ilegale\u201d, se arat\u0103 \u00eentr-un comunicat emis de IGPF.<\/p>\n<\/div>\n","protected":false},"excerpt":{"rendered":"<div><img loading=\"lazy\" decoding=\"async\" width=\"696\" height=\"392\" src=\"https:\/\/canal5.md\/wp-content\/uploads\/2025\/03\/9e077b7151e2f5451571563349420b742937fe72c3e562a06a443c613b1b0b23-1-optimized.jpg\" class=\"attachment-large size-large wp-post-image\" alt=\"\" srcset=\"https:\/\/canal5.md\/wp-content\/uploads\/2025\/03\/9e077b7151e2f5451571563349420b742937fe72c3e562a06a443c613b1b0b23-1-optimized.jpg 800w, https:\/\/canal5.md\/wp-content\/uploads\/2025\/03\/9e077b7151e2f5451571563349420b742937fe72c3e562a06a443c613b1b0b23-1-300x169-optimized.jpg 300w, https:\/\/canal5.md\/wp-content\/uploads\/2025\/03\/9e077b7151e2f5451571563349420b742937fe72c3e562a06a443c613b1b0b23-1-768x432-optimized.jpg 768w, https:\/\/canal5.md\/wp-content\/uploads\/2025\/03\/9e077b7151e2f5451571563349420b742937fe72c3e562a06a443c613b1b0b23-1-696x392-optimized.jpg 696w\">Un grup de opt moldoveni, cu v\u00e2rste cuprinse \u00eentre 33 \u0219i 68 de ani, au fost documenta\u021bi de poli\u021bi\u0219tii de frontier\u0103 pentru \u00eenc\u0103lcarea regimului zonei de frontier\u0103 prin practicarea braconajului. Incidentul a avut loc la aproximativ la 4 600 de metri de linia frontierei de stat, se arat\u0103 \u00eentr-un comunicat. \u201eDe\u0219i con\u0219tien\u021bi de restric\u021biile privind [\u2026]<\/div>\n","protected":false},"author":1,"featured_media":68402,"comment_status":"closed","ping_status":"closed","sticky":false,"template":"","format":"standard","meta":{"jnews-multi-image_gallery":[],"jnews_single_post":[],"jnews_primary_category":[],"jnews_social_meta":[],"jnews_override_counter":[],"footnotes":""},"categories":[30],"tags":[],"class_list":["post-68401","post","type-post","status-publish","format-standard","has-post-thumbnail","hentry","category-social_ro"],"_links":{"self":[{"href":"https:\/\/orheifm.live\/index.php\/wp-json\/wp\/v2\/posts\/68401","targetHints":{"allow":["GET"]}}],"collection":[{"href":"https:\/\/orheifm.live\/index.php\/wp-json\/wp\/v2\/posts"}],"about":[{"href":"https:\/\/orheifm.live\/index.php\/wp-json\/wp\/v2\/types\/post"}],"author":[{"embeddable":true,"href":"https:\/\/orheifm.live\/index.php\/wp-json\/wp\/v2\/users\/1"}],"replies":[{"embeddable":true,"href":"https:\/\/orheifm.live\/index.php\/wp-json\/wp\/v2\/comments?post=68401"}],"version-history":[{"count":0,"href":"https:\/\/orheifm.live\/index.php\/wp-json\/wp\/v2\/posts\/68401\/revisions"}],"wp:featuredmedia":[{"embeddable":true,"href":"https:\/\/orheifm.live\/index.php\/wp-json\/wp\/v2\/media\/68402"}],"wp:attachment":[{"href":"https:\/\/orheifm.live\/index.php\/wp-json\/wp\/v2\/media?parent=68401"}],"wp:term":[{"taxonomy":"category","embeddable":true,"href":"https:\/\/orheifm.live\/index.php\/wp-json\/wp\/v2\/categories?post=68401"},{"taxonomy":"post_tag","embeddable":true,"href":"https:\/\/orheifm.live\/index.php\/wp-json\/wp\/v2\/tags?post=68401"}],"curies":[{"name":"wp","href":"https:\/\/api.w.org\/{rel}","templated":true}]}}