{"id":68399,"date":"2025-03-04T22:25:06","date_gmt":"2025-03-04T20:25:06","guid":{"rendered":"https:\/\/orheifm.live\/index.php\/2025\/03\/04\/autoturism-furat-din-austria-descoperit-la-frontiera-stanca-barbat-cu-dubla-cetatenie-cercetat-de-politistii-de-frontiera\/"},"modified":"2025-03-04T22:25:06","modified_gmt":"2025-03-04T20:25:06","slug":"autoturism-furat-din-austria-descoperit-la-frontiera-stanca-barbat-cu-dubla-cetatenie-cercetat-de-politistii-de-frontiera","status":"publish","type":"post","link":"https:\/\/orheifm.live\/index.php\/2025\/03\/04\/autoturism-furat-din-austria-descoperit-la-frontiera-stanca-barbat-cu-dubla-cetatenie-cercetat-de-politistii-de-frontiera\/","title":{"rendered":"Autoturism furat din Austria descoperit la frontiera St\u00e2nca: B\u0103rbat cu dubl\u0103 cet\u0103\u021benie, cercetat de poli\u021bi\u0219tii de frontier\u0103"},"content":{"rendered":"<div>\n<p data-start=\"118\" data-end=\"400\"><strong>Poli\u0163i\u015ftii de frontier\u0103 din cadrul Punctului de Trecere a Frontierei St\u00e2nca efectueaz\u0103 cercet\u0103ri \u00een privin\u0163a unui b\u0103rbat cu dubl\u0103 cet\u0103\u021benie, rom\u00e2n\u0103 \u0219i moldoveneasc\u0103, care a \u00eencercat s\u0103 treac\u0103 frontiera la volanul unui autoturism semnalat ca fiind furat de autorit\u0103\u021bile din Austria.<\/strong><\/p>\n<p data-start=\"402\" data-end=\"816\">Pe 3 martie, \u00een jurul orei 21.25, b\u0103rbatul \u00een v\u00e2rst\u0103 de 56 de ani s-a prezentat pentru efectuarea formalit\u0103\u021bilor de control, iar suspiciunile privind seria de \u0219asiu a vehiculului, care prezenta urme de falsificare, au determinat poli\u021bi\u0219tii s\u0103 efectueze verific\u0103ri suplimentare. \u00cen urma acestora, s-a confirmat c\u0103 autoturismul figureaz\u0103 \u00een bazele de date ca fiind c\u0103utat pentru confiscare de autorit\u0103\u021bile austriece.<\/p>\n<p data-start=\"818\" data-end=\"1076\" data-is-last-node=\"\" data-is-only-node=\"\">B\u0103rbatul a declarat c\u0103 a achizi\u021bionat ma\u0219ina de la un cet\u0103\u021bean moldovean \u0219i nu \u0219tia c\u0103 aceasta este furat\u0103. \u00cen prezent, autoturismul, evaluat la 140.000 de lei, a fost indisponibilizat, iar cercet\u0103rile sunt \u00een curs pentru s\u0103v\u00e2r\u0219irea infrac\u021biunii de t\u0103inuire.<\/p>\n<\/div>\n","protected":false},"excerpt":{"rendered":"<div><img loading=\"lazy\" decoding=\"async\" width=\"696\" height=\"392\" src=\"https:\/\/canal5.md\/wp-content\/uploads\/2025\/03\/abe47d8406d1bab572091b3c0e8bdb6ed790dc58799ba70baba6eb6ef5acad57-optimized.png\" class=\"attachment-large size-large wp-post-image\" alt=\"\" srcset=\"https:\/\/canal5.md\/wp-content\/uploads\/2025\/03\/abe47d8406d1bab572091b3c0e8bdb6ed790dc58799ba70baba6eb6ef5acad57-optimized.png 800w, https:\/\/canal5.md\/wp-content\/uploads\/2025\/03\/abe47d8406d1bab572091b3c0e8bdb6ed790dc58799ba70baba6eb6ef5acad57-300x169-optimized.png 300w, https:\/\/canal5.md\/wp-content\/uploads\/2025\/03\/abe47d8406d1bab572091b3c0e8bdb6ed790dc58799ba70baba6eb6ef5acad57-768x432-optimized.png 768w, https:\/\/canal5.md\/wp-content\/uploads\/2025\/03\/abe47d8406d1bab572091b3c0e8bdb6ed790dc58799ba70baba6eb6ef5acad57-696x392-optimized.png 696w\">Poli\u0163i\u015ftii de frontier\u0103 din cadrul Punctului de Trecere a Frontierei St\u00e2nca efectueaz\u0103 cercet\u0103ri \u00een privin\u0163a unui b\u0103rbat cu dubl\u0103 cet\u0103\u021benie, rom\u00e2n\u0103 \u0219i moldoveneasc\u0103, care a \u00eencercat s\u0103 treac\u0103 frontiera la volanul unui autoturism semnalat ca fiind furat de autorit\u0103\u021bile din Austria. Pe 3 martie, \u00een jurul orei 21.25, b\u0103rbatul \u00een v\u00e2rst\u0103 de 56 de ani [\u2026]<\/div>\n","protected":false},"author":1,"featured_media":68400,"comment_status":"closed","ping_status":"closed","sticky":false,"template":"","format":"standard","meta":{"jnews-multi-image_gallery":[],"jnews_single_post":[],"jnews_primary_category":[],"jnews_social_meta":[],"jnews_override_counter":[],"footnotes":""},"categories":[30],"tags":[],"class_list":["post-68399","post","type-post","status-publish","format-standard","has-post-thumbnail","hentry","category-social_ro"],"_links":{"self":[{"href":"https:\/\/orheifm.live\/index.php\/wp-json\/wp\/v2\/posts\/68399","targetHints":{"allow":["GET"]}}],"collection":[{"href":"https:\/\/orheifm.live\/index.php\/wp-json\/wp\/v2\/posts"}],"about":[{"href":"https:\/\/orheifm.live\/index.php\/wp-json\/wp\/v2\/types\/post"}],"author":[{"embeddable":true,"href":"https:\/\/orheifm.live\/index.php\/wp-json\/wp\/v2\/users\/1"}],"replies":[{"embeddable":true,"href":"https:\/\/orheifm.live\/index.php\/wp-json\/wp\/v2\/comments?post=68399"}],"version-history":[{"count":0,"href":"https:\/\/orheifm.live\/index.php\/wp-json\/wp\/v2\/posts\/68399\/revisions"}],"wp:featuredmedia":[{"embeddable":true,"href":"https:\/\/orheifm.live\/index.php\/wp-json\/wp\/v2\/media\/68400"}],"wp:attachment":[{"href":"https:\/\/orheifm.live\/index.php\/wp-json\/wp\/v2\/media?parent=68399"}],"wp:term":[{"taxonomy":"category","embeddable":true,"href":"https:\/\/orheifm.live\/index.php\/wp-json\/wp\/v2\/categories?post=68399"},{"taxonomy":"post_tag","embeddable":true,"href":"https:\/\/orheifm.live\/index.php\/wp-json\/wp\/v2\/tags?post=68399"}],"curies":[{"name":"wp","href":"https:\/\/api.w.org\/{rel}","templated":true}]}}