{"id":68395,"date":"2025-03-04T21:49:14","date_gmt":"2025-03-04T19:49:14","guid":{"rendered":"https:\/\/orheifm.live\/index.php\/2025\/03\/04\/aceleasi-fete-vladimir-bolea-a-dezvaluit-cine-a-initiat-vanzarea-palatului-feroviar-video\/"},"modified":"2025-03-04T21:49:14","modified_gmt":"2025-03-04T19:49:14","slug":"aceleasi-fete-vladimir-bolea-a-dezvaluit-cine-a-initiat-vanzarea-palatului-feroviar-video","status":"publish","type":"post","link":"https:\/\/orheifm.live\/index.php\/2025\/03\/04\/aceleasi-fete-vladimir-bolea-a-dezvaluit-cine-a-initiat-vanzarea-palatului-feroviar-video\/","title":{"rendered":"Acelea\u0219i fe\u021be. Vladimir Bolea a dezv\u0103luit cine a ini\u021biat v\u00e2nzarea Palatului Feroviar |VIDEO"},"content":{"rendered":"<div>\n<p><strong>Coment\u00e2nd ini\u021biativa de a vinde Palatul Feroviarilor, ministrul infrastructurii, Vladimir Bola, a declarat c\u0103, solicitarea venit de la Consiliul Administrativ al \u00eentreprinderii de stat \u201eCalea Ferat\u0103 a Moldovei\u201d. <\/strong><br \/>\n<iframe loading=\"lazy\" title=\"YouTube video player\" src=\"https:\/\/www.youtube.com\/embed\/4EFSJgjeblw?si=n1Y0kfrY2-_Tz3bm\" width=\"560\" height=\"315\" frameborder=\"0\" allowfullscreen=\"allowfullscreen\"><\/iframe><br \/>\nDar, ceea ce este curios, este faptul c\u0103 \u00een acest consiliu sunt persoane de \u00eencredere ale lui Dorin Recean, Andrei Sp\u00eenu \u0219i Roman Cojuhari. Consiliul a trimis aceast\u0103 solicitare c\u0103tre Agen\u021bia Propriet\u0103\u021bii Publice, pentru ca banii ob\u021binu\u021bi din v\u00e2nzare s\u0103 fie utiliza\u021bi pentru achitarea datoriilor salariale ale angaja\u021bilor.<\/p>\n<p>Responsabili din cadrul Agen\u021biei, ne-au spus c\u0103 solicitarea este \u00een curs de examinare, \u00eens\u0103 nu se \u0219tie c\u00e2nd va fi dat un r\u0103spuns \u0219i ce sum\u0103 ar putea fi ob\u021binut\u0103 din v\u00e2nzare. Cert este \u00eens\u0103 c\u0103 valoarea estimat\u0103 a terenului, pe care este situat Palatul Feroviarilor, \u00een centrul Chi\u0219in\u0103ului, variaz\u0103 \u00eentre 6 \u0219i 12 milioane de euro.<\/p>\n<p>Pentru a lua o decizie privind v\u00e2nzarea Palatului Feroviarilor, este necesar acordul guvernului. \u00cenainte de aceasta, trebuie realizat\u0103 o evaluare a cl\u0103dirii, care ocup\u0103 mai mult de 110 mii de metri p\u0103tra\u021bi.<\/p>\n<p>Potrivit agen\u021bilor imobiliari cu care au discutat jurnali\u0219tii de la Canal 5, valoarea terenului de aproximativ dou\u0103 hectare, pe care este situat Palatul Culturii, ar putea varia \u00eentre 6 \u0219i 12 milioane de euro. Am contactat \u0219eful Agen\u021biei Propriet\u0103\u021bii Publice, Roman Cojuhari, pentru a afla la ce etap\u0103 se afl\u0103 procesul de v\u00e2nzare a sediului, dar acesta nu a r\u0103spuns apelurilor noastre.<\/p>\n<p>\u00cen acela\u0219i timp, pentru canalul pro-guvernamental TV 8, Cojuhari a declarat c\u0103 cererea C\u0103ilor Ferate este \u00een curs de examinare \u0219i c\u0103 p\u00e2n\u0103 la luarea unei decizii finale mai este mult.<\/p>\n<p>\u201eAst\u0103zi nu vorbim despre faptul c\u0103 acest obiectiv este gata pentru v\u00e2nzare. Orice decizie va fi supus\u0103 dezbaterii publice, va fi un proces cu participarea tuturor p\u0103r\u021bilor interesate, un proces de aprobare \u00een care vor fi implicate mai multe ministere, lu\u00e2nd \u00een considerare to\u021bi factorii implica\u021bi sau afecta\u021bi de aceast\u0103 decizie, inclusiv societatea civil\u0103.<\/p>\n<p>Ulterior, va fi luat\u0103 o decizie cu privire la ceea ce se va \u00eent\u00e2mpla pe acest teritoriu \u00een continuare, mai ales c\u0103 este o chestiune de administrare public\u0103 local\u0103, \u00een func\u021bie de zona urban\u0103, ce poate fi acolo, ce poate fi p\u0103strat\u201d, a declarat \u0219eful Agen\u021biei Propriet\u0103\u021bii Publice, Roman Cojuhari.\u201d<\/p>\n<p>ROMAN COJUHARI, \u0219ef Agen\u021bia Propriet\u0103\u021bi Publice<\/p>\n<p>Ast\u0103zi nu vorbim despre faptul c\u0103 acest obiectiv este gata pentru v\u00e2nzare. Orice decizie va fi supus\u0103 dezbaterilor publice, va fi un proces cu participarea tuturor p\u0103r\u021bilor interesate, un proces de aprobare \u00een care vor fi implicate mai multe ministere, lu\u00e2nd \u00een considerare to\u021bi factorii implica\u021bi sau afecta\u021bi de aceast\u0103 decizie, inclusiv societatea civil\u0103.<\/p>\n<p>Ulterior, va fi luat\u0103 o decizie cu privire la ceea ce se va \u00eent\u00e2mpla pe acest teritoriu \u00een continuare, mai ales c\u0103 este o chestiune de administrare public\u0103 local\u0103, \u00een func\u021bie de zona urban\u0103, ce poate fi acolo, ce poate fi p\u0103strat.<\/p>\n<p>Ministrul Infrastructurii \u0219i Dezvolt\u0103rii Regionale, Vladimir Bolea, pe care am \u00eencercat s\u0103-l telefon\u0103m, nu a r\u0103spuns nici el apelurilor noastre. Totu\u0219i, la emisiunea \u201eCutia Neagr\u0103\u201d, de la TV8, acesta a declarat c\u0103 ideea de a vinde Palatul Feroviarilor \u2013 conform cuvintele sale, \u201eun activ neprofitabil, care anual aduce pierderi de 5 milioane de lei\u201d \u2013 apar\u021bine consiliului administrativ al \u201eC\u0103ilor Ferate Moldovene\u0219ti\u201d, care include func\u021bionari controla\u021bi de Dorin Recean, Andrei Sp\u00eenu, Dumitru Alaiba \u0219i Roman Cojuhari.<\/p>\n<p>\u00cen acela\u0219i timp, fostul \u0219ef al CFM, Oleg Tofilat, a declarat \u00een mai multe r\u00e2nduri \u00een pres\u0103 c\u0103 a propus v\u00e2nzarea altor active imobiliare ale \u00eentreprinderii, f\u0103r\u0103 a include Palatul Culturii, cum ar fi locomotive, vagoane, ro\u021bi vechi \u0219i alte cl\u0103diri.<\/p>\n<p>De asemenea, este important de men\u021bionat c\u0103 Palatul Culturii C\u0103ilor Ferate a fost ipotecat recent pentru suma de 120 de milioane de lei.<\/p>\n<p>\u00cemprumutul a fost acordat de o banc\u0103 comercial\u0103, condus\u0103 de so\u021bia prim-ministrului Dorin Recean. \u00cen prezent, \u00een Palatul Culturii lucreaz\u0103 37 de angaja\u021bi, iar anul trecut pierderile institu\u021biei au dep\u0103\u0219it 8 milioane de lei.<\/p>\n<p>Totodat\u0103, amintim c\u0103 angaja\u021bii CFM au protestat de mai multe ori, cer\u00e2nd ajutor din partea autorit\u0103\u021bilor pentru plata datoriilor salariale, pe care nu le-au primit de mai bine de jum\u0103tate de an.<\/p>\n<p>Un nou protest na\u021bional al angaja\u021bilor C\u0103ilor Ferate este planificat pentru 14 martie. Totu\u0219i, chiar \u0219i angaja\u021bii C\u0103ilor Ferate se opun v\u00e2nz\u0103rii Palatului, consider\u00e2nd c\u0103 banii ob\u021binu\u021bi nu vor rezolva problemele legate de datorii.<\/p>\n<\/div>\n","protected":false},"excerpt":{"rendered":"<div><img loading=\"lazy\" decoding=\"async\" width=\"612\" height=\"344\" src=\"https:\/\/canal5.md\/wp-content\/uploads\/2025\/03\/i-2-1-optimized.webp\" class=\"attachment-large size-large wp-post-image\" alt=\"\" srcset=\"https:\/\/canal5.md\/wp-content\/uploads\/2025\/03\/i-2-1-optimized.webp 612w, https:\/\/canal5.md\/wp-content\/uploads\/2025\/03\/i-2-1-300x169-optimized.webp 300w\">Coment\u00e2nd ini\u021biativa de a vinde Palatul Feroviarilor, ministrul infrastructurii, Vladimir Bola, a declarat c\u0103, solicitarea venit de la Consiliul Administrativ al \u00eentreprinderii de stat \u201eCalea Ferat\u0103 a Moldovei\u201d. Dar, ceea ce este curios, este faptul c\u0103 \u00een acest consiliu sunt persoane de \u00eencredere ale lui Dorin Recean, Andrei Sp\u00eenu \u0219i Roman Cojuhari. Consiliul a trimis [\u2026]<\/div>\n","protected":false},"author":1,"featured_media":68396,"comment_status":"closed","ping_status":"closed","sticky":false,"template":"","format":"standard","meta":{"jnews-multi-image_gallery":[],"jnews_single_post":[],"jnews_primary_category":[],"jnews_social_meta":[],"jnews_override_counter":[],"footnotes":""},"categories":[30],"tags":[],"class_list":["post-68395","post","type-post","status-publish","format-standard","has-post-thumbnail","hentry","category-social_ro"],"_links":{"self":[{"href":"https:\/\/orheifm.live\/index.php\/wp-json\/wp\/v2\/posts\/68395","targetHints":{"allow":["GET"]}}],"collection":[{"href":"https:\/\/orheifm.live\/index.php\/wp-json\/wp\/v2\/posts"}],"about":[{"href":"https:\/\/orheifm.live\/index.php\/wp-json\/wp\/v2\/types\/post"}],"author":[{"embeddable":true,"href":"https:\/\/orheifm.live\/index.php\/wp-json\/wp\/v2\/users\/1"}],"replies":[{"embeddable":true,"href":"https:\/\/orheifm.live\/index.php\/wp-json\/wp\/v2\/comments?post=68395"}],"version-history":[{"count":0,"href":"https:\/\/orheifm.live\/index.php\/wp-json\/wp\/v2\/posts\/68395\/revisions"}],"wp:featuredmedia":[{"embeddable":true,"href":"https:\/\/orheifm.live\/index.php\/wp-json\/wp\/v2\/media\/68396"}],"wp:attachment":[{"href":"https:\/\/orheifm.live\/index.php\/wp-json\/wp\/v2\/media?parent=68395"}],"wp:term":[{"taxonomy":"category","embeddable":true,"href":"https:\/\/orheifm.live\/index.php\/wp-json\/wp\/v2\/categories?post=68395"},{"taxonomy":"post_tag","embeddable":true,"href":"https:\/\/orheifm.live\/index.php\/wp-json\/wp\/v2\/tags?post=68395"}],"curies":[{"name":"wp","href":"https:\/\/api.w.org\/{rel}","templated":true}]}}