{"id":68393,"date":"2025-03-04T21:40:36","date_gmt":"2025-03-04T19:40:36","guid":{"rendered":"https:\/\/orheifm.live\/index.php\/2025\/03\/04\/katiusa-pe-strazile-din-chisinau-si-balti-flashmob-neobisnuit-al-activistilor-blocului-victorie-in-semn-de-protest-impotriva-reabilitarii-nazismului-video\/"},"modified":"2025-03-04T21:40:36","modified_gmt":"2025-03-04T19:40:36","slug":"katiusa-pe-strazile-din-chisinau-si-balti-flashmob-neobisnuit-al-activistilor-blocului-victorie-in-semn-de-protest-impotriva-reabilitarii-nazismului-video","status":"publish","type":"post","link":"https:\/\/orheifm.live\/index.php\/2025\/03\/04\/katiusa-pe-strazile-din-chisinau-si-balti-flashmob-neobisnuit-al-activistilor-blocului-victorie-in-semn-de-protest-impotriva-reabilitarii-nazismului-video\/","title":{"rendered":"\u201eKatiu\u0219a\u201d pe str\u0103zile din Chi\u0219in\u0103u \u0219i B\u0103l\u021bi. Flashmob neobi\u0219nuit al activi\u0219tilor Blocului \u201eVictorie\u201d \u00een semn de protest \u00eempotriva reabilit\u0103rii nazismului |VIDEO"},"content":{"rendered":"<div>\n<p><strong>\u00a0Legendara pies\u0103 \u201eKatiu\u0219a\u201d a r\u0103sunat sub ferestrele Ministerului Culturii \u0219i pe str\u0103zile din Chi\u0219in\u0103u. Reprezentan\u021bii \u0219i sus\u021bin\u0103torii Blocului \u201eVictorie\u201d au organizat un flashmob cu <\/strong><strong>titlul \u201eC\u00e2nt\u0103m \u00abKatiu\u0219a\u00bb \u2013 lupt\u0103m \u00eempotriva reabilit\u0103rii nazismului\u201d, \u00een cadrul c\u0103ruia au interpretat aceast\u0103 melodie, \u00een semn de protest fa\u021b\u0103 de cerin\u021ba Ministerului Culturii de a cere scuze pentru interpretarea piesei la un concert din capital\u0103. <\/strong><br \/>\n<iframe loading=\"lazy\" title=\"YouTube video player\" src=\"https:\/\/www.youtube.com\/embed\/aOyHU4rKyAU?si=pPoReAKnKzSK0WX6\" width=\"560\" height=\"315\" frameborder=\"0\" allowfullscreen=\"allowfullscreen\"><\/iframe><br \/>\n\u00cen plus, prin aceast\u0103 manifesta\u021bie, protestatarii \u0219i-au exprimat sus\u021binerea pentru c\u00e2ntecul legendar, tradus \u00een zeci de limbi \u0219i simboliz\u00e2nd eroismul \u0219i rezisten\u021ba \u00een timpul Marelui R\u0103zboi pentru Ap\u0103rarea Patriei.<\/p>\n<p>Indigna\u021bi de atitudinea autorit\u0103\u021bilor care au obligat un ansamblu muzical din Israel s\u0103 prezinte scuze dup\u0103 ce a interpretat melodia \u201eKatiu\u0219a\u201d, membrii \u0219i sus\u021bin\u0103torii Blocului \u201eVictorie\u201d au organizat un flashmob muzical sub geamurile Ministerului Culturii.<\/p>\n<p>Cu genericul \u201eC\u00e2nt\u0103m \u00abKatiu\u0219a\u00bb \u2013 lupt\u0103m \u00eempotriva reabilit\u0103rii nazismului\u201d, participan\u021bii au ar\u0103tat c\u0103 aceast\u0103 pies\u0103 are o semnifica\u021bie profund\u0103 pentru ei, fiind parte integrant\u0103 din patrimoniul istoric \u0219i cultural comun.<\/p>\n<p>Printre cei prezen\u021bi s-au num\u0103rat tineri \u0219i persoane v\u00e2rstnice, care au purtat \u0219aluri ruse\u0219ti colorate, un simbol al tradi\u021biei, \u0219i au interpretat legendara \u201eKatiu\u0219a\u201d, simbol al eroismului \u0219i rezisten\u021bei din timpul celui de-al Doilea R\u0103zboi Mondial.<\/p>\n<p>Membrii \u0219i sus\u021bin\u0103torii Blocului \u201eVictorie\u201d au subliniat c\u0103 melodia \u201eKatiu\u0219a\u201d nu este doar un simbol al luptei \u00eempotriva fascismului, ci \u0219i o parte important\u0103 a patrimoniului cultural al mai multor na\u021biuni, fiind tradus\u0103 \u0219i interpretat\u0103 \u00een diverse limbi.<\/p>\n<p>\u00cen cadrul flashmob-ului, participan\u021bii au reamintit autorit\u0103\u021bilor c\u0103 istoria nu trebuie uitat\u0103 \u0219i c\u0103 simbolurile eroismului din timpul celui de-al Doilea R\u0103zboi Mondial trebuie protejate, nu distorsionate sau ignorate.<\/p>\n<p>NATALIA PARASCA, pre\u0219edintele Partidului \u201dRena\u0219tere\u201d<\/p>\n<p>\u201dKatiu\u0219a\u201d este c\u00e2ntat\u0103 \u00een diferite \u021b\u0103ri \u0219i \u00eenmulte limbi. Sub aceast\u0103 melodie, oamenii au luptat \u0219i s-au b\u0103tut pentru via\u021b\u0103 \u0219i libertate, inclusiv pentru libertatea celor care acum cer scuze \u0219i pentru libertatea celor care acum \u00eei oblig\u0103 pe al\u021bii s\u0103 cear\u0103 scuze.\u00a0 Foarte mult sper\u0103m c\u0103 aceast\u0103 pies\u0103 va deveni un simbol al luptei cu ciuma galben\u0103.<\/p>\n<p>PAVEL VEREJANU, membru al Blocului \u201eVictorie\u201d<\/p>\n<p>Av\u00e2nd \u00eenvedere cele f\u0103cute de aceast\u0103 grupare criminal\u0103 PAS, care de altfel este \u0219i o cium\u0103 galben\u0103, o n\u0103paste a RM, \u00een urma celor f\u0103r\u0103 de legi \u0219i impunerea unui ansamblu din Israel s\u0103-i cer\u0103 scuze pentru un c\u00e2ntec, care \u00eentotdeauna a semnat pentru Uniunea Sovietic\u0103 \u0219i RM, care a participat \u00een Al Doilea R\u0103zboi Mondial \u00een eliberarea de fascism.<\/p>\n<p>\u0218i nici \u00eentr-un caz nu este o pies\u0103 de ru\u0219ine a\u0219a cum o socot cei sus\u021bin\u0103tori a lui Antonescu precum Maia Sandu, Recean \u0219i Grosu.<\/p>\n<p>Mai mult, membrii Blocului \u201eVictorie\u201d sus\u021bin c\u0103 pe teritoriul \u021b\u0103rii se observ\u0103 semnale de sus\u021binere a fascismului. \u00cen acest context, ei sus\u021bin c\u0103 Ministerului Culturii este cel care trebuie s\u0103 prezinte scuze pentru pozi\u021bia exprimat\u0103.<\/p>\n<p>IURII VITNEANSCHI, membru al Partidului \u201eRena\u0219tere\u201d<\/p>\n<p>Pentru genera\u021bia noastr\u0103, aceast\u0103 melodie este asociat\u0103 cu eroii celui de-al Doilea R\u0103zboi Mondial, cu bunicii \u0219i str\u0103bunicii care au eliberat lumea de sub ocupa\u021bia fascist\u0103. Astfel de c\u00e2ntece nu trebuie s\u0103 provoace ru\u0219ine. Nu trebuie s\u0103 cerem scuze pentru interpretarea lor. Scuzele trebuie s\u0103 le cear\u0103 mini\u0219trii pentru pozi\u021bia lor!<\/p>\n<p>VEACESLAV JUCOV, activist Blocul \u201dVictorie\u201d<\/p>\n<p>Din p\u0103cate, ast\u0103zi, Minsiterul Culturii s-a transformat \u00een Ministerul lipsit de Cultur\u0103.\u00a0 \u201dKatiu\u0219a\u201d a devenit un simbol \u00eenc\u0103 din timpul celui de-al Doilea R\u0103zboi Mondial, c\u00e2nd str\u0103bunicii \u0219i bunicii no\u0219tri eliberau lumea de fascism \u0219i na\u021bionalism.<\/p>\n<p>Ast\u0103zi, autorit\u0103\u021bilor Moldovei le-ar trebui o pastil\u0103 pentru memorie, pentru a- \u0219i aduce aminte de acele evenimente teribile \u00een care s-a n\u0103scut aceast\u0103 melodie \u0219i pentru care ast\u0103zi \u00eencearc\u0103 s\u0103 ob\u021bin\u0103 scuze din partea ansamblurilor.<\/p>\n<p>Piesa \u201eKatu\u0219a\u201d a r\u0103sunat \u0219i \u00eentr-un flashmob de amploare, organizat de Blocul Victorie \u00een B\u0103l\u021bi. \u00cen Pia\u021ba Central\u0103 a capitalei de nord, mai mul\u021bi oameni au interpretat la unison versurile cunoscutei piese.<\/p>\n<p>Organizatorii manifesta\u021biilor afirm\u0103 c\u0103 num\u0103rul mare de oameni care au r\u0103spuns apelului reprezentan\u021bilor Blocului \u201eVictorie\u201d de a participa la flashmob arat\u0103 c\u0103 cet\u0103\u021benii sunt revolta\u021bi de pozi\u021bia Ministerului Culturii din Moldova, care a cerut scuze din partea celor care au interpretat melodia \u201eKatiu\u0219a\u201d la concertul M\u0103r\u021bi\u0219or din Chi\u0219in\u0103u.<\/p>\n<p>\u0218i liderul Blocului \u201dVictorie\u201d, Ilan \u0218or a comentat scuzele Filarmonicii Na\u021bionale pentru interpretarea piesei \u201eKatiu\u0219a\u201d.<\/p>\n<p>Pe canalul s\u0103u de telegram politicianul a scris c\u0103, \u2013 cit\u0103m \u2013\u00a0 \u201dnimeni nu ne va interzice nou\u0103, nepo\u021bilor \u0219i str\u0103nepo\u021bilor \u00eenving\u0103torilor, s\u0103 c\u00e2nt\u0103m legendara \u201eKatiu\u0219a\u201d. Ast\u0103zi am f\u0103cut-o suficient de tare, ca s\u0103 se aud\u0103 \u00een fiecare birou al Ministerului Culturii.<\/p>\n<p>Nu vom permite batjocorirea memoriei Marii Victorii!\u201d\u00a0 a precizat Ilan \u0218or. La fel, politicianul a subliniat c\u0103, piesa \u201eKatiu\u0219a\u201d r\u0103sun\u0103 \u00een englez\u0103, ebraic\u0103, chinez\u0103 \u0219i \u00een zeci de alte limbi. Unii \u00eenva\u021b\u0103 chiar rusa special pentru a o c\u00e2nta. Pentru c\u0103 este o melodie cunoscut\u0103 \u00een \u00eentreaga lume, despre iubire \u0219i devotament.<\/p>\n<p>Dar \u00een Moldova, ast\u0103zi, astfel de sentimente au ajuns motiv de scuze. \u00cen sus\u021binerea afirma\u021biilor sale, Ilan \u0218or a postat un videoclip \u00een care chiar \u0219i arti\u0219ti de culoare interpreteaz\u0103 renumita pies\u0103, versurile c\u0103reia au m\u00e2ng\u00e2iat sufletele \u0219i le-au \u00eent\u0103rit cu duhul pe solda\u021bii care ne ap\u0103rau de groz\u0103viile nazismului.<\/p>\n<p>Preciz\u0103m c\u0103, \u00een cadrul celei de-a doua zile a Festivalului Interna\u021bional \u201eM\u0103r\u021bi\u0219or\u201d, organizat de Filarmonica Na\u021bional\u0103, un ansamblu muzical din Israel a interpretat melodia \u201eKatiu\u0219a\u201d. Acest lucru a st\u00e2rnit critici \u00een spa\u021biul online, iar at\u00e2t conducerea filarmonicii, c\u00e2t \u0219i muzicienii, au fost obliga\u021bi de Ministerul Culturii s\u0103 \u00ee\u0219i cear\u0103 scuze \u201epentru tema sovieto-militarist\u0103\u201d.<\/p>\n<p>\u201eKatiu\u0219a\u201d este o melodie emblematic\u0103 din perioada sovietic\u0103, compus\u0103 \u00een 1938 de Matvei Blanter \u0219i Mihail Isakovski. Piesa a devenit extrem de popular\u0103 \u00een timpul celui de-al Doilea R\u0103zboi Mondial, fiind asociat\u0103 cu eroismul, curajul \u0219i sacrificiul solda\u021bilor sovietici \u00een fa\u021ba invaziei naziste.<\/p>\n<p>Melodia poveste\u0219te despre o t\u00e2n\u0103r\u0103, Katiu\u0219a, care \u00ee\u0219i exprim\u0103 dorul \u0219i iubirea pentru iubitul s\u0103u aflat pe front, lupt\u00e2nd \u00eempotriva du\u0219manului. \u201eKatiu\u0219a\u201d simboliza leg\u0103tura \u00eentre iubire \u0219i lupta pentru ap\u0103rarea patriei, dar \u0219i mobilizarea poporului sovietic \u00een fa\u021ba unei amenin\u021b\u0103ri externe. \u0218i acum continu\u0103 s\u0103 fie interpretat\u0103 \u00een diferite limbi pe toate continentele.<\/p>\n<p>\u00cen timpul r\u0103zboiului, melodia a devenit un simbol al unit\u0103\u021bii \u0219i rezisten\u021bei na\u021bionale \u0219i a fost c\u00e2ntat\u0103 de solda\u021bi \u0219i civili deopotriv\u0103. Ast\u0103zi, \u201eKatiu\u0219a\u201d este considerat\u0103 o pies\u0103 cult din cultura rus\u0103 \u0219i sovietic\u0103, fiind tradus\u0103 \u00een multe limbi \u0219i asociat\u0103 cu momente de comemorare a celor care au luptat \u00een r\u0103zboi. De asemenea, melodia este un simbol al eroismului \u0219i al sacrificiului \u00een numele p\u0103cii \u0219i al libert\u0103\u021bii.<\/p>\n<\/div>\n","protected":false},"excerpt":{"rendered":"<div><img loading=\"lazy\" decoding=\"async\" width=\"696\" height=\"309\" src=\"https:\/\/canal5.md\/wp-content\/uploads\/2025\/03\/blob-3-optimized.jpg\" class=\"attachment-large size-large wp-post-image\" alt=\"\" srcset=\"https:\/\/canal5.md\/wp-content\/uploads\/2025\/03\/blob-3-optimized.jpg 1019w, https:\/\/canal5.md\/wp-content\/uploads\/2025\/03\/blob-3-300x133-optimized.jpg 300w, https:\/\/canal5.md\/wp-content\/uploads\/2025\/03\/blob-3-768x341-optimized.jpg 768w, https:\/\/canal5.md\/wp-content\/uploads\/2025\/03\/blob-3-696x309-optimized.jpg 696w\">\u00a0Legendara pies\u0103 \u201eKatiu\u0219a\u201d a r\u0103sunat sub ferestrele Ministerului Culturii \u0219i pe str\u0103zile din Chi\u0219in\u0103u. Reprezentan\u021bii \u0219i sus\u021bin\u0103torii Blocului \u201eVictorie\u201d au organizat un flashmob cu titlul \u201eC\u00e2nt\u0103m \u00abKatiu\u0219a\u00bb \u2013 lupt\u0103m \u00eempotriva reabilit\u0103rii nazismului\u201d, \u00een cadrul c\u0103ruia au interpretat aceast\u0103 melodie, \u00een semn de protest fa\u021b\u0103 de cerin\u021ba Ministerului Culturii de a cere scuze pentru interpretarea piesei [\u2026]<\/div>\n","protected":false},"author":1,"featured_media":68394,"comment_status":"closed","ping_status":"closed","sticky":false,"template":"","format":"standard","meta":{"jnews-multi-image_gallery":[],"jnews_single_post":[],"jnews_primary_category":[],"jnews_social_meta":[],"jnews_override_counter":[],"footnotes":""},"categories":[30],"tags":[],"class_list":["post-68393","post","type-post","status-publish","format-standard","has-post-thumbnail","hentry","category-social_ro"],"_links":{"self":[{"href":"https:\/\/orheifm.live\/index.php\/wp-json\/wp\/v2\/posts\/68393","targetHints":{"allow":["GET"]}}],"collection":[{"href":"https:\/\/orheifm.live\/index.php\/wp-json\/wp\/v2\/posts"}],"about":[{"href":"https:\/\/orheifm.live\/index.php\/wp-json\/wp\/v2\/types\/post"}],"author":[{"embeddable":true,"href":"https:\/\/orheifm.live\/index.php\/wp-json\/wp\/v2\/users\/1"}],"replies":[{"embeddable":true,"href":"https:\/\/orheifm.live\/index.php\/wp-json\/wp\/v2\/comments?post=68393"}],"version-history":[{"count":0,"href":"https:\/\/orheifm.live\/index.php\/wp-json\/wp\/v2\/posts\/68393\/revisions"}],"wp:featuredmedia":[{"embeddable":true,"href":"https:\/\/orheifm.live\/index.php\/wp-json\/wp\/v2\/media\/68394"}],"wp:attachment":[{"href":"https:\/\/orheifm.live\/index.php\/wp-json\/wp\/v2\/media?parent=68393"}],"wp:term":[{"taxonomy":"category","embeddable":true,"href":"https:\/\/orheifm.live\/index.php\/wp-json\/wp\/v2\/categories?post=68393"},{"taxonomy":"post_tag","embeddable":true,"href":"https:\/\/orheifm.live\/index.php\/wp-json\/wp\/v2\/tags?post=68393"}],"curies":[{"name":"wp","href":"https:\/\/api.w.org\/{rel}","templated":true}]}}