{"id":68391,"date":"2025-03-04T21:11:54","date_gmt":"2025-03-04T19:11:54","guid":{"rendered":"https:\/\/orheifm.live\/index.php\/2025\/03\/04\/fermierii-moldoveni-ameninta-cu-noi-proteste-dupa-esecul-masurilor-guvernamentale-de-sprijin-video\/"},"modified":"2025-03-04T21:11:54","modified_gmt":"2025-03-04T19:11:54","slug":"fermierii-moldoveni-ameninta-cu-noi-proteste-dupa-esecul-masurilor-guvernamentale-de-sprijin-video","status":"publish","type":"post","link":"https:\/\/orheifm.live\/index.php\/2025\/03\/04\/fermierii-moldoveni-ameninta-cu-noi-proteste-dupa-esecul-masurilor-guvernamentale-de-sprijin-video\/","title":{"rendered":"Fermierii Moldoveni Amenin\u021b\u0103 cu noi Proteste dup\u0103 E\u0219ecul M\u0103surilor Guvernamentale de Sprijin |VIDEO"},"content":{"rendered":"<div>\n<p><strong>Fermierii moldoveni sunt preg\u0103ti\u021bi pentru noi proteste. Asocia\u021bia For\u021ba Fermierilor a spus c\u0103 niciuna dintre m\u0103surile de interven\u021bie urgent\u0103, propuse de agricultori c\u0103tre Guvern pentru a mi\u0219ca din impas situa\u021bia, nu s-a materializat deocamdat\u0103 \u00een ac\u021biuni rapide sau concrete.<\/strong><br \/>\n<iframe loading=\"lazy\" title=\"YouTube video player\" src=\"https:\/\/www.youtube.com\/embed\/N5fAfGZviAo?si=2txc7E2F-bDX7Lwo\" width=\"560\" height=\"315\" frameborder=\"0\" allowfullscreen=\"allowfullscreen\"><\/iframe><br \/>\n\u201eAgricultura \u0219i p\u0103m\u00e2ntul nu a\u0219teapt\u0103, fiecare zi de \u00eent\u00e2rziere sau am\u00e2nare ad\u00e2nce\u0219te \u0219i mai mult groapa \u00een care se rostogole\u0219te sistemul agricol din Moldova\u201d, se arat\u0103 \u00eentr-un comunicat al organiza\u021biei. Fermierii sus\u021bin c\u0103 recenta lor \u00eent\u00e2lnire cu conducerea Ministerului de Finan\u021be a fost una \u201esteril\u0103\u201d, iar abordarea institu\u021biei fa\u021b\u0103 de ramura agriculturii a fost una \u201esuperficial\u0103\u201d.<\/p>\n<p>Potrivit fermierilor, oficialii au luat o pozi\u021bie oficial\u0103, ignor\u00e2nd \u00een esen\u021b\u0103 criza din una dintre cele mai importante industrii ale \u021b\u0103rii. Ministerul Finan\u021belor refuz\u0103 compensarea accizei la motorin\u0103 pentru anul 2024 \u0219i pune sub semnul \u00eentreb\u0103rii extinderea programului de rambursare a TVA.<\/p>\n<p>Organiza\u021bia spune c\u0103 m\u0103surile promise de guvern nu vor intra \u00een vigoare dec\u00e2t \u00een iulie, prea t\u00e2rziu pentru a salva situa\u021bia critic\u0103. Asocia\u021bia mai declar\u0103 c\u0103 agricultorii sunt \u00een pragul falimentului.<\/p>\n<p>Din cauza situa\u021biei actuale, b\u0103ncile refuz\u0103 s\u0103 acorde \u00eemprumuturi, iar furnizorii de materiale agricole nu accept\u0103 pl\u0103\u021bi \u00een rate, ceea ce face imposibil\u0103 continuarea activit\u0103\u021bilor agricole.<\/p>\n<p>Noul sezon este amenin\u021bat nu doar din cauza condi\u021biilor meteo nefavorabile, ci \u0219i din cauza lipsei unui sprijin real din partea statului, subliniaz\u0103 Asocia\u021bia For\u021ba Fermierilor, care avertizeaz\u0103 c\u0103 \u00een condi\u021bii de inac\u021biune a autorit\u0103\u021bilor \u00ee\u0219i rezerv\u0103 dreptul constitu\u021bional de a organiza proteste \u00een mas\u0103.<\/p>\n<\/div>\n","protected":false},"excerpt":{"rendered":"<div><img loading=\"lazy\" decoding=\"async\" width=\"696\" height=\"356\" src=\"https:\/\/canal5.md\/wp-content\/uploads\/2024\/02\/31256542-1-920x471-1-jpg-optimized.webp\" class=\"attachment-large size-large wp-post-image\" alt=\"\" srcset=\"https:\/\/canal5.md\/wp-content\/uploads\/2024\/02\/31256542-1-920x471-1-jpg-optimized.webp 920w, https:\/\/canal5.md\/wp-content\/uploads\/2024\/02\/31256542-1-920x471-1-300x154-optimized.webp 300w, https:\/\/canal5.md\/wp-content\/uploads\/2024\/02\/31256542-1-920x471-1-768x393-optimized.webp 768w, https:\/\/canal5.md\/wp-content\/uploads\/2024\/02\/31256542-1-920x471-1-696x356-optimized.webp 696w\">Fermierii moldoveni sunt preg\u0103ti\u021bi pentru noi proteste. Asocia\u021bia For\u021ba Fermierilor a spus c\u0103 niciuna dintre m\u0103surile de interven\u021bie urgent\u0103, propuse de agricultori c\u0103tre Guvern pentru a mi\u0219ca din impas situa\u021bia, nu s-a materializat deocamdat\u0103 \u00een ac\u021biuni rapide sau concrete. \u201eAgricultura \u0219i p\u0103m\u00e2ntul nu a\u0219teapt\u0103, fiecare zi de \u00eent\u00e2rziere sau am\u00e2nare ad\u00e2nce\u0219te \u0219i mai mult groapa [\u2026]<\/div>\n","protected":false},"author":1,"featured_media":68392,"comment_status":"closed","ping_status":"closed","sticky":false,"template":"","format":"standard","meta":{"jnews-multi-image_gallery":[],"jnews_single_post":[],"jnews_primary_category":[],"jnews_social_meta":[],"jnews_override_counter":[],"footnotes":""},"categories":[30],"tags":[],"class_list":["post-68391","post","type-post","status-publish","format-standard","has-post-thumbnail","hentry","category-social_ro"],"_links":{"self":[{"href":"https:\/\/orheifm.live\/index.php\/wp-json\/wp\/v2\/posts\/68391","targetHints":{"allow":["GET"]}}],"collection":[{"href":"https:\/\/orheifm.live\/index.php\/wp-json\/wp\/v2\/posts"}],"about":[{"href":"https:\/\/orheifm.live\/index.php\/wp-json\/wp\/v2\/types\/post"}],"author":[{"embeddable":true,"href":"https:\/\/orheifm.live\/index.php\/wp-json\/wp\/v2\/users\/1"}],"replies":[{"embeddable":true,"href":"https:\/\/orheifm.live\/index.php\/wp-json\/wp\/v2\/comments?post=68391"}],"version-history":[{"count":0,"href":"https:\/\/orheifm.live\/index.php\/wp-json\/wp\/v2\/posts\/68391\/revisions"}],"wp:featuredmedia":[{"embeddable":true,"href":"https:\/\/orheifm.live\/index.php\/wp-json\/wp\/v2\/media\/68392"}],"wp:attachment":[{"href":"https:\/\/orheifm.live\/index.php\/wp-json\/wp\/v2\/media?parent=68391"}],"wp:term":[{"taxonomy":"category","embeddable":true,"href":"https:\/\/orheifm.live\/index.php\/wp-json\/wp\/v2\/categories?post=68391"},{"taxonomy":"post_tag","embeddable":true,"href":"https:\/\/orheifm.live\/index.php\/wp-json\/wp\/v2\/tags?post=68391"}],"curies":[{"name":"wp","href":"https:\/\/api.w.org\/{rel}","templated":true}]}}