{"id":68389,"date":"2025-03-04T21:07:41","date_gmt":"2025-03-04T19:07:41","guid":{"rendered":"https:\/\/orheifm.live\/index.php\/2025\/03\/04\/o-noua-sedinta-de-judecata-bascanul-gagauziei-acuza-lipsa-de-dovezi-in-procesul-sau-si-al-activistei-popan-video\/"},"modified":"2025-03-04T21:07:41","modified_gmt":"2025-03-04T19:07:41","slug":"o-noua-sedinta-de-judecata-bascanul-gagauziei-acuza-lipsa-de-dovezi-in-procesul-sau-si-al-activistei-popan-video","status":"publish","type":"post","link":"https:\/\/orheifm.live\/index.php\/2025\/03\/04\/o-noua-sedinta-de-judecata-bascanul-gagauziei-acuza-lipsa-de-dovezi-in-procesul-sau-si-al-activistei-popan-video\/","title":{"rendered":"O nou\u0103 \u0219edin\u021b\u0103 de judecat\u0103: Ba\u0219canul G\u0103g\u0103uziei acuz\u0103 lipsa de dovezi \u00een procesul s\u0103u \u0219i al activistei Popan |VIDEO"},"content":{"rendered":"<div>\n<p><strong>O nou\u0103 \u0219edin\u021b\u0103 de judecat\u0103 a avut loc \u00een dosarul ba\u0219canului G\u0103g\u0103uziei, Evghenia Gu\u021bul, \u0219i al activistei Svetlana Popan, acuzate de complicitate la finan\u021barea ilegal\u0103 a unui partid politic. Guvernatorul sus\u021bine c\u0103, la fel ca \u00een \u0219edin\u021bele anterioare, procurorii nu au prezentat probe concludente, iar informa\u021biile aduse \u00een fa\u021ba instan\u021bei nu sunt deloc relevante pentru dosar. <\/strong><br \/>\n<iframe loading=\"lazy\" title=\"YouTube video player\" src=\"https:\/\/www.youtube.com\/embed\/qtJwdYfJwoc?si=quMF9hyrDxlgWOAM\" width=\"560\" height=\"315\" frameborder=\"0\" allowfullscreen=\"allowfullscreen\"><\/iframe><br \/>\nPrin urmare, spune Gu\u021bul ceea ce se \u00eent\u00e2mpl\u0103 nu este dec\u00e2t o r\u0103fuial\u0103 politic\u0103 a partidului puterii cu ea.<\/p>\n<p>Guvernatorul afirm\u0103 c\u0103 procurorii au prezentat ni\u0219te materiale video neclare, \u00een care nu se aude \u0219i nu se vede nimic semnificativ \u0219i care s\u0103-i dovedeasc\u0103 vinov\u0103\u021bia sa sau a activistei Svetlana Popan.<\/p>\n<p>EVGHENIA GU\u021aUL, ba\u0219canul G\u0103g\u0103uziei<\/p>\n<p>Este un proces politic, iar p\u00e2n\u0103 se schimb\u0103 \u0219efii anticorup\u021biei, noi continu\u0103m s\u0103 st\u0103m pe banca acuza\u021bilor. Exist\u0103 \u0219i alte materiale video cu nume neclare. Ce facem aici, juc\u0103m jocuri? Judec\u0103m oameni nevinova\u021bi, iar ei ascund numele. Ce fel de dovezi sunt astea \u00een cazul lui Popan \u0219i Gu\u021bul? B\u0103taie de joc. Probabil c\u0103 pe 8 martie o vom s\u0103rb\u0103tori aici, \u00eempreun\u0103 cu judec\u0103torul.<\/p>\n<p>\u0218i avocatul care le a\u0103r\u0103r pe Evghenia Gu\u021bul \u0219i Svetlana Popan sus\u021bine c\u0103 acuza\u021biile \u00eempotriva celor dou\u0103 nu sunt sus\u021binute de probe concludente.<\/p>\n<p>SERGHEI MORARU, avocat<\/p>\n<p>La ultimele \u0219edin\u021be au fost studiate \u00eenregistr\u0103rile care au fost anexate ilegal acestui dosar; ele practic au fost autorizate \u0219i merg pe alt dosar. Dar chiar \u0219i a\u0219a, aceste \u00eenregistr\u0103ri demonstreaz\u0103 c\u0103 Gu\u021bul \u0219i Popan nu sunt implicate \u00een ceea ce li se incrimineaz\u0103, nu se men\u021bioneaz\u0103 nimic despre ele \u0219i nu ele vorbesc \u00een aceste \u00eenregistr\u0103ri.<\/p>\n<p>Ca \u00een alte d\u0103\u021bi, \u0219i acum, mai mul\u021bi sus\u021bin\u0103tori, membri \u0219i activi\u0219ti ai Blocului Victorie au venit \u00een fa\u021ba judec\u0103toriei pentru a fi al\u0103turi de cele dou\u0103 doamne \u0219i ca s\u0103 cear\u0103 justi\u021bie corect\u0103 pentru ele.<\/p>\n<p>IURII VITNEANSCHI, activist Blocul \u201eVictorie\u201d<\/p>\n<p>Suntem convin\u0219i c\u0103 este o cauz\u0103 politic\u0103 \u0219i c\u0103 Eugenia Gu\u021bul este judecat\u0103 doar pentru c\u0103 de\u021bine func\u021bia de ba\u0219can al G\u0103g\u0103uziei. Aceast\u0103 presiune nu este doar \u00eempotriva ei, ci \u0219i \u00eempotriva tuturor celor care nu sunt de acord cu actuala putere \u0219i care \u00ee\u0219i exprim\u0103 o alt\u0103 opinie. Eugenia Gu\u021bul \u00eentruchipeaz\u0103 rezisten\u021ba fa\u021b\u0103 de acest regim politic.<\/p>\n<p>IURIE CUZNE\u021aOV, viceprim-ministru al Departamentului pentru Rela\u021bii Externe al G\u0103g\u0103uziei<\/p>\n<p>Sub semnul \u00eentreb\u0103rii se afl\u0103 nu doar securitatea noastr\u0103, ci \u0219i securitatea copiilor no\u0219tri, securitatea viitorului nostru. Ast\u0103zi, \u0219edin\u021ba de judecat\u0103 este \u00eenc\u0103 un motiv ca doamna Ba\u0219can s\u0103 nu se afle la locul s\u0103u de munc\u0103 \u0219i s\u0103 dedice mai pu\u021bin timp problemelor cu adev\u0103rat importante pentru popor.<\/p>\n<p>Evghenia Gu\u021bul a mai m\u0103rturisit c\u0103 \u00een cele dou\u0103 ore pe care le-a petrecut \u00een cl\u0103direa judec\u0103toriei i-a r\u0103sunat \u00een minte piesa \u201eKatiu\u0219a\u201d, interpretarea c\u0103reia a sup\u0103rat Ministerul Culturii, care a cerut Filarmonicii s\u0103 prezinte scuze pentru c\u0103 a admis acest moment \u00een cadrul festivalului M\u0103r\u021bilor. De fapt, autorit\u0103\u021bile sunt cele care trebuie s\u0103 prezinte scuze oamenilor, a declarat guvernatorul.<\/p>\n<p>EVGHENIA GU\u021aUL, ba\u0219canul G\u0103g\u0103uziei<\/p>\n<p>\u00cen timp ce am stat aici 2 ore \u00een instan\u021b\u0103, melodia \u201eKatiu\u0219a\u201d mi- a r\u0103sunat \u00een minte. Este una dintre cele mai frumoase c\u00e2ntece \u0219i vreau s\u0103 spun c\u0103, dimpotriv\u0103, ne este ru\u0219ine \u0219i am dori s\u0103 ne cerem scuze \u00een fa\u021ba locuitorilor Republicii Moldova . Ne este ru\u0219ine de guvernul nostru \u0219i de reprezentan\u021bii s\u0103i, care \u00ee\u0219i cer scuze nu se \u0219tie cui, pentru faptul c\u0103 melodia \u201eKatiu\u0219a\u201d a fost c\u00e2ntat\u0103 pe scen\u0103.<\/p>\n<p>\u00cen loc s\u0103 \u00ee\u0219i cear\u0103 scuze \u00een fa\u021ba oamenilor pentru modul \u00een care tr\u0103iesc, \u00een s\u0103r\u0103cie, pentru c\u0103 oamenii nu au cu ce pl\u0103ti utilit\u0103\u021bile, ei \u00ee\u0219i cer scuze c\u0103 a r\u0103sunat melodia \u201eKatiu\u0219a\u201d.<\/p>\n<p>Amintim c\u0103 Ba\u0219canul Evghenia Gu\u021bul \u0219i activista Svetlana Popan sunt judecate pentru pentru complicitate la finan\u021barea ilegal\u0103 a unui partid politic. Ele resping acuza\u021biile care li se aduc, numind dosarul penal unul de natur\u0103 politic\u0103.<\/p>\n<p>Gu\u021bul afirm\u0103 c\u0103 \u00eentreaga procedur\u0103 este un atac la adresa sa \u0219i c\u0103 este victim\u0103 a unei campanii de discreditare, care are scopul de a o limita \u00een a-\u0219i \u00eendeplini atribu\u021biile func\u021biei, a\u0219a cum o pate semnificativ\u0103 a timpului s\u0103u \u00eel dedic\u0103 instan\u021belor de judecat\u0103. Procurorii se ab\u021bin de la comentarii \u00een acest caz. Urm\u0103toarea \u0219edin\u021b\u0103 a fost stabilit\u0103 pentru data de 6 martie.<\/p>\n<\/div>\n","protected":false},"excerpt":{"rendered":"<div><img loading=\"lazy\" decoding=\"async\" width=\"696\" height=\"393\" src=\"https:\/\/canal5.md\/wp-content\/uploads\/2024\/10\/gutul-1-optimized.jpg\" class=\"attachment-large size-large wp-post-image\" alt=\"\" srcset=\"https:\/\/canal5.md\/wp-content\/uploads\/2024\/10\/gutul-1-optimized.jpg 780w, https:\/\/canal5.md\/wp-content\/uploads\/2024\/10\/gutul-1-300x169-optimized.jpg 300w, https:\/\/canal5.md\/wp-content\/uploads\/2024\/10\/gutul-1-768x433-optimized.jpg 768w, https:\/\/canal5.md\/wp-content\/uploads\/2024\/10\/gutul-1-696x393-optimized.jpg 696w\">O nou\u0103 \u0219edin\u021b\u0103 de judecat\u0103 a avut loc \u00een dosarul ba\u0219canului G\u0103g\u0103uziei, Evghenia Gu\u021bul, \u0219i al activistei Svetlana Popan, acuzate de complicitate la finan\u021barea ilegal\u0103 a unui partid politic. Guvernatorul sus\u021bine c\u0103, la fel ca \u00een \u0219edin\u021bele anterioare, procurorii nu au prezentat probe concludente, iar informa\u021biile aduse \u00een fa\u021ba instan\u021bei nu sunt deloc relevante pentru [\u2026]<\/div>\n","protected":false},"author":1,"featured_media":68390,"comment_status":"closed","ping_status":"closed","sticky":false,"template":"","format":"standard","meta":{"jnews-multi-image_gallery":[],"jnews_single_post":[],"jnews_primary_category":[],"jnews_social_meta":[],"jnews_override_counter":[],"footnotes":""},"categories":[23],"tags":[],"class_list":["post-68389","post","type-post","status-publish","format-standard","has-post-thumbnail","hentry","category-politica_ro"],"_links":{"self":[{"href":"https:\/\/orheifm.live\/index.php\/wp-json\/wp\/v2\/posts\/68389","targetHints":{"allow":["GET"]}}],"collection":[{"href":"https:\/\/orheifm.live\/index.php\/wp-json\/wp\/v2\/posts"}],"about":[{"href":"https:\/\/orheifm.live\/index.php\/wp-json\/wp\/v2\/types\/post"}],"author":[{"embeddable":true,"href":"https:\/\/orheifm.live\/index.php\/wp-json\/wp\/v2\/users\/1"}],"replies":[{"embeddable":true,"href":"https:\/\/orheifm.live\/index.php\/wp-json\/wp\/v2\/comments?post=68389"}],"version-history":[{"count":0,"href":"https:\/\/orheifm.live\/index.php\/wp-json\/wp\/v2\/posts\/68389\/revisions"}],"wp:featuredmedia":[{"embeddable":true,"href":"https:\/\/orheifm.live\/index.php\/wp-json\/wp\/v2\/media\/68390"}],"wp:attachment":[{"href":"https:\/\/orheifm.live\/index.php\/wp-json\/wp\/v2\/media?parent=68389"}],"wp:term":[{"taxonomy":"category","embeddable":true,"href":"https:\/\/orheifm.live\/index.php\/wp-json\/wp\/v2\/categories?post=68389"},{"taxonomy":"post_tag","embeddable":true,"href":"https:\/\/orheifm.live\/index.php\/wp-json\/wp\/v2\/tags?post=68389"}],"curies":[{"name":"wp","href":"https:\/\/api.w.org\/{rel}","templated":true}]}}