{"id":68387,"date":"2025-03-04T21:05:47","date_gmt":"2025-03-04T19:05:47","guid":{"rendered":"https:\/\/orheifm.live\/index.php\/2025\/03\/04\/acuzatii-de-falsificare-a-documentelor-si-abuz-de-putere-in-justitia-din-moldova-alexei-panis-dezvaluie-informatii-falsificate-in-cazul-sau-video\/"},"modified":"2025-03-04T21:05:47","modified_gmt":"2025-03-04T19:05:47","slug":"acuzatii-de-falsificare-a-documentelor-si-abuz-de-putere-in-justitia-din-moldova-alexei-panis-dezvaluie-informatii-falsificate-in-cazul-sau-video","status":"publish","type":"post","link":"https:\/\/orheifm.live\/index.php\/2025\/03\/04\/acuzatii-de-falsificare-a-documentelor-si-abuz-de-putere-in-justitia-din-moldova-alexei-panis-dezvaluie-informatii-falsificate-in-cazul-sau-video\/","title":{"rendered":"Acuza\u021bii de Falsificare a Documentelor \u0219i Abuz de Putere \u00een Justi\u021bia din Moldova: Alexei Pani\u0219 Dezv\u0103luie Informa\u021bii Falsificate \u00een Cazul S\u0103u |VIDEO"},"content":{"rendered":"<div>\n<p><strong>Expunere scandaloas\u0103 \u00een sistemul judiciar din Moldova! Fostul judec\u0103tor Alexei Panis \u0219i-a \u00eendeplinit promisiunea \u0219i a publicat documente care confirm\u0103 c\u0103 a fost demis de pre\u0219edintele Maia Sandu pe baza unor informa\u021bii falsificate furnizate de fostul \u0219ef al CNA, Iulian Rusu. <\/strong><br \/>\n<iframe loading=\"lazy\" title=\"YouTube video player\" src=\"https:\/\/www.youtube.com\/embed\/2YMfC5AQpMo?si=yKZ33g-DNrrpEAsp\" width=\"560\" height=\"315\" frameborder=\"0\" allowfullscreen=\"allowfullscreen\"><\/iframe><br \/>\nAlexei Pani\u0219 crede c\u0103 a fost exclus din sistemul judiciar pentru c\u0103 a criticat procedura de vetting \u0219i pre-vetting, care, potrivit acestuia, nu are nicio leg\u0103tur\u0103 cu scopul declarat de a reforma sistemul de justi\u021bie.<\/p>\n<p>Fostul judec\u0103tor Alexei Pani\u0219 a spus c\u0103 la baza demiterii sale din justi\u021bie au fost date false prezentate administra\u021biei pre\u0219edintelui Republicii Moldova Maia Sandu \u0219i Comisiei de prevenire de c\u0103tre Centrul Na\u021bional Anticorup\u021bie. Acestea ar viza diferen\u021ba dintre venitul s\u0103u declarat \u0219i bunul primit, precum \u0219i provenien\u021ba bunurilor. Fostul judec\u0103tor a depus pl\u00e2ngere la Procuratura Anticorup\u021bie.<\/p>\n<p>Potrivit documentelor publicate, informa\u021biile despre proprietatea sa au fost denaturate \u00een raportul CNA. Se indic\u0103 faptul c\u0103 \u00een anul 2018 a achizi\u021bionat un teren \u0219i o cas\u0103 \u00een suprafa\u021b\u0103 de 123,9 mp. \u00een valoare de 3 milioane lei cu venit declarat de 1,3 milioane lei. Faptele indic\u0103 \u00eens\u0103 c\u0103 casa a fost construit\u0103 abia \u00een 2021, iar cifrele date nu corespund realit\u0103\u021bii, insist\u0103 fostul judec\u0103tor.<\/p>\n<p>Potrivit acestuia, dup\u0103 ce Iulian Rusu a plecat de la \u0219efia CNA, \u00een septembrie 2023, s-a stabilit c\u0103 nu exist\u0103 discrepan\u021be \u00eentre venituri \u0219i proprietate. Pani\u0219 o nume\u0219te pe Rusu specialist \u00een ONG-uri judec\u0103tore\u0219ti c\u0103ruia i s-a dat postul de director al Centrului Na\u021bional Anticorup\u021bie.<\/p>\n<p>De asemenea, el\u00a0 a distribuit o publica\u021bie pe pagina sa de Facebook, care noteaz\u0103 c\u0103 \u00eenainte de a conduce agen\u021bia de aplicare a legii, Rusu a lucrat \u00eentr-o organiza\u021bie neguvernamental\u0103 finan\u021bat\u0103 de USAID \u0219i Funda\u021bia Soros. \u0218i c\u0103 presa, care lucreaz\u0103 \u00een detrimentul acestor structuri, tace despre un caz flagrant de falsificare.<\/p>\n<p>CANAL 5 a \u00eencercat s\u0103 ob\u021bin\u0103 o reac\u021bie de la CNA la acuza\u021biile fostului judec\u0103tor, dar reprezentan\u021bii institu\u021biei ne-au spus c\u0103 nu comenteaz\u0103, av\u00e2nd \u00een vedere c\u0103 procurorii cerceteaz\u0103 cazul. Am solicitat o reac\u021bie \u0219i de la Procuratura, dar p\u00e2n\u0103 la momentul edit\u0103rii acestui material nu am primit un r\u0103spuns.<\/p>\n<p>Alexei Pani\u0219 leag\u0103 excluderea sa din sistemul judiciar cu critica la adresa reformei justi\u021biei, al c\u0103rei scop, \u00een opinia sa, este ca guvernarea s\u0103-\u0219i numeasc\u0103 oamenii \u00een pozi\u021bii cheie. El a devenit cunoscut \u00een 2021, c\u00e2nd a anulat decretul Maiei Sandu, prin care Vladislav Clima a fost eliberat din func\u021bia de pre\u0219edinte al Cur\u021bii de Apel Chi\u0219in\u0103u.<\/p>\n<p>\u0218eful statului l-a demis pe judec\u0103tor la propunerea Consiliului Suprem al Magistraturii, care la sf\u00e2r\u0219itul anului trecut a respins cererea judec\u0103torului de re\u00eencadrare \u00een func\u021bie \u00eenainte de a \u00eemplini limita de v\u00e2rst\u0103. CSM s-a referit la lege, potrivit c\u0103reia un judec\u0103tor al c\u0103rui mandat a expirat \u0219i nu a fost confirmat trebuie revocat din func\u021bie.<\/p>\n<p>De men\u021bionat c\u0103 fostul procuror anticorup\u021bie Victoria Furtun\u0103 a declarat anterior c\u0103 cazul \u00eempotriva lui Pani\u0219 a fost fabricat \u0219i Sandu \u0219tia despre asta. Ea a \u00eenceput o anchet\u0103 \u00een aceast\u0103 problem\u0103, dar nu a reu\u0219it s\u0103 finalizeze ceea ce a \u00eenceput. Furtun\u0103 a fost for\u021bat\u0103 s\u0103 demisioneze pentru c\u0103 SIS a numit-o o amenin\u021bare la adresa securit\u0103\u021bii na\u021bionale.<\/p>\n<\/div>\n","protected":false},"excerpt":{"rendered":"<div><img decoding=\"async\" width=\"592\" height=\"334\" src=\"https:\/\/canal5.md\/wp-content\/uploads\/2025\/03\/418d39e62d5ed94ae6bd635f164c2cd6-optimized.jpg\" class=\"attachment-large size-large wp-post-image\" alt=\"\" loading=\"lazy\" srcset=\"https:\/\/canal5.md\/wp-content\/uploads\/2025\/03\/418d39e62d5ed94ae6bd635f164c2cd6-optimized.jpg 592w, https:\/\/canal5.md\/wp-content\/uploads\/2025\/03\/418d39e62d5ed94ae6bd635f164c2cd6-300x169-optimized.jpg 300w\">Expunere scandaloas\u0103 \u00een sistemul judiciar din Moldova! Fostul judec\u0103tor Alexei Panis \u0219i-a \u00eendeplinit promisiunea \u0219i a publicat documente care confirm\u0103 c\u0103 a fost demis de pre\u0219edintele Maia Sandu pe baza unor informa\u021bii falsificate furnizate de fostul \u0219ef al CNA, Iulian Rusu. Alexei Pani\u0219 crede c\u0103 a fost exclus din sistemul judiciar pentru c\u0103 a criticat [\u2026]<\/div>\n","protected":false},"author":1,"featured_media":68388,"comment_status":"closed","ping_status":"closed","sticky":false,"template":"","format":"standard","meta":{"jnews-multi-image_gallery":[],"jnews_single_post":[],"jnews_primary_category":[],"jnews_social_meta":[],"jnews_override_counter":[],"footnotes":""},"categories":[23],"tags":[],"class_list":["post-68387","post","type-post","status-publish","format-standard","has-post-thumbnail","hentry","category-politica_ro"],"_links":{"self":[{"href":"https:\/\/orheifm.live\/index.php\/wp-json\/wp\/v2\/posts\/68387","targetHints":{"allow":["GET"]}}],"collection":[{"href":"https:\/\/orheifm.live\/index.php\/wp-json\/wp\/v2\/posts"}],"about":[{"href":"https:\/\/orheifm.live\/index.php\/wp-json\/wp\/v2\/types\/post"}],"author":[{"embeddable":true,"href":"https:\/\/orheifm.live\/index.php\/wp-json\/wp\/v2\/users\/1"}],"replies":[{"embeddable":true,"href":"https:\/\/orheifm.live\/index.php\/wp-json\/wp\/v2\/comments?post=68387"}],"version-history":[{"count":0,"href":"https:\/\/orheifm.live\/index.php\/wp-json\/wp\/v2\/posts\/68387\/revisions"}],"wp:featuredmedia":[{"embeddable":true,"href":"https:\/\/orheifm.live\/index.php\/wp-json\/wp\/v2\/media\/68388"}],"wp:attachment":[{"href":"https:\/\/orheifm.live\/index.php\/wp-json\/wp\/v2\/media?parent=68387"}],"wp:term":[{"taxonomy":"category","embeddable":true,"href":"https:\/\/orheifm.live\/index.php\/wp-json\/wp\/v2\/categories?post=68387"},{"taxonomy":"post_tag","embeddable":true,"href":"https:\/\/orheifm.live\/index.php\/wp-json\/wp\/v2\/tags?post=68387"}],"curies":[{"name":"wp","href":"https:\/\/api.w.org\/{rel}","templated":true}]}}