{"id":68385,"date":"2025-03-04T21:01:07","date_gmt":"2025-03-04T19:01:07","guid":{"rendered":"https:\/\/orheifm.live\/index.php\/2025\/03\/04\/donald-trump-catre-ursula-si-sandu-v-ati-iesit-cu-totul-din-minti-ce-a-vrut-sa-spuna-presedintele-american-video\/"},"modified":"2025-03-04T21:01:07","modified_gmt":"2025-03-04T19:01:07","slug":"donald-trump-catre-ursula-si-sandu-v-ati-iesit-cu-totul-din-minti-ce-a-vrut-sa-spuna-presedintele-american-video","status":"publish","type":"post","link":"https:\/\/orheifm.live\/index.php\/2025\/03\/04\/donald-trump-catre-ursula-si-sandu-v-ati-iesit-cu-totul-din-minti-ce-a-vrut-sa-spuna-presedintele-american-video\/","title":{"rendered":"Donald Trump c\u0103tre Ursula \u0219i Sandu: V-a\u021bi Ie\u0219it Cu Totul Din Min\u021bi? Ce a vrut s\u0103 spun\u0103 pre\u0219edintele american |VIDEO"},"content":{"rendered":"<div>\n<p><strong>Uniunea European\u0103 \u0219i-a stabilit calea r\u0103zboiului p\u00e2n\u0103 la ultimul ucrainean, asta \u00een timp ce echipa lui Donald Trump vorbe\u0219te tot mai ap\u0103sat despre restabilirea p\u0103cii. \u00cen acla\u0219i timp, regimul Sandu-PAS, aparent nu \u00een\u021belege c\u00e2t de rapid se schimb\u0103 lumea, continu\u0103 s\u0103 urmeze retorica militant\u0103 a Bruxelles-ului, care provoac\u0103 \u0219i \u00eempinge deschis \u021bara noastr\u0103 c\u0103tre scenariul ucrainean. <\/strong><br \/>\n<iframe loading=\"lazy\" title=\"YouTube video player\" src=\"https:\/\/www.youtube.com\/embed\/gCyWGMx0qmw?si=rFDevZXGYlQ2hajz\" width=\"560\" height=\"315\" frameborder=\"0\" allowfullscreen=\"allowfullscreen\"><\/iframe><br \/>\nPartidul r\u0103zboiului, condus de Ursula von der Leyen, a anun\u021bat ast\u0103zi despre \u00eenceperea unei politici de re\u00eenarmare, ceea ce \u00eenseamn\u0103 de fapt o nou\u0103 etap\u0103 de militarizare. \u00cen aceasta este atras\u0103 \u0219i Moldova, aloc\u00e2ndu-ne din ce \u00een ce mai mul\u021bi bani, nu pentru rezolvarea problemelor sociale \u0219i economice stringente, ci pentru armament. Despre cum a fost \u00eemp\u0103r\u021bit\u0103 lumea \u00een dou\u0103 tabere, de partea cui s-a pozi\u021bionat Moldova \u0219i ce consecin\u021be am putea suporta, vede\u021bi \u00een comentariul colegii noastre Olga Dzeatkovskaia.<\/p>\n<p>Acum f\u0103r\u0103 glume. Vor s\u0103 transforme Moldova \u00een a doua Ucraina? Cel pu\u021bin aceast\u0103 impresie o au mul\u021bi dintre concet\u0103\u021benii no\u0219tri \u00een contextul a ceea ce v\u0103d \u0219i a ceea ce face conducerea \u021b\u0103rii sub regimului Sandu-PAS, care face totul pentru acest lucru, urm\u00e2nd sfaturile partenerilor s\u0103i europeni, care s-au dovedit a fi ni\u0219te vulturi adev\u0103ra\u021bi ai r\u0103zboiului.<\/p>\n<p>\u00cen timp ce pre\u0219edintele SUA, Donald Trump, \u00eencearc\u0103 s\u0103 restabileasc\u0103 pacea, ceea ce a\u0219teapt\u0103, \u00eentreaga planet\u0103, aflat\u0103 pe muchia celui de-al treilea R\u0103zboi Mondial, Europa, prin vocea pre\u0219edintelui Comisiei Europene, Ursula von der Leyen, a anun\u021bat o nou\u0103 etap\u0103 a \u00eenarm\u0103rii Europei \u00eempotriva Rusiei. Partidul r\u0103zboiului al Ursulei inten\u021bioneaz\u0103 s\u0103 lupte p\u00e2n\u0103 la ultimul ucrainean, \u00een detrimentul propriei economii \u0219i popula\u021biei. Iar, cel mai important, \u00een detrimental poporului ucrainean, care este s\u0103tul de r\u0103zboi \u0219i vrea doar s\u0103 tr\u0103iasc\u0103 \u00een pace.<\/p>\n<p>Europa, prin gura lui Von der Leyen, pe care nimeni din europeni nu a ales-o, inten\u021bioneaz\u0103 s\u0103 cheltuiasc\u0103 \u00eenc\u0103 150 de miliarde de euro pe arme pentru Ucraina. \u00centrebarea lui Trump \u2013 \u201eCe g\u00e2ndesc acolo?\u201d \u2013 este mai elocvent\u0103 dec\u00e2t oricare explica\u021bie. Lumea s-a \u00eemp\u0103r\u021bit \u00een dou\u0103 tabere \u2013 cei care vor pace \u0219i cei care vor r\u0103zboi. A\u0219a cum scrie presa occidental\u0103, Europa a \u00eennebunit.<\/p>\n<p>URSULA VON DER LEYEN pre\u0219edinte Comisiei Europene<\/p>\n<p>Europa este preg\u0103tit\u0103 s\u0103-\u0219i m\u0103reasc\u0103 semnificativ cheltuielile de apArare, at\u00e2t pentru a r\u0103spunde nevoii urgente de a ac\u021biona \u0219i de a sprijini Ucraina, c\u00e2t \u0219i pentru a-\u0219i asuma mai mult\u0103 responsabilitate pentru propria securitate.<\/p>\n<p>Se propune crearea unui nou instrument, alocarea a 150 de miliarde de euro sub form\u0103 de \u00eemprumuturi pentru produc\u021bia sistemelor de ap\u0103rare antiaerian\u0103 \u0219i arme, care va permite \u021b\u0103rilor UE s\u0103 accelereze \u0219i s\u0103 creasc\u0103 semnificativ ajutorul militar pentru Ucraina.<\/p>\n<p>Pe l\u00e2ng\u0103 asta, Ursula propune tuturor \u021b\u0103rilor UE, f\u0103r\u0103 excep\u021bie, s\u0103 creasc\u0103 cheltuielile pentru ap\u0103rare cu 1,5 la sut\u0103 din PIB. Bugetul total pentru ap\u0103rare, pe care pre\u0219edintele Comisiei Europene l-a propus, ar trebui s\u0103 fie de p\u00e2n\u0103 la 800 de miliarde de euro.<\/p>\n<p>Ce este asta, dac\u0103 nu o curs\u0103 a \u00eenarm\u0103rii? Europenii au acumulat o mul\u021bime de \u00eentreb\u0103ri pentru Ursula. Nimeni dintre cet\u0103\u021benii simpli ai UE nu vrea s\u0103 lupte cu Rusia sau cu altcineva. Ei, la fel ca ucraineni, vor doar s\u0103 tr\u0103iasc\u0103 \u00een pace. \u0218i cu at\u00e2t mai mult, nu vor s\u0103 pl\u0103teasc\u0103 cu vie\u021bile lor pentru interesele personale \u0219i politice ale birocra\u021bilor de la Bruxelles. Ursula nu pare deloc dispus\u0103 s\u0103 r\u0103spund\u0103 pentru consecin\u021bele militarismului s\u0103u.<\/p>\n<p>Cazul pre\u0219edintelui Fran\u021bei este pur \u0219i simplu ie\u0219it din comun. Emmanuel Macron manipuleaz\u0103 deschis, folose\u0219te \u021bara noastr\u0103 \u00een jocurile sale geopolitice, f\u0103c\u00e2nd declara\u021bii de genul: \u201eDac\u0103 Putin nu este oprit, el va merge inevitabil spre Moldova \u0219i, poate, mai departe p\u00e2n\u0103 \u00een Rom\u00e2nia\u201d.<\/p>\n<p>Astfel de declara\u021bii nu sunt doar periculoase pentru \u021bara noastr\u0103, ci reprezint\u0103 o provocare deschis\u0103, care poate avea consecin\u021be reale.\u201d A\u0219a comenteaz\u0103 declara\u021bia lui Macron politologul Valeriu Ostalep.<\/p>\n<p>\u2013 Avertismentul lui Macron: Dac\u0103 Putin nu este oprit, va merge sigur \u00een Moldova \u0219i poate mai departe \u00een Rom\u00e2nia<\/p>\n<p>Tot acest ospiciu european\u0103 cu Napoleonii lor, care \u00ee\u0219i fac planuri nebune despre cum s\u0103 \u00eenfr\u00e2ng\u0103 Rusia \u0219i, speriind-o cu invazia \u00een \u021b\u0103rile NATO, sunt deja practic f\u0103r\u0103 NATO, f\u0103r\u0103 sprijinul acestuia din partea SUA, iar Ursula, Rutte, Macron \u0219i Starmer sunt doar ni\u0219te p\u0103pu\u0219e, ni\u0219te c\u00e2ini mici care latr\u0103 la elefant.<\/p>\n<p>Noua administra\u021bie de la Casa Alb\u0103, dimpotriv\u0103, vorbe\u0219te despre necesitatea de a reduce programele de extindere a bazelor NATO pe continent \u0219i de a reduce contingentul militar american din \u021b\u0103rile Uniunii Europene. Acesta a fost \u0219i motivul principal al conflictului din Ucraina. Vrem pace \u0219i \u00eencetarea acestui r\u0103zboi s\u00e2ngeroase \u00eentre Rusia \u0219i Ucraina, spune Donald Trump. Ar p\u0103rea c\u0103 acesta este momentul istoric. \u0218i ce spune Moldova? Mai degrab\u0103 nu.<\/p>\n<p>Reformulez. Ce spune pre\u0219edinta Maia Sandu? Ea urmeaz\u0103 Bruxelles-ul. Injecteaz\u0103 \u021bara cu arme, construie\u0219te baze militare, instructorii NATO se simt ca la ei acas\u0103 \u00een Moldova. Chiar zilele trecute a venit un astfel de \u201eporumbel european al r\u0103zboiului\u201d, care spune c\u0103 trebuie s\u0103 \u00eenarm\u0103m nu doar \u00eentreaga UE, ci \u0219i Moldova. Chiar ofer\u0103 bani pentru asta. De ce, pentru ce? R\u0103m\u00e2n f\u0103r\u0103 r\u0103spuns.<\/p>\n<p>ANTONIO COSTA, pre\u0219edinte Consiliul European<\/p>\n<p>\u201eP\u00e2n\u0103 \u00een prezent, pentru cre\u0219terea capacit\u0103\u021bii de ap\u0103rare a Republicii Moldova au fost alocate 137 de milioane de euro, iar \u00een acest an, 2025, vom oferi \u00eenc\u0103 60 de milioane de euro pentru consolidarea capacit\u0103\u021bii de ap\u0103rare a Republicii Moldova.\u201d<\/p>\n<p>La aceea\u0219i conferin\u021b\u0103 de pres\u0103 comun\u0103 cu pre\u0219edintele Consiliului European, Maia Sandu a declarat c\u0103 securitatea Moldovei nu mai este o chestiune de politic\u0103 intern\u0103, ci face parte din eforturile europene comune.<\/p>\n<p>De c\u00e2nd \u0219i p\u00e2n\u0103 c\u00e2nd? \u0218i de ce un stat suveran ar trebui s\u0103 mearg\u0103 supus la sacrificiul vulturilor europeni? \u00cen detrimentul tuturor, al nostru, al cet\u0103\u021benilor acestei \u021b\u0103ri, al economiei noastre, al viitorului nostru. Dar, Sandu parc\u0103 se afl\u0103 \u00eentr-o bul\u0103 politic\u0103 ireal\u0103, care va exploda \u00een cur\u00e2nd. Asculta\u021bi ce spune ea, \u00een condi\u021biile \u00een care UE s-a pronun\u021bat deschis pentru r\u0103zboi.<\/p>\n<p>MAIA SANDU, pre\u0219edinte Republica Moldova<\/p>\n<p>\u201eMoldova particip\u0103 la misiunile de men\u021binere a p\u0103cii ale UE, fiind astfel nu doar beneficiar, ci \u0219i contribuabil, partener direct implicat \u00een consolidarea securit\u0103\u021bii Europei\u2026 Uniunea European\u0103 este despre prosperitate, securitate \u0219i un viitor mai bun.<\/p>\n<p>Dar, cel mai mult, este o uniune despre pace. Tr\u0103im \u00een vremuri tulburi, cu r\u0103zboi la grani\u021b\u0103. Doar \u00een UE vom fi \u00een siguran\u021b\u0103. Membrii UE vor deveni o garan\u021bie a p\u0103cii, libert\u0103\u021bii \u0219i dezvolt\u0103rii.\u201d, spune Sandu.<\/p>\n<p>Oare construc\u021bia bazelor militare \u00een Moldova \u2013 este despre pace? Dar a\u021bi \u00eentrebat cet\u0103\u021benii Moldovei ce vor ei \u2013 r\u0103zboi sau pace? Recent, echipa de filmare de la Canal 5 a mers la fa\u021ba locului pentru a afla la ce etap\u0103 se afl\u0103 construc\u021bia unit\u0103\u021bii militare de la B\u0103cioi. \u0218i au \u00eentrebat \u0219i oamenii ce p\u0103rere au despre militarizarea promovat\u0103 de actuala putere.<\/p>\n<p>Eu consider c\u0103 nu ar trebui s\u0103 aloc\u0103m deloc bani pentru nevoile militare \u00een \u021bara noastr\u0103. Absolut, nici m\u0103car un ban. \u00cen primul r\u00e2nd, nimeni nu ne atac\u0103. Iar chiar dac\u0103 ne-ar ataca, nu ar avea niciun folos.<\/p>\n<p>\u2013 Deci considera\u021bi c\u0103 este o administrare gre\u0219it\u0103 a bugetului?<\/p>\n<p>\u2013 Este o administrare criminal\u0103 a bugetului, consider eu.<\/p>\n<p>\u2013 Nu este deloc necesar. Suntem un stat mic. Ce leg\u0103tur\u0103 avem noi cu NATO? Mai ales c\u0103 nu suntem membri ai NATO. De ce avem nevoie de toate aceste baze NATO? Noi \u00een\u021belegem foarte bine<\/p>\n<p>\u2013 pentru ce se construie\u0219te totul.<\/p>\n<p>\u2013 Pentru ce?<\/p>\n<p>\u2013 Pentru a ne face o nou\u0103 Ucrain\u0103 aici.<\/p>\n<p>C\u00e2\u021bi bani trebuie s\u0103 investim pentru a participa la acest NATO? Uite cum europenii din NATO, s\u0103raci cum sunt, nu pot str\u00e2nge nici m\u0103car fir de a\u021b\u0103 pentru a umple acest NATO, pentru a cump\u0103ra arme, pentru a le da pe toate Ucrainei.La toate acestea se preg\u0103te\u0219te Uniunea European\u0103 \u0219i NATO, este \u00een interesul lor.<\/p>\n<p>Este o \u00eenc\u0103lcare a Constitu\u021biei, unde este clar c\u0103 Moldova este un stat neutru, iar acest lucru presupune, la r\u00e2ndul s\u0103u, nealocarea teritoriului s\u0103u pentru obiectivele militare ale altor \u021b\u0103ri.<\/p>\n<p>\u0218i din acest motiv, nu avem nevoie de asta, ne afl\u0103m \u00eentr-o situa\u021bie economic\u0103 nu foarte bun\u0103 \u0219i \u00eentr-o pozi\u021bie geografic\u0103 nefavorabil\u0103.<\/p>\n<p>\u0218i iat\u0103 nu una, ci mai multe cire\u0219e pe tort. La festivalul interna\u021bional \u201eM\u0103r\u021bi\u0219or\u201d din Moldova, un colectiv din Israel a interpretat celebra melodie din timpul r\u0103zboiului \u201eKatiu\u0219a\u201d, o melodie care a fost interpretat\u0103 de-a lungul timpului \u00een toate limbile lumii.<\/p>\n<p>Interpreta de oper\u0103 Valentina Naforni\u021ba a scris \u00een re\u021belele de socializare c\u0103, \u00een Teatrul de Oper\u0103 \u0219i Balet din Moldova nu este loc pentru \u201eEvgheni Oneghin\u201d sau \u201eIolanta\u201d de Ceaikovski, \u0219i noi, chipurile \u201e\u00eengrop\u0103m cultura noastr\u0103 na\u021bional\u0103, permi\u021b\u00e2ndu-le s\u0103 c\u00e2nte c\u00e2ntecul sovietic \u201eKatiu\u0219a\u201d. \u00centr-un final, au fost obliga\u021bi s\u0103-\u0219i cear\u0103 scuze to\u021bi \u2014 conducerea Filarmonicii Na\u021bionale, care, sub presiunea \u201elumii schimb\u0103toare\u201d a regimului Sandu-PAS, a declarat c\u0103 piesa nu a fost inclus\u0103 \u00een programul evenimentului.<\/p>\n<p>Au fost obliga\u021bi s\u0103-\u0219i cear\u0103 scuze \u0219i arti\u0219tii israelieni, care sus\u021bin c\u0103 piesa \u201eKatiu\u0219a\u201d este o melodie israelian\u0103 c\u00e2ntat\u0103 \u00een limba ebraic\u0103. Apropo, Teatrul de Oper\u0103 \u0219i Balet, unde lucreaz\u0103 so\u021bia directorului artistic, doamna Naforni\u021ba, poart\u0103 numele Mariei Bie\u0219u, laureat al Concursului Interna\u021bional \u201ePiotr Ilici Ceaikovski\u201d.<\/p>\n<p>Trebuie \u0219i acest lucru anulat \u0219i interzis? Av\u00e2nd \u00een vedere c\u0103 \u00een Moldova unele capete fierbin\u021bi au decis, dup\u0103 exemplul Ucrainei, s\u0103 \u00eenceap\u0103 anularea \u00eentregului trecut sovietic al Moldovei? De altfel, un trecut legendar \u0219i m\u0103re\u021b, de necomparat cu prezentul ru\u0219inos. Dar, iat\u0103 \u0219i a doua cirea\u0219\u0103 de pe tort.<\/p>\n<p>ALA NEMERENCO, ministrul S\u0103n\u0103t\u0103\u021bii<\/p>\n<p>Bunicul meu era medic \u0219i nu a studiat \u00een perioada sovietic\u0103. Nu am de g\u00e2nd s\u0103 intru acum \u00een detalii, dar, poate, dac\u0103 nu ne-ar fi eliberat, am fi fost mult mai ferici\u021bi ast\u0103zi.\u201d<\/p>\n<p>Nu a\u021bi auzit gre\u0219it! Nemerenco regret\u0103 c\u0103 fascismul a fost \u00eenvins, c\u0103 sub acest regim al urii fa\u021b\u0103 de oameni ar fi fost mai bine pentru to\u021bi. Poate colegii ei de partid au tras-o la r\u0103spundere pe ministrul lor, au corectat-o \u0219i \u0219i-au cerut scuze? Nu! Ei au aplaudat frenetic! Adic\u0103 \u0219i ei consider\u0103 la fel! \u0218i noi ne mir\u0103m de manualele noastre de istorie?!<\/p>\n<p>\u00cen Ucraina exact a\u0219a a \u00eenceput totul! Parafraz\u00e2ndu-l pe Trump ca r\u0103spuns la declara\u021biile lui Zelenski despre faptul c\u0103 p\u00e2n\u0103 la sf\u00e2r\u0219itul r\u0103zboiului cu Rusia mai este mult: \u201eAceasta este cea mai proast\u0103 declara\u021bie pe care o putea face Nemerenco, iar Moldova nu va mai tolera acest lucru!\u201d Moldova este pentru pace, poporul Moldovei este \u00eempotriva r\u0103zboiului! \u00cen toate formele sale.<\/p>\n<\/div>\n","protected":false},"excerpt":{"rendered":"<div><img loading=\"lazy\" decoding=\"async\" width=\"696\" height=\"391\" src=\"https:\/\/canal5.md\/wp-content\/uploads\/2025\/01\/donald-trump-7-ian-2024-cnn-optimized.jpg\" class=\"attachment-large size-large wp-post-image\" alt=\"\" srcset=\"https:\/\/canal5.md\/wp-content\/uploads\/2025\/01\/donald-trump-7-ian-2024-cnn-optimized.jpg 860w, https:\/\/canal5.md\/wp-content\/uploads\/2025\/01\/donald-trump-7-ian-2024-cnn-300x168-optimized.jpg 300w, https:\/\/canal5.md\/wp-content\/uploads\/2025\/01\/donald-trump-7-ian-2024-cnn-768x431-optimized.jpg 768w, https:\/\/canal5.md\/wp-content\/uploads\/2025\/01\/donald-trump-7-ian-2024-cnn-696x391-optimized.jpg 696w\">Uniunea European\u0103 \u0219i-a stabilit calea r\u0103zboiului p\u00e2n\u0103 la ultimul ucrainean, asta \u00een timp ce echipa lui Donald Trump vorbe\u0219te tot mai ap\u0103sat despre restabilirea p\u0103cii. \u00cen acla\u0219i timp, regimul Sandu-PAS, aparent nu \u00een\u021belege c\u00e2t de rapid se schimb\u0103 lumea, continu\u0103 s\u0103 urmeze retorica militant\u0103 a Bruxelles-ului, care provoac\u0103 \u0219i \u00eempinge deschis \u021bara noastr\u0103 c\u0103tre scenariul [\u2026]<\/div>\n","protected":false},"author":1,"featured_media":68386,"comment_status":"closed","ping_status":"closed","sticky":false,"template":"","format":"standard","meta":{"jnews-multi-image_gallery":[],"jnews_single_post":[],"jnews_primary_category":[],"jnews_social_meta":[],"jnews_override_counter":[],"footnotes":""},"categories":[23],"tags":[],"class_list":["post-68385","post","type-post","status-publish","format-standard","has-post-thumbnail","hentry","category-politica_ro"],"_links":{"self":[{"href":"https:\/\/orheifm.live\/index.php\/wp-json\/wp\/v2\/posts\/68385","targetHints":{"allow":["GET"]}}],"collection":[{"href":"https:\/\/orheifm.live\/index.php\/wp-json\/wp\/v2\/posts"}],"about":[{"href":"https:\/\/orheifm.live\/index.php\/wp-json\/wp\/v2\/types\/post"}],"author":[{"embeddable":true,"href":"https:\/\/orheifm.live\/index.php\/wp-json\/wp\/v2\/users\/1"}],"replies":[{"embeddable":true,"href":"https:\/\/orheifm.live\/index.php\/wp-json\/wp\/v2\/comments?post=68385"}],"version-history":[{"count":0,"href":"https:\/\/orheifm.live\/index.php\/wp-json\/wp\/v2\/posts\/68385\/revisions"}],"wp:featuredmedia":[{"embeddable":true,"href":"https:\/\/orheifm.live\/index.php\/wp-json\/wp\/v2\/media\/68386"}],"wp:attachment":[{"href":"https:\/\/orheifm.live\/index.php\/wp-json\/wp\/v2\/media?parent=68385"}],"wp:term":[{"taxonomy":"category","embeddable":true,"href":"https:\/\/orheifm.live\/index.php\/wp-json\/wp\/v2\/categories?post=68385"},{"taxonomy":"post_tag","embeddable":true,"href":"https:\/\/orheifm.live\/index.php\/wp-json\/wp\/v2\/tags?post=68385"}],"curies":[{"name":"wp","href":"https:\/\/api.w.org\/{rel}","templated":true}]}}