{"id":68381,"date":"2025-03-04T20:56:02","date_gmt":"2025-03-04T18:56:02","guid":{"rendered":"https:\/\/orheifm.live\/index.php\/2025\/03\/04\/instructiuni-sau-consultanta-de-ce-a-venit-in-moldova-noul-general-american-video\/"},"modified":"2025-03-04T20:56:02","modified_gmt":"2025-03-04T18:56:02","slug":"instructiuni-sau-consultanta-de-ce-a-venit-in-moldova-noul-general-american-video","status":"publish","type":"post","link":"https:\/\/orheifm.live\/index.php\/2025\/03\/04\/instructiuni-sau-consultanta-de-ce-a-venit-in-moldova-noul-general-american-video\/","title":{"rendered":"Instruc\u021biuni sau consultan\u021b\u0103? De ce a venit \u00een Moldova noul general american |VIDEO"},"content":{"rendered":"<div>\n<p><strong>Ofi\u021berii \u0219i instructorii NATO \u0219i SUA \u2013 tot mai frecven\u021bi vizitatori ai Moldovei. Acest lucru se \u00eent\u00e2mpl\u0103 pe fondul \u00eenarm\u0103rii din ce \u00een ce mai pronun\u021bate a \u021b\u0103rii. De aceast\u0103 dat\u0103, un ofi\u021ber american de rang \u00eenalt a venit \u00een Moldova. Sorirea acestuia a fost anun\u021bat\u0103 de Ambasada Statelor Unite la Chi\u0219in\u0103u.<\/strong><br \/>\n<iframe loading=\"lazy\" title=\"YouTube video player\" src=\"https:\/\/www.youtube.com\/embed\/tWZqdTl9fnI?si=jrEuFPqlFwp2ZJ3v\" width=\"560\" height=\"315\" frameborder=\"0\" allowfullscreen=\"allowfullscreen\"><\/iframe><br \/>\nEste vorba de generalul de brigad\u0103 Charles Wes Morrison, directorul Statului Major Comun al G\u0103rzii Na\u021bionale din Carolina de Nord. Potrivit diploma\u021biei SUA, liderul militar american inten\u021bioneaz\u0103 s\u0103 colaboreze cu Ministerul Ap\u0103r\u0103rii de la noi pentru a dezvolta un plan de activit\u0103\u021bi pe termen lung \u00eentre G\u0103rzile Na\u021bionale din Carolina de Nord \u0219i Armata<\/p>\n<p>Na\u021bional\u0103 a Republicii Moldova, \u00eens\u0103 detalii suplimentare despre activit\u0103\u021bile \u0219i termenul acestora nu au fost precizate. Echipa Canal 5 a \u00eencercat s\u0103 afle \u0219i alte informa\u021bii cu privire la planul de activit\u0103\u021bi, ce presupune acesta, cifre, activit\u0103\u021bi \u0219i termeni concre\u021bi, dar responsabilii de comunicare au fost rezerva\u021bi \u00een a le oferi.<\/p>\n<p>\u00cen plus, generalul Morrison se va \u00eent\u00e2lni \u0219i cu salvatorii \u0219i pompierii Inspectoratului General pentru Situa\u021bii de Urgen\u021b\u0103, pentru a discuta despre cum pompierii din Carolina de Nord pot sprijini IGSU. Aceasta este prima vizit\u0103 a generalului Morrison \u00een Moldova dup\u0103 numirea sa \u00een func\u021bia de ofi\u021ber principal responsabil pentru parteneriatul \u00eentre Carolina de Nord \u0219i Republica Moldova.<\/p>\n<p>Amintim c\u0103 60 de milioane de euro va primi \u021bara noastr\u0103 din partea Uniunii Europene, pentru consolidarea capacit\u0103\u021bilor de ap\u0103rare.<br \/>\nAnun\u021bul a fost f\u0103cut de pre\u0219edintele Consiliului European, Antonio Costa, aflat luni \u00eentr-o vizit\u0103 la Chi\u0219in\u0103u. Moldova spore\u0219te \u00eenarmarea \u0219i din banii cet\u0103\u021benilor.<\/p>\n<p>Potrivit Legii bugetului de stat pentru anul 2025, Ministerului Ap\u0103r\u0103rii i-au fost alocate aproximativ 1,9 miliarde de lei, ceea ce reprezint\u0103 0,65% din PIB. Strategia de ap\u0103rare na\u021bional\u0103 prevede cre\u0219terea treptat\u0103 a bugetului pentru ap\u0103rare p\u00e2n\u0103 la 1% din PIB p\u00e2n\u0103 \u00een anul 2030.<\/p>\n<p>ALA DIACONU, purt\u0103tor de cuv\u00e2nt al Ministerului Ap\u0103r\u0103rii<\/p>\n<p>La noi urmeaz\u0103 s\u0103 aib\u0103 loc \u00eentrevederea. -\u00centrevederea cu cine? \u2013 Cu conducerea ministerului \u0219i a armatei na\u021bionale.- Cu ce scop? -Cum adic\u0103 cu ce scop? \u00cen fiecare an se desf\u0103\u0219oar\u0103 astfel de vizite.<\/p>\n<\/div>\n","protected":false},"excerpt":{"rendered":"<div><img loading=\"lazy\" decoding=\"async\" width=\"696\" height=\"700\" src=\"https:\/\/canal5.md\/wp-content\/uploads\/2025\/03\/9e691d4d-e64f-4ad2-ba1a-f206253bca3d-optimized.jpg\" class=\"attachment-large size-large wp-post-image\" alt=\"\" srcset=\"https:\/\/canal5.md\/wp-content\/uploads\/2025\/03\/9e691d4d-e64f-4ad2-ba1a-f206253bca3d-optimized.jpg 752w, https:\/\/canal5.md\/wp-content\/uploads\/2025\/03\/9e691d4d-e64f-4ad2-ba1a-f206253bca3d-298x300-optimized.jpg 298w, https:\/\/canal5.md\/wp-content\/uploads\/2025\/03\/9e691d4d-e64f-4ad2-ba1a-f206253bca3d-150x150-optimized.jpg 150w, https:\/\/canal5.md\/wp-content\/uploads\/2025\/03\/9e691d4d-e64f-4ad2-ba1a-f206253bca3d-696x700-optimized.jpg 696w\">Ofi\u021berii \u0219i instructorii NATO \u0219i SUA \u2013 tot mai frecven\u021bi vizitatori ai Moldovei. Acest lucru se \u00eent\u00e2mpl\u0103 pe fondul \u00eenarm\u0103rii din ce \u00een ce mai pronun\u021bate a \u021b\u0103rii. De aceast\u0103 dat\u0103, un ofi\u021ber american de rang \u00eenalt a venit \u00een Moldova. Sorirea acestuia a fost anun\u021bat\u0103 de Ambasada Statelor Unite la Chi\u0219in\u0103u. Este vorba de [\u2026]<\/div>\n","protected":false},"author":1,"featured_media":68382,"comment_status":"closed","ping_status":"closed","sticky":false,"template":"","format":"standard","meta":{"jnews-multi-image_gallery":[],"jnews_single_post":[],"jnews_primary_category":[],"jnews_social_meta":[],"jnews_override_counter":[],"footnotes":""},"categories":[23],"tags":[],"class_list":["post-68381","post","type-post","status-publish","format-standard","has-post-thumbnail","hentry","category-politica_ro"],"_links":{"self":[{"href":"https:\/\/orheifm.live\/index.php\/wp-json\/wp\/v2\/posts\/68381","targetHints":{"allow":["GET"]}}],"collection":[{"href":"https:\/\/orheifm.live\/index.php\/wp-json\/wp\/v2\/posts"}],"about":[{"href":"https:\/\/orheifm.live\/index.php\/wp-json\/wp\/v2\/types\/post"}],"author":[{"embeddable":true,"href":"https:\/\/orheifm.live\/index.php\/wp-json\/wp\/v2\/users\/1"}],"replies":[{"embeddable":true,"href":"https:\/\/orheifm.live\/index.php\/wp-json\/wp\/v2\/comments?post=68381"}],"version-history":[{"count":0,"href":"https:\/\/orheifm.live\/index.php\/wp-json\/wp\/v2\/posts\/68381\/revisions"}],"wp:featuredmedia":[{"embeddable":true,"href":"https:\/\/orheifm.live\/index.php\/wp-json\/wp\/v2\/media\/68382"}],"wp:attachment":[{"href":"https:\/\/orheifm.live\/index.php\/wp-json\/wp\/v2\/media?parent=68381"}],"wp:term":[{"taxonomy":"category","embeddable":true,"href":"https:\/\/orheifm.live\/index.php\/wp-json\/wp\/v2\/categories?post=68381"},{"taxonomy":"post_tag","embeddable":true,"href":"https:\/\/orheifm.live\/index.php\/wp-json\/wp\/v2\/tags?post=68381"}],"curies":[{"name":"wp","href":"https:\/\/api.w.org\/{rel}","templated":true}]}}