{"id":68379,"date":"2025-03-04T20:53:14","date_gmt":"2025-03-04T18:53:14","guid":{"rendered":"https:\/\/orheifm.live\/index.php\/2025\/03\/04\/donald-trump-suspenda-asistenta-militara-pentru-ucraina-pana-la-demonstrerea-angajamentului-pentru-pace-din-partea-kievului-video\/"},"modified":"2025-03-04T20:53:14","modified_gmt":"2025-03-04T18:53:14","slug":"donald-trump-suspenda-asistenta-militara-pentru-ucraina-pana-la-demonstrerea-angajamentului-pentru-pace-din-partea-kievului-video","status":"publish","type":"post","link":"https:\/\/orheifm.live\/index.php\/2025\/03\/04\/donald-trump-suspenda-asistenta-militara-pentru-ucraina-pana-la-demonstrerea-angajamentului-pentru-pace-din-partea-kievului-video\/","title":{"rendered":"Donald Trump Suspend\u0103 Asisten\u021ba Militar\u0103 pentru Ucraina p\u00e2n\u0103 la Demonstrerea Angajamentului pentru Pace din Partea Kievului |VIDEO"},"content":{"rendered":"<div>\n<p><strong>Pre\u0219edintele SUA, Donald Trump, a ordonat suspendarea \u00eentregii asisten\u021be militare curente pentru Ucraina, p\u00e2n\u0103 c\u00e2nd autorit\u0103\u021bile de la Kiev nu vor demonstra \u201eangajament fa\u021b\u0103 de pace\u201d. <\/strong><br \/>\n<iframe loading=\"lazy\" title=\"YouTube video player\" src=\"https:\/\/www.youtube.com\/embed\/JsCjK0RSNEg?si=f_AqJiJwed0mLZP1\" width=\"560\" height=\"315\" frameborder=\"0\" allowfullscreen=\"allowfullscreen\"><\/iframe><br \/>\nAceasta a avut loc la c\u00e2teva zile dup\u0103 ce pre\u0219edintele Ucrainei, Volodimir Zelenski, \u00een timpul unei \u00eent\u00e2lniri la Casa Alb\u0103. Potrivit unor surse din administra\u021bia american\u0103 citate de CNN, aceast\u0103 decizie a lui Trump a fost un r\u0103spuns direct la \u201ecomportamentul neadecvat\u201d al lui Zelenski.<\/p>\n<p>Pre\u0219edintele SUA, Donald Trump, a decis s\u0103 pun\u0103<br \/>\npe \u201dpauz\u0103\u201d acordarea ajutorului american c\u0103tre Ucraina. Potrivit mass-mediei americane, el a orrdonat suspendarea \u00eentregii asisten\u021be militare curente pentru Ucraina, p\u00e2n\u0103 c\u00e2nd autorit\u0103\u021bile de la Kiev nu vor demonstra \u201eangajament fa\u021b\u0103 de pace\u201d.<\/p>\n<p>\u201ePre\u0219edintele a l\u0103sat clar de \u00een\u021beles c\u0103 este concentrat pe pace. Avem nevoie ca partenerii no\u0219tri s\u0103 fie, de asemenea, angaja\u021bi \u00een acest scop. Suspend\u0103m \u0219i revizuim ajutorul nostru pentru a ne asigura c\u0103 acesta contribuie la rezolvarea problemei\u201d,\u00a0 a declarat o surs\u0103 necunoscut\u0103 de la Casa Alb\u0103 pentru CNN.<\/p>\n<p>\u201ePre\u0219edintele a l\u0103sat clar de \u00een\u021beles c\u0103 este concentrat pe pace. Avem nevoie ca partenerii no\u0219tri s\u0103 fie, de asemenea, angaja\u021bi \u00een acest scop. Suspend\u0103m \u0219i revizuim ajutorul nostru pentru a ne asigura c\u0103 acesta contribuie la rezolvarea problemei\u201d.<\/p>\n<p>Potrivit Bloomberg, nu este cunoscut\u0103 amploarea exact\u0103 a ajutorului suspendat, dar este vorba despre muni\u021bie, sisteme de lansare multipl\u0103 de rachete ghidate, arme antitanc, vehicule de transport \u0219i alte echipamente care au fost aprobate \u00een perioada pre\u0219edin\u021biei lui Biden.<\/p>\n<p>Ordona\u021ba lui Trump include \u0219i armele care au fost deja livrate \u0219i se afl\u0103 \u00een tranzit pe avioane \u0219i nave sau a\u0219teapt\u0103 \u00een zonele de tranzit din Polonia. Donald Trump nu a comentat \u00eenc\u0103 aceast\u0103 decizie, iar informa\u021bii oficiale din Casa Alb\u0103 nu au fost furnizate.<\/p>\n<p>Se raporteaz\u0103 c\u0103 decizia de suspendare a ajutorului militar a fost luat\u0103 dup\u0103 o \u0219edin\u021b\u0103 la Casa Alb\u0103, de luni seara, \u0219i reprezint\u0103 o \u201estrategie de presiune asupra Ucrainei\u201d. M\u0103sura va r\u0103m\u00e2ne \u00een vigoare p\u00e2n\u0103 c\u00e2nd Washingtonul va stabili c\u0103 pre\u0219edintele Ucrainei, Volodimir Zelenski, \u201ea luat angajamentul de a purta negocieri de pace\u201d. CNN, cit\u00e2nd surse, scrie de asemenea c\u0103 suspendarea ajutorului este un pas al administra\u021biei Trump pentru a ob\u021bine scuze publice din partea lui Zelenski pentru disputa din Biroul Oval.<\/p>\n<p>Pe 28 februarie, pre\u0219edintele Ucrainei a intrat \u00eentr-o disput\u0103 cu Trump \u0219i cu vicepre\u0219edintele american, JD Vance, \u00eentr-un ton ridicat. Atunci, Trump l-a acuzat pe pre\u0219edintele ucrainean c\u0103 vrea s\u0103 continue \u201es\u0103 lupte, s\u0103 lupte \u0219i s\u0103 lupte\u201d, \u0219i de asemenea, c\u0103 \u201ejoac\u0103 la noroc cu al Treilea R\u0103zboi Mondial\u201d, iar Vance l-a acuzat de nerecuno\u0219tin\u021b\u0103 pentru ajutorul acordat de SUA.<\/p>\n<p>Zelenski a p\u0103r\u0103sit atunci Casa Alb\u0103 \u00eenainte de termen, dup\u0103 care a plecat \u00eentr-o vizit\u0103 la Londra pentru o \u00eent\u00e2lnire cu liderii europeni \u0219i a declarat c\u0103 \u201emai este mult p\u00e2n\u0103 la sf\u00e2r\u0219itul r\u0103zboiului\u201d. Acest lucru l-a \u00eenfuriat pe Trump, care a numit declara\u021bia \u201ecea mai proast\u0103 declara\u021bie care putea fi f\u0103cut\u0103 de Zelenski\u201d \u0219i a spus c\u0103 America \u201enu va tolera asta mult timp\u201d.<\/p>\n<p>Un apropiat al lui Trump, miliardarul Elon Musk, coment\u00e2nd declara\u021bia pre\u0219edintelui ucrainean, a scris pe re\u021belele sociale c\u0103 Zelenski dore\u0219te un r\u0103zboi etern, deoarece \u00ee\u0219i va pierde toat\u0103 aten\u021bia interna\u021bional\u0103 imediat dup\u0103 \u00eencheierea p\u0103cii.<\/p>\n<\/div>\n","protected":false},"excerpt":{"rendered":"<div><img loading=\"lazy\" decoding=\"async\" width=\"696\" height=\"464\" src=\"https:\/\/canal5.md\/wp-content\/uploads\/2025\/03\/i-1-1024x683-optimized.webp\" class=\"attachment-large size-large wp-post-image\" alt=\"\" srcset=\"https:\/\/canal5.md\/wp-content\/uploads\/2025\/03\/i-1-1024x683-optimized.webp 1024w, https:\/\/canal5.md\/wp-content\/uploads\/2025\/03\/i-1-300x200-optimized.webp 300w, https:\/\/canal5.md\/wp-content\/uploads\/2025\/03\/i-1-768x512-optimized.webp 768w, https:\/\/canal5.md\/wp-content\/uploads\/2025\/03\/i-1-696x464-optimized.webp 696w, https:\/\/canal5.md\/wp-content\/uploads\/2025\/03\/i-1-1068x712-optimized.webp 1068w, https:\/\/canal5.md\/wp-content\/uploads\/2025\/03\/i-1-optimized.webp 1200w\">Pre\u0219edintele SUA, Donald Trump, a ordonat suspendarea \u00eentregii asisten\u021be militare curente pentru Ucraina, p\u00e2n\u0103 c\u00e2nd autorit\u0103\u021bile de la Kiev nu vor demonstra \u201eangajament fa\u021b\u0103 de pace\u201d. Aceasta a avut loc la c\u00e2teva zile dup\u0103 ce pre\u0219edintele Ucrainei, Volodimir Zelenski, \u00een timpul unei \u00eent\u00e2lniri la Casa Alb\u0103. Potrivit unor surse din administra\u021bia american\u0103 citate de CNN, [\u2026]<\/div>\n","protected":false},"author":1,"featured_media":68380,"comment_status":"closed","ping_status":"closed","sticky":false,"template":"","format":"standard","meta":{"jnews-multi-image_gallery":[],"jnews_single_post":[],"jnews_primary_category":[],"jnews_social_meta":[],"jnews_override_counter":[],"footnotes":""},"categories":[29],"tags":[],"class_list":["post-68379","post","type-post","status-publish","format-standard","has-post-thumbnail","hentry","category-externe_ro"],"_links":{"self":[{"href":"https:\/\/orheifm.live\/index.php\/wp-json\/wp\/v2\/posts\/68379","targetHints":{"allow":["GET"]}}],"collection":[{"href":"https:\/\/orheifm.live\/index.php\/wp-json\/wp\/v2\/posts"}],"about":[{"href":"https:\/\/orheifm.live\/index.php\/wp-json\/wp\/v2\/types\/post"}],"author":[{"embeddable":true,"href":"https:\/\/orheifm.live\/index.php\/wp-json\/wp\/v2\/users\/1"}],"replies":[{"embeddable":true,"href":"https:\/\/orheifm.live\/index.php\/wp-json\/wp\/v2\/comments?post=68379"}],"version-history":[{"count":0,"href":"https:\/\/orheifm.live\/index.php\/wp-json\/wp\/v2\/posts\/68379\/revisions"}],"wp:featuredmedia":[{"embeddable":true,"href":"https:\/\/orheifm.live\/index.php\/wp-json\/wp\/v2\/media\/68380"}],"wp:attachment":[{"href":"https:\/\/orheifm.live\/index.php\/wp-json\/wp\/v2\/media?parent=68379"}],"wp:term":[{"taxonomy":"category","embeddable":true,"href":"https:\/\/orheifm.live\/index.php\/wp-json\/wp\/v2\/categories?post=68379"},{"taxonomy":"post_tag","embeddable":true,"href":"https:\/\/orheifm.live\/index.php\/wp-json\/wp\/v2\/tags?post=68379"}],"curies":[{"name":"wp","href":"https:\/\/api.w.org\/{rel}","templated":true}]}}