{"id":68377,"date":"2025-03-04T20:50:04","date_gmt":"2025-03-04T18:50:04","guid":{"rendered":"https:\/\/orheifm.live\/index.php\/2025\/03\/04\/mama-veronicai-dragalin-raspunde-invidiosilor-si-barfitorilor-cu-o-fraza-in-engleza-bine-cunoscuta-celor-peste-18-ani-video\/"},"modified":"2025-03-04T20:50:04","modified_gmt":"2025-03-04T18:50:04","slug":"mama-veronicai-dragalin-raspunde-invidiosilor-si-barfitorilor-cu-o-fraza-in-engleza-bine-cunoscuta-celor-peste-18-ani-video","status":"publish","type":"post","link":"https:\/\/orheifm.live\/index.php\/2025\/03\/04\/mama-veronicai-dragalin-raspunde-invidiosilor-si-barfitorilor-cu-o-fraza-in-engleza-bine-cunoscuta-celor-peste-18-ani-video\/","title":{"rendered":"Mama Veronic\u0103i Dragalin R\u0103spunde Invidio\u0219ilor \u0219i B\u00e2rfitorilor cu o Fraz\u0103 \u00een Englez\u0103, Bine Cunoscut\u0103 celor Peste 18 Ani\u201d |VIDEO"},"content":{"rendered":"<div>\n<p><strong>Mama fostului procuror anticorup\u021bie, Veronica Dragalin, Elena Dragalin, a r\u0103spuns tuturor \u201ecorup\u021bilor, speculan\u021bilor, invidio\u0219ilor, b\u00e2rfitorilor \u0219i tuturor celor care au criticat-o \u0219i nu au apreciat-o pe fiica sa \u00een func\u021bia de procuror-\u0219ef anticorup\u021bie\u201d cu o fraz\u0103 \u00een englez\u0103, bine cunoscut\u0103 celor care au peste 18 ani.<\/strong><br \/>\n<iframe loading=\"lazy\" title=\"YouTube video player\" src=\"https:\/\/www.youtube.com\/embed\/R3ba38zZc7A?si=HJMUD4aY2W2lyV-O\" width=\"560\" height=\"315\" frameborder=\"0\" allowfullscreen=\"allowfullscreen\"><\/iframe><br \/>\n\u201eNiciodat\u0103 nu ve\u021bi ajunge ca Veronica \u2013 complet\u0103 \u0219i very nice\u201d, a scris Elena Dragalin pe pagina sa de Facebook. Amintim c\u0103, \u00eenc\u0103 de la \u00eenceputul activit\u0103\u021bii sale ca \u0219ef al Procuraturii Anticorup\u021bie, Veronica Dragalin a primit porecla \u201emiss very nice\u201d.<\/p>\n<p>Dragalin a publicat un mesaj lung pe pagina sa de Facebook, \u00een care a men\u021bionat c\u0103 este m\u00e2ndr\u0103 de fiica sa, chiar dac\u0103 nu a fost apreciat\u0103 \u00een \u021bar\u0103 \u0219i nu a primit mul\u021bumiri din partea autorit\u0103\u021bilor.<\/p>\n<p>Ea este m\u00e2ndr\u0103 c\u0103 fiica sa a r\u0103mas om, chiar dac\u0103 a fost \u00eenconjurat\u0103 de \u201ehiene\u201d. Elena Dragalin consider\u0103 c\u0103 Veronica a reu\u0219it s\u0103 c\u00e2\u0219tige respectul colegilor \u0219i al profesioni\u0219tilor one\u0219ti \u0219i, \u00een special, al poporului Republicii Moldova, a\u0219a cum o dovedesc mesajele private pe care le prime\u0219te familia Dragalin.<\/p>\n<p>\u201dCa mam\u0103, sunt fericit\u0103 c\u0103 fiica mea se \u00eentoarce acas\u0103, unde nimeni nu va r\u00e2de de gre\u0219elile ei lingvistice, de diploma \u00een chimie \u0219i nu va pune sub semnul \u00eentreb\u0103rii cariera de procuror federal.<\/p>\n<p>Ca cet\u0103\u021bean \u0219i activist, nu sunt foarte fericit\u0103, dar nu pierdem speran\u021ba \u00een statul de drept din Moldova, \u00een institu\u021biile puternice, separarea puterilor \u00een stat, politicieni care \u00ee\u0219i asum\u0103 responsabilitatea fa\u021b\u0103 de popor \u0219i cet\u0103\u021beni care sunt m\u00e2ndri de \u021bara lor\u201d, a scris Elena Dragalin.<\/p>\n<\/div>\n","protected":false},"excerpt":{"rendered":"<div><img loading=\"lazy\" decoding=\"async\" width=\"696\" height=\"458\" src=\"https:\/\/canal5.md\/wp-content\/uploads\/2025\/03\/798965-optimized.webp\" class=\"attachment-large size-large wp-post-image\" alt=\"\" srcset=\"https:\/\/canal5.md\/wp-content\/uploads\/2025\/03\/798965-optimized.webp 760w, https:\/\/canal5.md\/wp-content\/uploads\/2025\/03\/798965-300x197-optimized.webp 300w, https:\/\/canal5.md\/wp-content\/uploads\/2025\/03\/798965-696x458-optimized.webp 696w\">Mama fostului procuror anticorup\u021bie, Veronica Dragalin, Elena Dragalin, a r\u0103spuns tuturor \u201ecorup\u021bilor, speculan\u021bilor, invidio\u0219ilor, b\u00e2rfitorilor \u0219i tuturor celor care au criticat-o \u0219i nu au apreciat-o pe fiica sa \u00een func\u021bia de procuror-\u0219ef anticorup\u021bie\u201d cu o fraz\u0103 \u00een englez\u0103, bine cunoscut\u0103 celor care au peste 18 ani. \u201eNiciodat\u0103 nu ve\u021bi ajunge ca Veronica \u2013 complet\u0103 \u0219i [\u2026]<\/div>\n","protected":false},"author":1,"featured_media":68378,"comment_status":"closed","ping_status":"closed","sticky":false,"template":"","format":"standard","meta":{"jnews-multi-image_gallery":[],"jnews_single_post":[],"jnews_primary_category":[],"jnews_social_meta":[],"jnews_override_counter":[],"footnotes":""},"categories":[23],"tags":[],"class_list":["post-68377","post","type-post","status-publish","format-standard","has-post-thumbnail","hentry","category-politica_ro"],"_links":{"self":[{"href":"https:\/\/orheifm.live\/index.php\/wp-json\/wp\/v2\/posts\/68377","targetHints":{"allow":["GET"]}}],"collection":[{"href":"https:\/\/orheifm.live\/index.php\/wp-json\/wp\/v2\/posts"}],"about":[{"href":"https:\/\/orheifm.live\/index.php\/wp-json\/wp\/v2\/types\/post"}],"author":[{"embeddable":true,"href":"https:\/\/orheifm.live\/index.php\/wp-json\/wp\/v2\/users\/1"}],"replies":[{"embeddable":true,"href":"https:\/\/orheifm.live\/index.php\/wp-json\/wp\/v2\/comments?post=68377"}],"version-history":[{"count":0,"href":"https:\/\/orheifm.live\/index.php\/wp-json\/wp\/v2\/posts\/68377\/revisions"}],"wp:featuredmedia":[{"embeddable":true,"href":"https:\/\/orheifm.live\/index.php\/wp-json\/wp\/v2\/media\/68378"}],"wp:attachment":[{"href":"https:\/\/orheifm.live\/index.php\/wp-json\/wp\/v2\/media?parent=68377"}],"wp:term":[{"taxonomy":"category","embeddable":true,"href":"https:\/\/orheifm.live\/index.php\/wp-json\/wp\/v2\/categories?post=68377"},{"taxonomy":"post_tag","embeddable":true,"href":"https:\/\/orheifm.live\/index.php\/wp-json\/wp\/v2\/tags?post=68377"}],"curies":[{"name":"wp","href":"https:\/\/api.w.org\/{rel}","templated":true}]}}