{"id":68375,"date":"2025-03-04T20:44:19","date_gmt":"2025-03-04T18:44:19","guid":{"rendered":"https:\/\/orheifm.live\/index.php\/2025\/03\/04\/vlad-filat-acuza-ipre-de-preluarea-atributiilor-statului-si-utilizarea-fondurilor-straine-in-scopuri-politice-video\/"},"modified":"2025-03-04T20:44:19","modified_gmt":"2025-03-04T18:44:19","slug":"vlad-filat-acuza-ipre-de-preluarea-atributiilor-statului-si-utilizarea-fondurilor-straine-in-scopuri-politice-video","status":"publish","type":"post","link":"https:\/\/orheifm.live\/index.php\/2025\/03\/04\/vlad-filat-acuza-ipre-de-preluarea-atributiilor-statului-si-utilizarea-fondurilor-straine-in-scopuri-politice-video\/","title":{"rendered":"Vlad Filat Acuz\u0103 IPRE de Preluarea Atribu\u021biilor Statului \u0219i Utilizarea Fondurilor Str\u0103ine \u00een Scopuri Politice |VIDEO"},"content":{"rendered":"<div>\n<p><strong>\u201dInstitutul pentru Politici \u0219i Reforme Europene, implicat activ \u00een procesul de reform\u0103 \u00een sistemul justi\u021biei, a fost finan\u021bat cu peste 260 de mii de dolari de c\u0103tre Funda\u021bia Soros \u00een perioada 1 aprilie 2022 \u2013 30 noiembrie 2023 \u0219i exercit\u0103 atribu\u021bii specifice unor institu\u021bii de stat\u201d. Acuza\u021biile au fost f\u0103cute de fostul premier \u0219i liderul PLDM, Vlad Filat. <\/strong><br \/>\n<iframe loading=\"lazy\" title=\"YouTube video player\" src=\"https:\/\/www.youtube.com\/embed\/11le2s73qFI?si=8YhmhTrCjHeMlpMV\" width=\"560\" height=\"315\" frameborder=\"0\" allowfullscreen=\"allowfullscreen\"><\/iframe><br \/>\nPotrivit lui, cei de la IPRE \u201dscriu \u0219i rapoartele Ministerului Justi\u021biei despre c\u00e2t de aliniate sunt la standardele UE toate reformele juridice, iar pe de alt\u0103 parte fac rapoarte alternative bazate pe o monitorizare pretins independent\u0103 asupra reformelor realizate de Guvern \u0219i Parlament.\u201d \u00cen acest context, Vlad Filat se \u00eentreab\u0103: \u201dCum e posibil ca un ONG s\u0103 prea atribu\u021biile unor institu\u021bii \u00een stat?\u201d Ce a r\u0103spuns directorul IPRE, Iulian Groza, vede\u021bi \u00een material.<\/p>\n<p>\u00centr-o postare pe Facebook, fostul premier, Vlad Filat, a scris c\u0103 guvernamentalizarea societ\u0103\u021bii civile a \u00eenceput cu crearea ONG-urilor de c\u0103tre func\u021bionarii publici \u0219i a continuat cu preluarea func\u021biilor statului de c\u0103tre ONG-uri. \u201dUn fel de onegizare a institu\u021biilor statului\u201d, afirm\u0103 Filat.<\/p>\n<p>\u201dLa \u00eenceputuri, ong-istii erau numi\u021bi \u00een tot felul de func\u021bii-cheie \u00een stat, de la Parlament, Guvern, Pre\u0219edin\u021bie, CSS, SIS, CNA, CSM, CSP, CSJ \u0219i p\u00e2n\u0103 la Centrul Patriot, de la ministerele Finan\u021belor, Economiei, Justi\u021biei \u0219i Energiei, prin toate comisiile de integrare european\u0103, de evaluare a oricui, p\u00e2n\u0103 la comisiile concurs pentru toate \u0219i orice func\u021bie imaginabil\u0103\u201d , afirm\u0103 Filat.<\/p>\n<p>VLAD FILAT, liderul PLDM<\/p>\n<p>\u201dLa \u00eenceputuri, ongistii erau numi\u021bi \u00een tot felul de func\u021bii-cheie \u00een stat, de la Parlament, Guvern, Pre\u0219edin\u021bie, CSS, SIS, CNA, CSM, CSP, CSJ \u0219i p\u00e2n\u0103 la Centrul Patriot, de la ministerele Finan\u021belor, Economiei, Justi\u021biei \u0219i Energiei, prin toate comisiile de integrare european\u0103, de evaluare a oricui, p\u00e2n\u0103 la comisiile concurs pentru toate \u0219i orice func\u021bie imaginabil\u0103.\u201d<\/p>\n<p>Vlad Filat a subliniat c\u0103, de\u0219i finan\u021batorii ONG- urilor \u201dagreate politic\u201d cred c\u0103 sprijin\u0103 cet\u0103\u021benii Moldovei, \u00een realitate, banii lor sunt folosi\u021bi ilegal \u0219i \u00een scopuri politice. El \u0219i-a exprimat regretul pentru faptul lipsa unui control public asupra fondurilor destinate ONG-urilor \u0219i a dezv\u0103luit c\u0103 Institutul pentru Reforme Europene a primit 260.617 dolari din Funda\u021bia Soros pentru proiectul \u201dAsigurarea unui sistem de justi\u021bie integru\u201d \u00eentre aprilie 2022 \u0219i noiembrie 2023.<\/p>\n<p>\u201dIPRE a publicat informa\u021bia, precum c\u0103 din banii Soros \u00een acela\u0219i proiect, ONG-ul se ocupa de comunicare \u00een Procuratura General\u0103 \u0219i cea Anticorup\u021bie, oferind asisten\u021b\u0103 tehnic\u0103 pentru cooperarea interna\u021bional\u0103 pe dosarele acestora. De asemenea, la solicitarea institu\u021biilor men\u021bionate, IPRE a efectuat expertize \u0219i analize tehnice \u00een investigarea corup\u021biei la nivel \u00eenalt \u0219i a crimelor financiare transna\u021bionale. (\u2026)<\/p>\n<p>Gra\u021bie celor care muncesc pentru veritabila informare public\u0103, am aflat recent c\u0103 pentru 200.000 euro din impozitele cet\u0103\u021benilor olandezi, IPRE a preluat \u201estrategic\u201d comunicarea ministerului Justi\u021biei de la 1 noiembrie 2024, despre cum e\u0219ecul reformei justi\u021biei este, de fapt, un mare succes.<\/p>\n<p>Proiectul se nume\u0219te \u201eSprijin sporit pentru comunicarea strategic\u0103 \u0219i consultan\u021b\u0103 acordat\u0103 Ministerului Justi\u021biei 3.0\u201d. , a scris Filat pe pagina sa de Facebook.<\/p>\n<p>VLAD FILAT, liderul PLDM<\/p>\n<p>\u201dIPRE a publicat informa\u021bia, precum c\u0103 din banii Soros \u00een acela\u0219i proiect, ONG-ul se ocupa de comunicare \u00een Procuratura General\u0103 \u0219i cea Anticorup\u021bie, oferind asisten\u021b\u0103 tehnic\u0103 pentru cooperarea interna\u021bional\u0103 pe dosarele acestora. De asemenea, la solicitarea institu\u021biilor men\u021bionate, IPRE a efectuat expertize \u0219i analize tehnice \u00een investigarea corup\u021biei la nivel \u00eenalt \u0219i a crimelor financiare transna\u021bionale. (\u2026)<\/p>\n<p>Gra\u021bie celor care muncesc pentru veritabila informare public\u0103, am aflat recent c\u0103 pentru 200.000 euro din impozitele cet\u0103\u021benilor olandezi, IPRE a preluat \u201estrategic\u201d comunicarea ministerului Justi\u021biei de la 1 noiembrie 2024, despre cum e\u0219ecul reformei justi\u021biei este, de fapt, este un mare succes.<br \/>\nProiectul se nume\u0219te \u201eSprijin sporit pentru comunicarea strategic\u0103 \u0219i consultan\u021b\u0103 acordat\u0103 Ministerului Justi\u021biei 3.0\u201d.<\/p>\n<p>Filat a ad\u0103ugat c\u0103\u00a0 \u201dIPRE a mai fost comunicatorul Ministerului Justi\u021biei \u00eentre anii 2021-2022, la fel pe banii contribuabililor olandezi. Tot atunci ajuta ministerul<br \/>\nla \u201egestionarea justi\u021biei prin intermediul Consiliului Superior al Magistraturii \u0219i Consiliului Superior al Procurorilor.<\/p>\n<p>Pe l\u00e2ng\u0103 comunicare strategic\u0103, IPRE s-a angajat s\u0103 elaboreze pentru minister \u201eanalize, rapoarte, r\u0103spunsuri prompte \u0219i s\u0103 asigure alinierea tuturor reformelor juridice promovate de Ministerul Justi\u021biei la standardele \u0219i bunele practici ale UE\u201d, \u00een cadrul unui proiect finan\u021bat de germani, \u201dMoldova-UE\u201d.<\/p>\n<p>. Astfel, liderul PLDM se \u00eentreab\u0103, cum este posibil ca un ONG, \u00een acest caz IPRE, s\u0103 exercite atribu\u021bii specifice altor institu\u021bii de stat? \u201d\u00centrebarea este: nu dac\u0103, dar c\u00e2nd vor r\u0103spunde \u00een fa\u021ba legii to\u021bi cei implica\u021bi \u00een aceste ilegalit\u0103\u021bi?\u201d, scrie Vlad Filat.<\/p>\n<p>De asemenea, amintim c\u0103 Iulian Groza a f\u0103cut parte din Consiliul Suprem de Securitate al Republicii Moldova. La 18 februarie 2022, pre\u0219edintele Maia Sandu l-a desemnat \u00een aceast\u0103 func\u021bie, \u00eenlocuindu-l pe Vlad Kulminski. Totu\u0219i, la 10 ianuarie 2025, \u00een urma unei revizuiri a componen\u021bei CSS, Groza a fost exclus din consiliu.<\/p>\n<p>Directorul Institutului pentru Politici \u0219i Reforme Europene, Iulian<\/p>\n<p>Groza, a r\u0103spuns acuza\u021biilor lui Vlad Filat tot pe Facebook. Acolo, Groza a spus c\u0103 informa\u021biile despre IPRE sunt publice \u0219i disponibile pe site-ul institu\u021biei \u0219i \u00een rapoartele anuale.<\/p>\n<p>El a ad\u0103ugat c\u0103\u00a0 sprijinul oferit de IPRE, cu ajutorul partenerilor interna\u021bionali, este unul tehnic \u0219i este o practic\u0103 normal\u0103 \u00eentr-o democra\u021bie. De asemenea, el a subliniat c\u0103, \u00een perioada \u00een care Filat era prim-ministru, a beneficiat de consilieri sus\u021binu\u021bi de George Soros \u0219i USAID \u0219i a cerut sprijin din partea UE, a scris Groza.<\/p>\n<p>\u00cen ceea ce prive\u0219te atribu\u021biile altor institu\u021bii de stat, Groza a spus c\u0103, pe parcursul activit\u0103\u021bii sale publice, a colaborat cu Guvernul pentru a sprijini dezvoltarea \u021b\u0103rii \u0219i va continua s\u0103 fac\u0103 acest lucru, av\u00e2nd ca obiectiv serviciul interesului public \u0219i contribu\u021bia la aderarea Republicii Moldova la UE.<\/p>\n<\/div>\n","protected":false},"excerpt":{"rendered":"<div><img loading=\"lazy\" decoding=\"async\" width=\"480\" height=\"320\" src=\"https:\/\/canal5.md\/wp-content\/uploads\/2025\/03\/i-optimized.webp\" class=\"attachment-large size-large wp-post-image\" alt=\"\" srcset=\"https:\/\/canal5.md\/wp-content\/uploads\/2025\/03\/i-optimized.webp 480w, https:\/\/canal5.md\/wp-content\/uploads\/2025\/03\/i-300x200-optimized.webp 300w\">\u201dInstitutul pentru Politici \u0219i Reforme Europene, implicat activ \u00een procesul de reform\u0103 \u00een sistemul justi\u021biei, a fost finan\u021bat cu peste 260 de mii de dolari de c\u0103tre Funda\u021bia Soros \u00een perioada 1 aprilie 2022 \u2013 30 noiembrie 2023 \u0219i exercit\u0103 atribu\u021bii specifice unor institu\u021bii de stat\u201d. Acuza\u021biile au fost f\u0103cute de fostul premier \u0219i liderul [\u2026]<\/div>\n","protected":false},"author":1,"featured_media":68376,"comment_status":"closed","ping_status":"closed","sticky":false,"template":"","format":"standard","meta":{"jnews-multi-image_gallery":[],"jnews_single_post":[],"jnews_primary_category":[],"jnews_social_meta":[],"jnews_override_counter":[],"footnotes":""},"categories":[23],"tags":[],"class_list":["post-68375","post","type-post","status-publish","format-standard","has-post-thumbnail","hentry","category-politica_ro"],"_links":{"self":[{"href":"https:\/\/orheifm.live\/index.php\/wp-json\/wp\/v2\/posts\/68375","targetHints":{"allow":["GET"]}}],"collection":[{"href":"https:\/\/orheifm.live\/index.php\/wp-json\/wp\/v2\/posts"}],"about":[{"href":"https:\/\/orheifm.live\/index.php\/wp-json\/wp\/v2\/types\/post"}],"author":[{"embeddable":true,"href":"https:\/\/orheifm.live\/index.php\/wp-json\/wp\/v2\/users\/1"}],"replies":[{"embeddable":true,"href":"https:\/\/orheifm.live\/index.php\/wp-json\/wp\/v2\/comments?post=68375"}],"version-history":[{"count":0,"href":"https:\/\/orheifm.live\/index.php\/wp-json\/wp\/v2\/posts\/68375\/revisions"}],"wp:featuredmedia":[{"embeddable":true,"href":"https:\/\/orheifm.live\/index.php\/wp-json\/wp\/v2\/media\/68376"}],"wp:attachment":[{"href":"https:\/\/orheifm.live\/index.php\/wp-json\/wp\/v2\/media?parent=68375"}],"wp:term":[{"taxonomy":"category","embeddable":true,"href":"https:\/\/orheifm.live\/index.php\/wp-json\/wp\/v2\/categories?post=68375"},{"taxonomy":"post_tag","embeddable":true,"href":"https:\/\/orheifm.live\/index.php\/wp-json\/wp\/v2\/tags?post=68375"}],"curies":[{"name":"wp","href":"https:\/\/api.w.org\/{rel}","templated":true}]}}