{"id":68373,"date":"2025-03-04T20:20:38","date_gmt":"2025-03-04T18:20:38","guid":{"rendered":"https:\/\/orheifm.live\/index.php\/2025\/03\/04\/zelenski-se-declara-gata-sa-coopereze-cu-administratia-trump-pentru-un-acord-de-pace-cu-rusia\/"},"modified":"2025-03-04T20:20:38","modified_gmt":"2025-03-04T18:20:38","slug":"zelenski-se-declara-gata-sa-coopereze-cu-administratia-trump-pentru-un-acord-de-pace-cu-rusia","status":"publish","type":"post","link":"https:\/\/orheifm.live\/index.php\/2025\/03\/04\/zelenski-se-declara-gata-sa-coopereze-cu-administratia-trump-pentru-un-acord-de-pace-cu-rusia\/","title":{"rendered":"Zelenski se declar\u0103 gata s\u0103 coopereze cu administra\u021bia Trump pentru un acord de pace cu Rusia"},"content":{"rendered":"<div>\n<p><strong>R\u0103sturnare de situa\u021bie la Kiev. Pre\u0219edintele ucrainean a declarat \u00een urm\u0103 cu pu\u021bin timp c\u0103 este gata s\u0103 coopereze cu administra\u021bia Trump \u00een vederea ajungerii la un acord de pace cu Rusia. Zelenski s-a ar\u0103tat, de asemenea, recunosc\u0103tor pentru sprijinul pe care SUA l-a acordat p\u00e2n\u0103 acum Ucrainei. \u201eVreau s\u0103 reiterez angajamentul Ucrainei pentru pace. <\/strong><\/p>\n<p>Nimeni nu-\u0219i dore\u0219te un r\u0103zboi f\u0103r\u0103 sf\u00e2r\u0219it\u201d, a spus Zelenski, \u00een aceea\u0219i zi \u00een care miliardarul \u0219i influentul consilier al pre\u0219edintelui Trump, Elon Musk l-a acuzat pe liderul de la Kiev c\u0103-\u0219i dore\u0219te \u201eun r\u0103zboi f\u0103r\u0103 sf\u00e2r\u0219it\u201d. \u201eEchipa mea \u0219i cu mine suntem gata s\u0103 lucr\u0103m sub conducerea puternic\u0103 a pre\u0219edintelui Trump pentru a ajunge la un acord de pace durabile.<\/p>\n<p>Suntem gata s\u0103 cooper\u0103m rapid pentru a pune cap\u0103t r\u0103zboiului, iar prima faz\u0103 ar trebui s\u0103 presupun\u0103 eliberarea prizonierilor \u0219i \u00eencheierea unui armisti\u021biu aerian, precum \u0219i un armisti\u021biu similar pe mare \u2013 \u00een condi\u021biile \u00een care \u0219i Rusia va proceda \u00eentocmai\u201d, a precizat Zelenski. \u201e\u00centrevederea noastr\u0103 de vineri de la Washington, de la Casa Alb\u0103, nu s-a desf\u0103\u0219urat a\u0219a cum ar fi trebuit. E regretabil c\u0103 s-a \u00eent\u00e2mplat a\u0219a.<\/p>\n<p>E momentul s\u0103 repar\u0103m lucrurile. Ne-am dori ca viitoarele cooper\u0103ri \u0219i comunic\u0103ri s\u0103 fie unele constructive. \u00cen ceea ce prive\u0219te acordul legat de minerale \u0219i garan\u021biile de securitate, Ucraina e gata s\u0103-l semneze oric\u00e2nd \u0219i \u00een orice format convenabil. Vedem acest acord drept un pas care s\u0103 aduc\u0103 o mai bun\u0103 securitate \u0219i garan\u021bii de securitate mai solide \u0219i cred sincer c\u0103 va fi unul eficient\u201d, a mai spus pre\u0219edintele Zelenski.<\/p>\n<\/div>\n","protected":false},"excerpt":{"rendered":"<div><img loading=\"lazy\" decoding=\"async\" width=\"696\" height=\"393\" src=\"https:\/\/canal5.md\/wp-content\/uploads\/2025\/03\/otjjndblmwexntc5nzbkyjdlntgxnze1ymi3ngy3zg.thumb-1-optimized.jpg\" class=\"attachment-large size-large wp-post-image\" alt=\"\" srcset=\"https:\/\/canal5.md\/wp-content\/uploads\/2025\/03\/otjjndblmwexntc5nzbkyjdlntgxnze1ymi3ngy3zg.thumb-1-optimized.jpg 780w, https:\/\/canal5.md\/wp-content\/uploads\/2025\/03\/otjjndblmwexntc5nzbkyjdlntgxnze1ymi3ngy3zg.thumb-1-300x169-optimized.jpg 300w, https:\/\/canal5.md\/wp-content\/uploads\/2025\/03\/otjjndblmwexntc5nzbkyjdlntgxnze1ymi3ngy3zg.thumb-1-768x433-optimized.jpg 768w, https:\/\/canal5.md\/wp-content\/uploads\/2025\/03\/otjjndblmwexntc5nzbkyjdlntgxnze1ymi3ngy3zg.thumb-1-696x393-optimized.jpg 696w\">R\u0103sturnare de situa\u021bie la Kiev. Pre\u0219edintele ucrainean a declarat \u00een urm\u0103 cu pu\u021bin timp c\u0103 este gata s\u0103 coopereze cu administra\u021bia Trump \u00een vederea ajungerii la un acord de pace cu Rusia. Zelenski s-a ar\u0103tat, de asemenea, recunosc\u0103tor pentru sprijinul pe care SUA l-a acordat p\u00e2n\u0103 acum Ucrainei. \u201eVreau s\u0103 reiterez angajamentul Ucrainei pentru pace. [\u2026]<\/div>\n","protected":false},"author":1,"featured_media":68374,"comment_status":"closed","ping_status":"closed","sticky":false,"template":"","format":"standard","meta":{"jnews-multi-image_gallery":[],"jnews_single_post":[],"jnews_primary_category":[],"jnews_social_meta":[],"jnews_override_counter":[],"footnotes":""},"categories":[29],"tags":[],"class_list":["post-68373","post","type-post","status-publish","format-standard","has-post-thumbnail","hentry","category-externe_ro"],"_links":{"self":[{"href":"https:\/\/orheifm.live\/index.php\/wp-json\/wp\/v2\/posts\/68373","targetHints":{"allow":["GET"]}}],"collection":[{"href":"https:\/\/orheifm.live\/index.php\/wp-json\/wp\/v2\/posts"}],"about":[{"href":"https:\/\/orheifm.live\/index.php\/wp-json\/wp\/v2\/types\/post"}],"author":[{"embeddable":true,"href":"https:\/\/orheifm.live\/index.php\/wp-json\/wp\/v2\/users\/1"}],"replies":[{"embeddable":true,"href":"https:\/\/orheifm.live\/index.php\/wp-json\/wp\/v2\/comments?post=68373"}],"version-history":[{"count":0,"href":"https:\/\/orheifm.live\/index.php\/wp-json\/wp\/v2\/posts\/68373\/revisions"}],"wp:featuredmedia":[{"embeddable":true,"href":"https:\/\/orheifm.live\/index.php\/wp-json\/wp\/v2\/media\/68374"}],"wp:attachment":[{"href":"https:\/\/orheifm.live\/index.php\/wp-json\/wp\/v2\/media?parent=68373"}],"wp:term":[{"taxonomy":"category","embeddable":true,"href":"https:\/\/orheifm.live\/index.php\/wp-json\/wp\/v2\/categories?post=68373"},{"taxonomy":"post_tag","embeddable":true,"href":"https:\/\/orheifm.live\/index.php\/wp-json\/wp\/v2\/tags?post=68373"}],"curies":[{"name":"wp","href":"https:\/\/api.w.org\/{rel}","templated":true}]}}