{"id":68367,"date":"2025-03-04T18:38:34","date_gmt":"2025-03-04T16:38:34","guid":{"rendered":"https:\/\/orheifm.live\/index.php\/2025\/03\/04\/sistari-temporare-de-apa-in-chisinau-si-orasul-vatra-pe-5-si-6-martie\/"},"modified":"2025-03-04T18:38:34","modified_gmt":"2025-03-04T16:38:34","slug":"sistari-temporare-de-apa-in-chisinau-si-orasul-vatra-pe-5-si-6-martie","status":"publish","type":"post","link":"https:\/\/orheifm.live\/index.php\/2025\/03\/04\/sistari-temporare-de-apa-in-chisinau-si-orasul-vatra-pe-5-si-6-martie\/","title":{"rendered":"Sist\u0103ri temporare de ap\u0103 \u00een Chi\u0219in\u0103u \u0219i ora\u0219ul Vatra pe 5 \u0219i 6 martie"},"content":{"rendered":"<div>\n<p data-start=\"75\" data-end=\"571\"><strong>Consumatorii de pe unele str\u0103zi din municipiul Chi\u0219in\u0103u \u0219i ora\u0219ul Vatra vor r\u0103m\u00e2ne temporar f\u0103r\u0103 ap\u0103 pe 5 \u0219i 6 martie, anun\u021b\u0103 Ap\u0103 Canal Chi\u0219in\u0103u. <\/strong><\/p>\n<p data-start=\"75\" data-end=\"571\">Miercuri, 5 martie, vor fi afectate str\u0103zile Alba Iulia (1-5 inclusiv cu frac\u021bii), Ion Pelivan (17\/1, 17A, 17\/3) \u0219i Ion Creang\u0103 (82\/1, 82\/2, 82\/4), \u00eentre orele 9:00-19:00.<\/p>\n<p data-start=\"75\" data-end=\"571\">Pe 6 martie, \u00eentreruperi vor avea loc \u0219i \u00een ora\u0219ul Vatra, pe str\u0103zile Tinere\u021bii \u0219i F\u00e2nt\u00e2ni\u021bei, \u00eentre 9:00 \u0219i 17:00, din cauza lucr\u0103rilor planificate de S.A. \u201eAp\u0103-Canal Chi\u0219in\u0103u\u201d.<\/p>\n<p data-start=\"573\" data-end=\"753\" data-is-last-node=\"\" data-is-only-node=\"\">Reprezentan\u021bii Ap\u0103 Canal Chi\u0219in\u0103u au cerut scuze consumatorilor afecta\u021bi \u0219i \u00eei sf\u0103tuiesc s\u0103 \u00ee\u0219i asigure rezerva minim\u0103 de ap\u0103 pentru consum \u0219i uz casnic pe perioada \u00eentreruperilor.<\/p>\n<\/div>\n","protected":false},"excerpt":{"rendered":"<div><img loading=\"lazy\" decoding=\"async\" width=\"696\" height=\"391\" src=\"https:\/\/canal5.md\/wp-content\/uploads\/2025\/02\/apa30iunie-900x505-1-optimized.png\" class=\"attachment-large size-large wp-post-image\" alt=\"\" srcset=\"https:\/\/canal5.md\/wp-content\/uploads\/2025\/02\/apa30iunie-900x505-1-optimized.png 900w, https:\/\/canal5.md\/wp-content\/uploads\/2025\/02\/apa30iunie-900x505-1-300x168-optimized.png 300w, https:\/\/canal5.md\/wp-content\/uploads\/2025\/02\/apa30iunie-900x505-1-768x431-optimized.png 768w, https:\/\/canal5.md\/wp-content\/uploads\/2025\/02\/apa30iunie-900x505-1-696x391-optimized.png 696w\">Consumatorii de pe unele str\u0103zi din municipiul Chi\u0219in\u0103u \u0219i ora\u0219ul Vatra vor r\u0103m\u00e2ne temporar f\u0103r\u0103 ap\u0103 pe 5 \u0219i 6 martie, anun\u021b\u0103 Ap\u0103 Canal Chi\u0219in\u0103u. Miercuri, 5 martie, vor fi afectate str\u0103zile Alba Iulia (1-5 inclusiv cu frac\u021bii), Ion Pelivan (17\/1, 17A, 17\/3) \u0219i Ion Creang\u0103 (82\/1, 82\/2, 82\/4), \u00eentre orele 9:00-19:00. Pe 6 martie, [\u2026]<\/div>\n","protected":false},"author":1,"featured_media":68368,"comment_status":"closed","ping_status":"closed","sticky":false,"template":"","format":"standard","meta":{"jnews-multi-image_gallery":[],"jnews_single_post":[],"jnews_primary_category":[],"jnews_social_meta":[],"jnews_override_counter":[],"footnotes":""},"categories":[30],"tags":[],"class_list":["post-68367","post","type-post","status-publish","format-standard","has-post-thumbnail","hentry","category-social_ro"],"_links":{"self":[{"href":"https:\/\/orheifm.live\/index.php\/wp-json\/wp\/v2\/posts\/68367","targetHints":{"allow":["GET"]}}],"collection":[{"href":"https:\/\/orheifm.live\/index.php\/wp-json\/wp\/v2\/posts"}],"about":[{"href":"https:\/\/orheifm.live\/index.php\/wp-json\/wp\/v2\/types\/post"}],"author":[{"embeddable":true,"href":"https:\/\/orheifm.live\/index.php\/wp-json\/wp\/v2\/users\/1"}],"replies":[{"embeddable":true,"href":"https:\/\/orheifm.live\/index.php\/wp-json\/wp\/v2\/comments?post=68367"}],"version-history":[{"count":0,"href":"https:\/\/orheifm.live\/index.php\/wp-json\/wp\/v2\/posts\/68367\/revisions"}],"wp:featuredmedia":[{"embeddable":true,"href":"https:\/\/orheifm.live\/index.php\/wp-json\/wp\/v2\/media\/68368"}],"wp:attachment":[{"href":"https:\/\/orheifm.live\/index.php\/wp-json\/wp\/v2\/media?parent=68367"}],"wp:term":[{"taxonomy":"category","embeddable":true,"href":"https:\/\/orheifm.live\/index.php\/wp-json\/wp\/v2\/categories?post=68367"},{"taxonomy":"post_tag","embeddable":true,"href":"https:\/\/orheifm.live\/index.php\/wp-json\/wp\/v2\/tags?post=68367"}],"curies":[{"name":"wp","href":"https:\/\/api.w.org\/{rel}","templated":true}]}}