{"id":68363,"date":"2025-03-04T18:16:02","date_gmt":"2025-03-04T16:16:02","guid":{"rendered":"https:\/\/orheifm.live\/index.php\/2025\/03\/04\/doua-persoane-au-murit-in-incendii-provocate-de-sobe-defecte-in-hincesti-si-vulcanesti\/"},"modified":"2025-03-04T18:16:02","modified_gmt":"2025-03-04T16:16:02","slug":"doua-persoane-au-murit-in-incendii-provocate-de-sobe-defecte-in-hincesti-si-vulcanesti","status":"publish","type":"post","link":"https:\/\/orheifm.live\/index.php\/2025\/03\/04\/doua-persoane-au-murit-in-incendii-provocate-de-sobe-defecte-in-hincesti-si-vulcanesti\/","title":{"rendered":"Dou\u0103 persoane au murit \u00een incendii provocate de sobe defecte \u00een H\u00eence\u0219ti \u0219i Vulc\u0103ne\u0219ti"},"content":{"rendered":"<div>\n<p data-start=\"94\" data-end=\"255\"><strong>Dou\u0103 persoane \u0219i-au pierdut via\u021ba \u00een urma unor incendii cauzate de utilizarea necorespunz\u0103toare a sobelor de \u00eenc\u0103lzire, \u00een localit\u0103\u021bile B\u0103lceana \u0219i Ci\u0219michioi.<\/strong><\/p>\n<p data-start=\"257\" data-end=\"737\">Primul incident s-a produs pe 3 martie 2025, \u00een satul B\u0103lceana, raionul H\u00eence\u0219ti, unde un incendiu a izbucnit \u00eentr-o gospod\u0103rie, fiind raportat la Serviciul 112 la ora 11:56. Dou\u0103 echipe de pompieri au intervenit rapid, \u00eens\u0103 casa era deja cuprins\u0103 de fl\u0103c\u0103ri.<\/p>\n<p data-start=\"257\" data-end=\"737\">\u00cen timpul opera\u021biunilor de stingere, a fost descoperit cadavrul carbonizat al unei femei de 88 de ani. Potrivit speciali\u0219tilor, incendiul a fost cauzat de suprasolicitarea sobei, care a aprins mobilierul din apropiere.<\/p>\n<p data-start=\"739\" data-end=\"982\">Al doilea caz tragic a avut loc \u00een diminea\u021ba aceleia\u0219i zile, \u00een satul Ci\u0219michioi, raionul Vulc\u0103ne\u0219ti. Un b\u0103rbat de 70 de ani a fost g\u0103sit f\u0103r\u0103 via\u021b\u0103 \u00een locuin\u021ba sa, dup\u0103 ce ar fi \u00eenchis cahla sobei, provoc\u00e2nd acumularea de monoxid de carbon.<\/p>\n<p data-start=\"984\" data-end=\"1371\">Inspectoratul General pentru Situa\u021bii de Urgen\u021b\u0103 atrage aten\u021bia asupra pericolelor utiliz\u0103rii incorecte a sistemelor de \u00eenc\u0103lzire \u0219i recomand\u0103 cet\u0103\u021benilor s\u0103 respecte regulile de siguran\u021b\u0103, s\u0103 nu suprasolicite sobele \u0219i s\u0103 p\u0103streze mobilierul la distan\u021b\u0103 de sursele de c\u0103ldur\u0103. De asemenea, se insist\u0103 asupra unei aten\u021bii sporite fa\u021b\u0103 de persoanele \u00een v\u00e2rst\u0103 sau care locuiesc singure.<\/p>\n<p data-start=\"1373\" data-end=\"1499\" data-is-last-node=\"\" data-is-only-node=\"\">De la \u00eenceputul anului 2025, \u00een Republica Moldova s-au \u00eenregistrat 433 de incendii, care au provocat moartea a 39 de persoane.<\/p>\n<\/div>\n","protected":false},"excerpt":{"rendered":"<div><img loading=\"lazy\" decoding=\"async\" width=\"696\" height=\"458\" src=\"https:\/\/canal5.md\/wp-content\/uploads\/2025\/03\/801278-optimized.webp\" class=\"attachment-large size-large wp-post-image\" alt=\"\" srcset=\"https:\/\/canal5.md\/wp-content\/uploads\/2025\/03\/801278-optimized.webp 760w, https:\/\/canal5.md\/wp-content\/uploads\/2025\/03\/801278-300x197-optimized.webp 300w, https:\/\/canal5.md\/wp-content\/uploads\/2025\/03\/801278-696x458-optimized.webp 696w\">Dou\u0103 persoane \u0219i-au pierdut via\u021ba \u00een urma unor incendii cauzate de utilizarea necorespunz\u0103toare a sobelor de \u00eenc\u0103lzire, \u00een localit\u0103\u021bile B\u0103lceana \u0219i Ci\u0219michioi. Primul incident s-a produs pe 3 martie 2025, \u00een satul B\u0103lceana, raionul H\u00eence\u0219ti, unde un incendiu a izbucnit \u00eentr-o gospod\u0103rie, fiind raportat la Serviciul 112 la ora 11:56. Dou\u0103 echipe de pompieri au [\u2026]<\/div>\n","protected":false},"author":1,"featured_media":68364,"comment_status":"closed","ping_status":"closed","sticky":false,"template":"","format":"standard","meta":{"jnews-multi-image_gallery":[],"jnews_single_post":[],"jnews_primary_category":[],"jnews_social_meta":[],"jnews_override_counter":[],"footnotes":""},"categories":[30],"tags":[],"class_list":["post-68363","post","type-post","status-publish","format-standard","has-post-thumbnail","hentry","category-social_ro"],"_links":{"self":[{"href":"https:\/\/orheifm.live\/index.php\/wp-json\/wp\/v2\/posts\/68363","targetHints":{"allow":["GET"]}}],"collection":[{"href":"https:\/\/orheifm.live\/index.php\/wp-json\/wp\/v2\/posts"}],"about":[{"href":"https:\/\/orheifm.live\/index.php\/wp-json\/wp\/v2\/types\/post"}],"author":[{"embeddable":true,"href":"https:\/\/orheifm.live\/index.php\/wp-json\/wp\/v2\/users\/1"}],"replies":[{"embeddable":true,"href":"https:\/\/orheifm.live\/index.php\/wp-json\/wp\/v2\/comments?post=68363"}],"version-history":[{"count":0,"href":"https:\/\/orheifm.live\/index.php\/wp-json\/wp\/v2\/posts\/68363\/revisions"}],"wp:featuredmedia":[{"embeddable":true,"href":"https:\/\/orheifm.live\/index.php\/wp-json\/wp\/v2\/media\/68364"}],"wp:attachment":[{"href":"https:\/\/orheifm.live\/index.php\/wp-json\/wp\/v2\/media?parent=68363"}],"wp:term":[{"taxonomy":"category","embeddable":true,"href":"https:\/\/orheifm.live\/index.php\/wp-json\/wp\/v2\/categories?post=68363"},{"taxonomy":"post_tag","embeddable":true,"href":"https:\/\/orheifm.live\/index.php\/wp-json\/wp\/v2\/tags?post=68363"}],"curies":[{"name":"wp","href":"https:\/\/api.w.org\/{rel}","templated":true}]}}