{"id":68361,"date":"2025-03-04T18:08:59","date_gmt":"2025-03-04T16:08:59","guid":{"rendered":"https:\/\/orheifm.live\/index.php\/2025\/03\/04\/a-incercat-sa-si-omoare-fosta-iubita-si-a-agresat-o-pe-mama-acesteia-un-tanar-din-drochia-condamnat-la-15-ani-de-puscarie\/"},"modified":"2025-03-04T18:08:59","modified_gmt":"2025-03-04T16:08:59","slug":"a-incercat-sa-si-omoare-fosta-iubita-si-a-agresat-o-pe-mama-acesteia-un-tanar-din-drochia-condamnat-la-15-ani-de-puscarie","status":"publish","type":"post","link":"https:\/\/orheifm.live\/index.php\/2025\/03\/04\/a-incercat-sa-si-omoare-fosta-iubita-si-a-agresat-o-pe-mama-acesteia-un-tanar-din-drochia-condamnat-la-15-ani-de-puscarie\/","title":{"rendered":"A \u00eencercat s\u0103-\u0219i omoare fosta iubit\u0103 \u0219i a agresat-o pe mama acesteia: Un t\u00e2n\u0103r din Drochia, condamnat la 15 ani de pu\u0219c\u0103rie"},"content":{"rendered":"<div>\n<p><strong>Un b\u0103rbat de 26 de ani, originar \u0219i locuitor al raionului Drochia, a fost condamnat la 15 ani de \u00eenchisoare pentru tentativ\u0103 de omor a fostei iubite \u0219i agresarea mamei acesteia.<\/strong><\/p>\n<p>\u201eConform acuz\u0103rii, la 03 iulie 2024, pe timp de sear\u0103, inculpatul, fiind \u00eentr-un local din sat, s-ar fi luat la ceart\u0103 cu fosta sa iubit\u0103 \u0219i cu mama acesteia. Dup\u0103 ce ar fi consumat alcool, ar fi intrat \u00een gospod\u0103ria acestora \u0219i le-ar fi abuzat fizic. La un moment dat, b\u0103rbatul ar fi \u00eenjunghiat-o pe fosta sa prieten\u0103 \u00een zona g\u00e2tului.<\/p>\n<p>Inten\u021bia de omor nu a fost dus\u0103 p\u00e2n\u0103 la cap\u0103t ca urmare a interven\u021biei prompte a mamei victimei. Persoana a fost re\u021binut\u0103 la scurt timp, afl\u00e2ndu-se \u00een stare de arest preventiv de la 04 iulie 2024 \u0219i p\u00e2n\u0103 la pronun\u021barea sentin\u021bei.<\/p>\n<p>Judec\u0103toria Drochia, sediul Central a condamnat inculpatul la 15 ani de \u00eenchisoare cu executarea pedepsei \u00een penitenciar de tip \u00eenchis\u201d, se arat\u0103 \u00een comunicatul emis de Procuratur\u0103.<\/p>\n<\/div>\n","protected":false},"excerpt":{"rendered":"<div><img loading=\"lazy\" decoding=\"async\" width=\"696\" height=\"464\" src=\"https:\/\/canal5.md\/wp-content\/uploads\/2025\/03\/62052f7fae5ac95eec716878-1024x683-optimized.jpg\" class=\"attachment-large size-large wp-post-image\" alt=\"\" srcset=\"https:\/\/canal5.md\/wp-content\/uploads\/2025\/03\/62052f7fae5ac95eec716878-1024x683-optimized.jpg 1024w, https:\/\/canal5.md\/wp-content\/uploads\/2025\/03\/62052f7fae5ac95eec716878-300x200-optimized.jpg 300w, https:\/\/canal5.md\/wp-content\/uploads\/2025\/03\/62052f7fae5ac95eec716878-768x512-optimized.jpg 768w, https:\/\/canal5.md\/wp-content\/uploads\/2025\/03\/62052f7fae5ac95eec716878-1536x1024-optimized.jpg 1536w, https:\/\/canal5.md\/wp-content\/uploads\/2025\/03\/62052f7fae5ac95eec716878-696x464-optimized.jpg 696w, https:\/\/canal5.md\/wp-content\/uploads\/2025\/03\/62052f7fae5ac95eec716878-1068x712-optimized.jpg 1068w, https:\/\/canal5.md\/wp-content\/uploads\/2025\/03\/62052f7fae5ac95eec716878-optimized.jpg 1920w\">Un b\u0103rbat de 26 de ani, originar \u0219i locuitor al raionului Drochia, a fost condamnat la 15 ani de \u00eenchisoare pentru tentativ\u0103 de omor a fostei iubite \u0219i agresarea mamei acesteia. \u201eConform acuz\u0103rii, la 03 iulie 2024, pe timp de sear\u0103, inculpatul, fiind \u00eentr-un local din sat, s-ar fi luat la ceart\u0103 cu fosta sa [\u2026]<\/div>\n","protected":false},"author":1,"featured_media":68362,"comment_status":"closed","ping_status":"closed","sticky":false,"template":"","format":"standard","meta":{"jnews-multi-image_gallery":[],"jnews_single_post":[],"jnews_primary_category":[],"jnews_social_meta":[],"jnews_override_counter":[],"footnotes":""},"categories":[30],"tags":[],"class_list":["post-68361","post","type-post","status-publish","format-standard","has-post-thumbnail","hentry","category-social_ro"],"_links":{"self":[{"href":"https:\/\/orheifm.live\/index.php\/wp-json\/wp\/v2\/posts\/68361","targetHints":{"allow":["GET"]}}],"collection":[{"href":"https:\/\/orheifm.live\/index.php\/wp-json\/wp\/v2\/posts"}],"about":[{"href":"https:\/\/orheifm.live\/index.php\/wp-json\/wp\/v2\/types\/post"}],"author":[{"embeddable":true,"href":"https:\/\/orheifm.live\/index.php\/wp-json\/wp\/v2\/users\/1"}],"replies":[{"embeddable":true,"href":"https:\/\/orheifm.live\/index.php\/wp-json\/wp\/v2\/comments?post=68361"}],"version-history":[{"count":0,"href":"https:\/\/orheifm.live\/index.php\/wp-json\/wp\/v2\/posts\/68361\/revisions"}],"wp:featuredmedia":[{"embeddable":true,"href":"https:\/\/orheifm.live\/index.php\/wp-json\/wp\/v2\/media\/68362"}],"wp:attachment":[{"href":"https:\/\/orheifm.live\/index.php\/wp-json\/wp\/v2\/media?parent=68361"}],"wp:term":[{"taxonomy":"category","embeddable":true,"href":"https:\/\/orheifm.live\/index.php\/wp-json\/wp\/v2\/categories?post=68361"},{"taxonomy":"post_tag","embeddable":true,"href":"https:\/\/orheifm.live\/index.php\/wp-json\/wp\/v2\/tags?post=68361"}],"curies":[{"name":"wp","href":"https:\/\/api.w.org\/{rel}","templated":true}]}}