{"id":68359,"date":"2025-03-04T17:40:41","date_gmt":"2025-03-04T15:40:41","guid":{"rendered":"https:\/\/orheifm.live\/index.php\/2025\/03\/04\/exercitii-tactice-de-rutina-pe-traseul-r-6-orhei-chisinau-politia-nationala-avertizeaza-cetatenii\/"},"modified":"2025-03-04T17:40:41","modified_gmt":"2025-03-04T15:40:41","slug":"exercitii-tactice-de-rutina-pe-traseul-r-6-orhei-chisinau-politia-nationala-avertizeaza-cetatenii","status":"publish","type":"post","link":"https:\/\/orheifm.live\/index.php\/2025\/03\/04\/exercitii-tactice-de-rutina-pe-traseul-r-6-orhei-chisinau-politia-nationala-avertizeaza-cetatenii\/","title":{"rendered":"Exerci\u021bii tactice de rutin\u0103 pe traseul R-6, Orhei \u2013 Chi\u0219in\u0103u: Poli\u021bia Na\u021bional\u0103 avertizeaz\u0103 cet\u0103\u021benii"},"content":{"rendered":"<div>\n<p><strong>Poli\u021bia Na\u021bional\u0103 anun\u021b\u0103 c\u0103, \u00een aceast\u0103 sear\u0103, \u00eencep\u00e2nd cu ora 19:00, pe por\u021biunea traseului na\u021bional R-6, Orhei \u2013 Chi\u0219in\u0103u, \u00een zona unei sta\u021bii Peco, vor fi vizibile echipaje de patrulare \u0219i masca\u021bi de la Fulger.<\/strong><\/p>\n<p>Aceste activit\u0103\u021bi fac parte dintr-un exerci\u021biu tactic de rutin\u0103 desf\u0103\u0219urat de c\u0103tre subdiviziunile Poli\u021biei.<\/p>\n<p>Autorit\u0103\u021bile \u00eendeamn\u0103 cet\u0103\u021benii s\u0103 nu r\u0103sp\u00e2ndeasc\u0103 informa\u021bii eronate \u0219i s\u0103 nu intre \u00een panic\u0103, subliniind c\u0103 este vorba despre un exerci\u021biu planificat.<\/p>\n<\/div>\n","protected":false},"excerpt":{"rendered":"<div><img loading=\"lazy\" decoding=\"async\" width=\"696\" height=\"392\" src=\"https:\/\/canal5.md\/wp-content\/uploads\/2025\/03\/img_7393-optimized.jpeg\" class=\"attachment-large size-large wp-post-image\" alt=\"\" srcset=\"https:\/\/canal5.md\/wp-content\/uploads\/2025\/03\/img_7393-optimized.jpeg 800w, https:\/\/canal5.md\/wp-content\/uploads\/2025\/03\/img_7393-300x169-optimized.jpeg 300w, https:\/\/canal5.md\/wp-content\/uploads\/2025\/03\/img_7393-768x432-optimized.jpeg 768w, https:\/\/canal5.md\/wp-content\/uploads\/2025\/03\/img_7393-696x392-optimized.jpeg 696w\">Poli\u021bia Na\u021bional\u0103 anun\u021b\u0103 c\u0103, \u00een aceast\u0103 sear\u0103, \u00eencep\u00e2nd cu ora 19:00, pe por\u021biunea traseului na\u021bional R-6, Orhei \u2013 Chi\u0219in\u0103u, \u00een zona unei sta\u021bii Peco, vor fi vizibile echipaje de patrulare \u0219i masca\u021bi de la Fulger. Aceste activit\u0103\u021bi fac parte dintr-un exerci\u021biu tactic de rutin\u0103 desf\u0103\u0219urat de c\u0103tre subdiviziunile Poli\u021biei. Autorit\u0103\u021bile \u00eendeamn\u0103 cet\u0103\u021benii s\u0103 nu r\u0103sp\u00e2ndeasc\u0103 [\u2026]<\/div>\n","protected":false},"author":1,"featured_media":68360,"comment_status":"closed","ping_status":"closed","sticky":false,"template":"","format":"standard","meta":{"jnews-multi-image_gallery":[],"jnews_single_post":[],"jnews_primary_category":[],"jnews_social_meta":[],"jnews_override_counter":[],"footnotes":""},"categories":[30],"tags":[],"class_list":["post-68359","post","type-post","status-publish","format-standard","has-post-thumbnail","hentry","category-social_ro"],"_links":{"self":[{"href":"https:\/\/orheifm.live\/index.php\/wp-json\/wp\/v2\/posts\/68359","targetHints":{"allow":["GET"]}}],"collection":[{"href":"https:\/\/orheifm.live\/index.php\/wp-json\/wp\/v2\/posts"}],"about":[{"href":"https:\/\/orheifm.live\/index.php\/wp-json\/wp\/v2\/types\/post"}],"author":[{"embeddable":true,"href":"https:\/\/orheifm.live\/index.php\/wp-json\/wp\/v2\/users\/1"}],"replies":[{"embeddable":true,"href":"https:\/\/orheifm.live\/index.php\/wp-json\/wp\/v2\/comments?post=68359"}],"version-history":[{"count":0,"href":"https:\/\/orheifm.live\/index.php\/wp-json\/wp\/v2\/posts\/68359\/revisions"}],"wp:featuredmedia":[{"embeddable":true,"href":"https:\/\/orheifm.live\/index.php\/wp-json\/wp\/v2\/media\/68360"}],"wp:attachment":[{"href":"https:\/\/orheifm.live\/index.php\/wp-json\/wp\/v2\/media?parent=68359"}],"wp:term":[{"taxonomy":"category","embeddable":true,"href":"https:\/\/orheifm.live\/index.php\/wp-json\/wp\/v2\/categories?post=68359"},{"taxonomy":"post_tag","embeddable":true,"href":"https:\/\/orheifm.live\/index.php\/wp-json\/wp\/v2\/tags?post=68359"}],"curies":[{"name":"wp","href":"https:\/\/api.w.org\/{rel}","templated":true}]}}