{"id":68355,"date":"2025-03-04T16:40:51","date_gmt":"2025-03-04T14:40:51","guid":{"rendered":"https:\/\/orheifm.live\/index.php\/2025\/03\/04\/accident-mortal-in-sudul-boliviei-cel-putin-15-morti-intr-o-coliziune-intre-camion-si-autobuz\/"},"modified":"2025-03-04T16:40:51","modified_gmt":"2025-03-04T14:40:51","slug":"accident-mortal-in-sudul-boliviei-cel-putin-15-morti-intr-o-coliziune-intre-camion-si-autobuz","status":"publish","type":"post","link":"https:\/\/orheifm.live\/index.php\/2025\/03\/04\/accident-mortal-in-sudul-boliviei-cel-putin-15-morti-intr-o-coliziune-intre-camion-si-autobuz\/","title":{"rendered":"Accident mortal \u00een sudul Boliviei: Cel pu\u021bin 15 mor\u021bi \u00eentr-o coliziune \u00eentre camion \u0219i autobuz"},"content":{"rendered":"<div>\n<p><strong>Luni diminea\u021b\u0103, un camion care circula pe o autostrad\u0103 din sudul Boliviei a intrat \u00een coliziune cu un autobuz, \u00eemping\u00e2ndu-l \u00een afacerea \u0219oselei \u0219i provoc\u00e2nd moartea a cel pu\u021bin 15 persoane, potrivit poli\u021biei. \u00cen urma impactului, autobuzul s-a rostogolit aproximativ 500 de metri \u00eentr-o r\u00e2p\u0103.<\/strong><\/p>\n<p>De asemenea, 19 persoane r\u0103nite au fost transportate la un spital local. Salvatorii sunt \u00een continuare la fa\u021ba locului pentru a recupera trupurile celor deceda\u021bi, iar bilan\u021bul victimelor este estimat \u00eentre 15 \u0219i 20 de persoane.<\/p>\n<p>\u0218oferul camionului a fost arestat, iar autorit\u0103\u021bile investigheaz\u0103 \u00een continuare cauzele accidentului. Acest incident a avut loc la doar c\u00e2teva zile dup\u0103 ce \u00een aceea\u0219i regiune au fost ucise mai mult de 30 de persoane \u00eentr-un alt accident, c\u00e2nd dou\u0103 autobuze s-au ciocnit.<\/p>\n<\/div>\n","protected":false},"excerpt":{"rendered":"<div><img loading=\"lazy\" decoding=\"async\" width=\"696\" height=\"392\" src=\"https:\/\/canal5.md\/wp-content\/uploads\/2025\/03\/8616975fcdc435c330774c54b95099626711f1077ac1dfce597ecaa1626825cc-1024x576-optimized.png\" class=\"attachment-large size-large wp-post-image\" alt=\"\" srcset=\"https:\/\/canal5.md\/wp-content\/uploads\/2025\/03\/8616975fcdc435c330774c54b95099626711f1077ac1dfce597ecaa1626825cc-1024x576-optimized.png 1024w, https:\/\/canal5.md\/wp-content\/uploads\/2025\/03\/8616975fcdc435c330774c54b95099626711f1077ac1dfce597ecaa1626825cc-300x169-optimized.png 300w, https:\/\/canal5.md\/wp-content\/uploads\/2025\/03\/8616975fcdc435c330774c54b95099626711f1077ac1dfce597ecaa1626825cc-768x432-optimized.png 768w, https:\/\/canal5.md\/wp-content\/uploads\/2025\/03\/8616975fcdc435c330774c54b95099626711f1077ac1dfce597ecaa1626825cc-696x392-optimized.png 696w, https:\/\/canal5.md\/wp-content\/uploads\/2025\/03\/8616975fcdc435c330774c54b95099626711f1077ac1dfce597ecaa1626825cc-1068x601-optimized.png 1068w, https:\/\/canal5.md\/wp-content\/uploads\/2025\/03\/8616975fcdc435c330774c54b95099626711f1077ac1dfce597ecaa1626825cc-optimized.png 1200w\">Luni diminea\u021b\u0103, un camion care circula pe o autostrad\u0103 din sudul Boliviei a intrat \u00een coliziune cu un autobuz, \u00eemping\u00e2ndu-l \u00een afacerea \u0219oselei \u0219i provoc\u00e2nd moartea a cel pu\u021bin 15 persoane, potrivit poli\u021biei. \u00cen urma impactului, autobuzul s-a rostogolit aproximativ 500 de metri \u00eentr-o r\u00e2p\u0103. De asemenea, 19 persoane r\u0103nite au fost transportate la un [\u2026]<\/div>\n","protected":false},"author":1,"featured_media":68356,"comment_status":"closed","ping_status":"closed","sticky":false,"template":"","format":"standard","meta":{"jnews-multi-image_gallery":[],"jnews_single_post":[],"jnews_primary_category":[],"jnews_social_meta":[],"jnews_override_counter":[],"footnotes":""},"categories":[29],"tags":[],"class_list":["post-68355","post","type-post","status-publish","format-standard","has-post-thumbnail","hentry","category-externe_ro"],"_links":{"self":[{"href":"https:\/\/orheifm.live\/index.php\/wp-json\/wp\/v2\/posts\/68355","targetHints":{"allow":["GET"]}}],"collection":[{"href":"https:\/\/orheifm.live\/index.php\/wp-json\/wp\/v2\/posts"}],"about":[{"href":"https:\/\/orheifm.live\/index.php\/wp-json\/wp\/v2\/types\/post"}],"author":[{"embeddable":true,"href":"https:\/\/orheifm.live\/index.php\/wp-json\/wp\/v2\/users\/1"}],"replies":[{"embeddable":true,"href":"https:\/\/orheifm.live\/index.php\/wp-json\/wp\/v2\/comments?post=68355"}],"version-history":[{"count":0,"href":"https:\/\/orheifm.live\/index.php\/wp-json\/wp\/v2\/posts\/68355\/revisions"}],"wp:featuredmedia":[{"embeddable":true,"href":"https:\/\/orheifm.live\/index.php\/wp-json\/wp\/v2\/media\/68356"}],"wp:attachment":[{"href":"https:\/\/orheifm.live\/index.php\/wp-json\/wp\/v2\/media?parent=68355"}],"wp:term":[{"taxonomy":"category","embeddable":true,"href":"https:\/\/orheifm.live\/index.php\/wp-json\/wp\/v2\/categories?post=68355"},{"taxonomy":"post_tag","embeddable":true,"href":"https:\/\/orheifm.live\/index.php\/wp-json\/wp\/v2\/tags?post=68355"}],"curies":[{"name":"wp","href":"https:\/\/api.w.org\/{rel}","templated":true}]}}