{"id":68281,"date":"2025-03-03T19:52:04","date_gmt":"2025-03-03T17:52:04","guid":{"rendered":"https:\/\/orheifm.live\/index.php\/2025\/03\/03\/un-ferrari-de-440-000-de-euro-a-fost-distrus-de-soferul-care-voia-sa-l-cumpere-si-l-a-imprumutat-pentru-un-drive-test\/"},"modified":"2025-03-03T19:52:04","modified_gmt":"2025-03-03T17:52:04","slug":"un-ferrari-de-440-000-de-euro-a-fost-distrus-de-soferul-care-voia-sa-l-cumpere-si-l-a-imprumutat-pentru-un-drive-test","status":"publish","type":"post","link":"https:\/\/orheifm.live\/index.php\/2025\/03\/03\/un-ferrari-de-440-000-de-euro-a-fost-distrus-de-soferul-care-voia-sa-l-cumpere-si-l-a-imprumutat-pentru-un-drive-test\/","title":{"rendered":"Un Ferrari de 440.000 de euro a fost distrus de \u0219oferul care voia s\u0103-l cumpere \u0219i l-a \u00eemprumutat pentru un drive test"},"content":{"rendered":"<div>\n<p><strong>A fost nevoie de doar c\u00e2teva secunde pentru ca un cunoscut DJ din Bielefeld, Germania, s\u0103 fac\u0103 praf un Ferrari SF90 Stradale de 1.000 de cai putere \u00eentr-o prob\u0103 de vitez\u0103 care s-a terminat direct \u00een parapetul autostr\u0103zii, scrie publica\u021bia BILD.<\/strong><\/p>\n<p>Totul s-a petrecut \u00eentr-un ora\u0219 din Germania, unde b\u0103rbatul de 44 de ani a dorit s\u0103 ia bolidul ro\u0219u, pus \u00een v\u00e2nzare pentru aproape 440.000 de euro, pentru un test-drive. Cu v\u00e2nz\u0103torul pe locul din dreapta, b\u0103rbatul a ap\u0103sat pedala de accelera\u021bie. \u00cenainte s\u0103 ajung\u0103 pe banda principal\u0103 a autostr\u0103zii, ma\u0219ina a sc\u0103pat de sub control \u0219i s-a izbit violent de un parapet.<\/p>\n<p>Puterea ma\u0219inii este incredibil\u0103 \u0219i, dac\u0103 nu e\u0219ti atent, totul se poate sf\u00e2r\u0219i extrem de repede. Ferrari SF90 Stradale, una dintre cele mai rapide ma\u0219ini din lume, poate atinge 100 km\/h \u00een doar 2,5 secunde \u0219i 200 km\/h \u00een alte patru secunde. Se pare c\u0103 b\u0103rbatul nu a luat \u00een considerare faptul c\u0103 anvelopele reci pot reduce aderen\u021ba.<\/p>\n<p>Impactul a fost at\u00e2t de puternic \u00eenc\u00e2t ma\u0219ina s-a f\u0103cut zob, iar fragmente din caroserie au zburat metri \u00eentregi pe \u0219osea. Din fericire, at\u00e2t \u0219oferul, c\u00e2t \u0219i v\u00e2nz\u0103torul au sc\u0103pat nev\u0103t\u0103ma\u021bi, dar pagubele sunt uria\u0219e. Circula\u021bia pe autostrad\u0103 a fost blocat\u0103 timp de o or\u0103, iar Ferrari-ul distrus a fost transportat la un service specializat unde este \u021binut la rece pentru a evita riscul unei explozii a bateriei. Deocamdat\u0103, poli\u021bia nu a oferit detalii despre posibile sanc\u021biuni, \u00eens\u0103 daunele sunt totale, iar bolidul exclusivist nu mai poate fi v\u00e2ndut.<\/p>\n<\/div>\n","protected":false},"excerpt":{"rendered":"<div><img loading=\"lazy\" decoding=\"async\" width=\"696\" height=\"391\" src=\"https:\/\/canal5.md\/wp-content\/uploads\/2025\/03\/ferarri-de-440-mii-euro-dauna-totala-germania-foto-bild-de-e1740996260668-1024x575-optimized.webp\" class=\"attachment-large size-large wp-post-image\" alt=\"\" srcset=\"https:\/\/canal5.md\/wp-content\/uploads\/2025\/03\/ferarri-de-440-mii-euro-dauna-totala-germania-foto-bild-de-e1740996260668-1024x575-optimized.webp 1024w, https:\/\/canal5.md\/wp-content\/uploads\/2025\/03\/ferarri-de-440-mii-euro-dauna-totala-germania-foto-bild-de-e1740996260668-300x169-optimized.webp 300w, https:\/\/canal5.md\/wp-content\/uploads\/2025\/03\/ferarri-de-440-mii-euro-dauna-totala-germania-foto-bild-de-e1740996260668-768x432-optimized.webp 768w, https:\/\/canal5.md\/wp-content\/uploads\/2025\/03\/ferarri-de-440-mii-euro-dauna-totala-germania-foto-bild-de-e1740996260668-696x391-optimized.webp 696w, https:\/\/canal5.md\/wp-content\/uploads\/2025\/03\/ferarri-de-440-mii-euro-dauna-totala-germania-foto-bild-de-e1740996260668-1068x600-optimized.webp 1068w, https:\/\/canal5.md\/wp-content\/uploads\/2025\/03\/ferarri-de-440-mii-euro-dauna-totala-germania-foto-bild-de-e1740996260668-optimized.webp 1260w\">A fost nevoie de doar c\u00e2teva secunde pentru ca un cunoscut DJ din Bielefeld, Germania, s\u0103 fac\u0103 praf un Ferrari SF90 Stradale de 1.000 de cai putere \u00eentr-o prob\u0103 de vitez\u0103 care s-a terminat direct \u00een parapetul autostr\u0103zii, scrie publica\u021bia BILD. Totul s-a petrecut \u00eentr-un ora\u0219 din Germania, unde b\u0103rbatul de 44 de ani a [\u2026]<\/div>\n","protected":false},"author":1,"featured_media":68282,"comment_status":"closed","ping_status":"closed","sticky":false,"template":"","format":"standard","meta":{"jnews-multi-image_gallery":[],"jnews_single_post":[],"jnews_primary_category":[],"jnews_social_meta":[],"jnews_override_counter":[],"footnotes":""},"categories":[29],"tags":[],"class_list":["post-68281","post","type-post","status-publish","format-standard","has-post-thumbnail","hentry","category-externe_ro"],"_links":{"self":[{"href":"https:\/\/orheifm.live\/index.php\/wp-json\/wp\/v2\/posts\/68281","targetHints":{"allow":["GET"]}}],"collection":[{"href":"https:\/\/orheifm.live\/index.php\/wp-json\/wp\/v2\/posts"}],"about":[{"href":"https:\/\/orheifm.live\/index.php\/wp-json\/wp\/v2\/types\/post"}],"author":[{"embeddable":true,"href":"https:\/\/orheifm.live\/index.php\/wp-json\/wp\/v2\/users\/1"}],"replies":[{"embeddable":true,"href":"https:\/\/orheifm.live\/index.php\/wp-json\/wp\/v2\/comments?post=68281"}],"version-history":[{"count":0,"href":"https:\/\/orheifm.live\/index.php\/wp-json\/wp\/v2\/posts\/68281\/revisions"}],"wp:featuredmedia":[{"embeddable":true,"href":"https:\/\/orheifm.live\/index.php\/wp-json\/wp\/v2\/media\/68282"}],"wp:attachment":[{"href":"https:\/\/orheifm.live\/index.php\/wp-json\/wp\/v2\/media?parent=68281"}],"wp:term":[{"taxonomy":"category","embeddable":true,"href":"https:\/\/orheifm.live\/index.php\/wp-json\/wp\/v2\/categories?post=68281"},{"taxonomy":"post_tag","embeddable":true,"href":"https:\/\/orheifm.live\/index.php\/wp-json\/wp\/v2\/tags?post=68281"}],"curies":[{"name":"wp","href":"https:\/\/api.w.org\/{rel}","templated":true}]}}