{"id":68207,"date":"2025-03-03T09:20:06","date_gmt":"2025-03-03T07:20:06","guid":{"rendered":"https:\/\/orheifm.live\/index.php\/2025\/03\/03\/vreme-de-primavara-timpurie-in-moldova-racoare-dimineata-soare-la-pranz\/"},"modified":"2025-03-03T09:20:06","modified_gmt":"2025-03-03T07:20:06","slug":"vreme-de-primavara-timpurie-in-moldova-racoare-dimineata-soare-la-pranz","status":"publish","type":"post","link":"https:\/\/orheifm.live\/index.php\/2025\/03\/03\/vreme-de-primavara-timpurie-in-moldova-racoare-dimineata-soare-la-pranz\/","title":{"rendered":"Vreme de prim\u0103var\u0103 timpurie \u00een Moldova: r\u0103coare diminea\u021ba, soare la pr\u00e2nz"},"content":{"rendered":"<div>\n<p><strong>Ast\u0103zi, vremea \u00een Moldova va fi \u00een general \u00eenchis\u0103, cu nori predominan\u021bi \u0219i f\u0103r\u0103 precipita\u021bii semnificative. <\/strong><\/p>\n<p>Temperaturile vor varia \u00eentre 0.7\u00b0C \u0219i 5.2\u00b0C. Diminea\u021ba, cerul va fi par\u021bial noros, iar temperatura va r\u0103m\u00e2ne sc\u0103zut\u0103, \u00een jurul valorii de 0.8\u00b0C p\u00e2n\u0103 la ora 9:00, c\u00e2nd soarele va ap\u0103rea \u0219i va \u00eencepe s\u0103 \u00eenc\u0103lzeasc\u0103 treptat atmosfera.<\/p>\n<p>P\u00e2n\u0103 la pr\u00e2nz, temperatura va ajunge la 3.9\u00b0C, iar \u00een cursul dup\u0103-amiezii, va atinge maximul zilei de aproximativ 5.2\u00b0C. Soarele va r\u0103s\u0103ri la ora 6:40 \u0219i va apune la 17:52.<\/p>\n<\/div>\n","protected":false},"excerpt":{"rendered":"<div><img loading=\"lazy\" decoding=\"async\" width=\"696\" height=\"392\" src=\"https:\/\/canal5.md\/wp-content\/uploads\/2025\/03\/regim-termic-ca-de-primavara-timpurie-cum-va-fi-vremea-de-revelion-191530-1672467732-1024x576-optimized.jpg\" class=\"attachment-large size-large wp-post-image\" alt=\"\" srcset=\"https:\/\/canal5.md\/wp-content\/uploads\/2025\/03\/regim-termic-ca-de-primavara-timpurie-cum-va-fi-vremea-de-revelion-191530-1672467732-1024x576-optimized.jpg 1024w, https:\/\/canal5.md\/wp-content\/uploads\/2025\/03\/regim-termic-ca-de-primavara-timpurie-cum-va-fi-vremea-de-revelion-191530-1672467732-300x169-optimized.jpg 300w, https:\/\/canal5.md\/wp-content\/uploads\/2025\/03\/regim-termic-ca-de-primavara-timpurie-cum-va-fi-vremea-de-revelion-191530-1672467732-768x432-optimized.jpg 768w, https:\/\/canal5.md\/wp-content\/uploads\/2025\/03\/regim-termic-ca-de-primavara-timpurie-cum-va-fi-vremea-de-revelion-191530-1672467732-696x392-optimized.jpg 696w, https:\/\/canal5.md\/wp-content\/uploads\/2025\/03\/regim-termic-ca-de-primavara-timpurie-cum-va-fi-vremea-de-revelion-191530-1672467732-1068x601-optimized.jpg 1068w, https:\/\/canal5.md\/wp-content\/uploads\/2025\/03\/regim-termic-ca-de-primavara-timpurie-cum-va-fi-vremea-de-revelion-191530-1672467732-optimized.jpg 1200w\">Ast\u0103zi, vremea \u00een Moldova va fi \u00een general \u00eenchis\u0103, cu nori predominan\u021bi \u0219i f\u0103r\u0103 precipita\u021bii semnificative. Temperaturile vor varia \u00eentre 0.7\u00b0C \u0219i 5.2\u00b0C. Diminea\u021ba, cerul va fi par\u021bial noros, iar temperatura va r\u0103m\u00e2ne sc\u0103zut\u0103, \u00een jurul valorii de 0.8\u00b0C p\u00e2n\u0103 la ora 9:00, c\u00e2nd soarele va ap\u0103rea \u0219i va \u00eencepe s\u0103 \u00eenc\u0103lzeasc\u0103 treptat atmosfera. P\u00e2n\u0103 [\u2026]<\/div>\n","protected":false},"author":1,"featured_media":68208,"comment_status":"closed","ping_status":"closed","sticky":false,"template":"","format":"standard","meta":{"jnews-multi-image_gallery":[],"jnews_single_post":[],"jnews_primary_category":[],"jnews_social_meta":[],"jnews_override_counter":[],"footnotes":""},"categories":[30],"tags":[],"class_list":["post-68207","post","type-post","status-publish","format-standard","has-post-thumbnail","hentry","category-social_ro"],"_links":{"self":[{"href":"https:\/\/orheifm.live\/index.php\/wp-json\/wp\/v2\/posts\/68207","targetHints":{"allow":["GET"]}}],"collection":[{"href":"https:\/\/orheifm.live\/index.php\/wp-json\/wp\/v2\/posts"}],"about":[{"href":"https:\/\/orheifm.live\/index.php\/wp-json\/wp\/v2\/types\/post"}],"author":[{"embeddable":true,"href":"https:\/\/orheifm.live\/index.php\/wp-json\/wp\/v2\/users\/1"}],"replies":[{"embeddable":true,"href":"https:\/\/orheifm.live\/index.php\/wp-json\/wp\/v2\/comments?post=68207"}],"version-history":[{"count":0,"href":"https:\/\/orheifm.live\/index.php\/wp-json\/wp\/v2\/posts\/68207\/revisions"}],"wp:featuredmedia":[{"embeddable":true,"href":"https:\/\/orheifm.live\/index.php\/wp-json\/wp\/v2\/media\/68208"}],"wp:attachment":[{"href":"https:\/\/orheifm.live\/index.php\/wp-json\/wp\/v2\/media?parent=68207"}],"wp:term":[{"taxonomy":"category","embeddable":true,"href":"https:\/\/orheifm.live\/index.php\/wp-json\/wp\/v2\/categories?post=68207"},{"taxonomy":"post_tag","embeddable":true,"href":"https:\/\/orheifm.live\/index.php\/wp-json\/wp\/v2\/tags?post=68207"}],"curies":[{"name":"wp","href":"https:\/\/api.w.org\/{rel}","templated":true}]}}