{"id":68200,"date":"2025-03-02T17:20:45","date_gmt":"2025-03-02T15:20:45","guid":{"rendered":"https:\/\/orheifm.live\/index.php\/2025\/03\/02\/familia-baiatului-de-13-ani-decedat-la-spital-era-victima-bullying-ului\/"},"modified":"2025-03-02T17:20:45","modified_gmt":"2025-03-02T15:20:45","slug":"familia-baiatului-de-13-ani-decedat-la-spital-era-victima-bullying-ului","status":"publish","type":"post","link":"https:\/\/orheifm.live\/index.php\/2025\/03\/02\/familia-baiatului-de-13-ani-decedat-la-spital-era-victima-bullying-ului\/","title":{"rendered":"Familia b\u0103iatului de 13 ani decedat la spital: \u201eEra victima bullying-ului\u201d"},"content":{"rendered":"<div>\n<p class=\"sc-1evpin9-2 fKFnqL\"><strong>Unchiul copilului \u00een v\u00e2rst\u0103 de 13 ani din comuna Bubuieci, care a decedat la Institutul Mamei \u0219i Copilului din Capital\u0103, unde a fost adus \u00een stare grav\u0103 dup\u0103 ce a suferit o traum\u0103 la picior \u00een timp ce se afla la \u0219coal\u0103, solicit\u0103 ac\u021biuni concrete din partea autorit\u0103\u021bilor \u0219i elucidarea cazului.<\/strong><\/p>\n<p>De asemenea, b\u0103rbatul sus\u021bine c\u0103 b\u0103iatul a fost victima bullying-ului \u0219i afirm\u0103 c\u0103 minorul a fost lovit inten\u021bionat la picior de un alt coleg \u00een timpul orei de sport, transmite\u00a0<a href=\"https:\/\/newtv.md\/toate-stirile\/video-familia-copilului-din-bubuieci-decedat-la-institutul-mamei-si-copilului-era-victima-bullying-ului-a-fost-lovit-intentionat\" target=\"_blank\" rel=\"nofollow noopener\">newtv.md<\/a>.<\/p>\n<p>\u201eVlad, nepotul meu, a fost victima bullying-ului, i-au fost da\u021bi pantalonii jos, au fost mai multe batjocuri, piedici, \u00eempro\u0219c\u0103turi \u0219i multe altele. Sora mea m-a rugat s\u0103 merg cu ea, pentru c\u0103 cumnatul meu era la munc\u0103 \u0219i nu a putut s\u0103 vin\u0103, a\u0219a c\u0103 am \u00eenso\u021bit-o eu. Au fost mai multe adres\u0103ri c\u0103tre profesoar\u0103 \u0219i directoare pentru a lua m\u0103suri, pentru a elimina bullying-ul, dar nu s-au luat hot\u0103r\u00e2ri\u201d, i-a povestit b\u0103rbatul liderului Partidului Democra\u0163ia Acas\u0103, Vasile Costiuc.<\/p>\n<p>Familia mai afirm\u0103 c\u0103 copilul ar fi fost lovit la picior \u00een timpul orelor de sport:<\/p>\n<p>\u201eA fost lovit la picior, la educa\u021bia fizic\u0103, a fost lovit inten\u021bionat. Ei f\u0103ceau \u00eenc\u0103lzirea \u0219i a fost lovit de c\u00e2teva ori. Un coleg \u00eei spunea: \u201eD\u0103-i mai tare, c\u0103 a\u0219a \u00eei trebuie\u201d. Nu este normal ca acest lucru s\u0103 se \u00eent\u00e2mple \u00eentr-o \u0219coal\u0103. Copilul a venit acas\u0103, i-a spus mamei, iar mama l-a dat cu unguent, crez\u00e2nd c\u0103 este o simpl\u0103 lovitur\u0103. Dup\u0103 aceea, au chemat ambulan\u021ba, iar copilul a fost dus la Spitalul Clinic Municipal de Copii \u201eValentin Ignatenco\u201d, unde i-au pus piciorul \u00een ghips \u0219i l-au trimis acas\u0103. A \u00eenceput s\u0103 se pl\u00e2ng\u0103 de dureri foarte mari, a\u0219a c\u0103 au mai chemat ambulan\u021ba \u0219i au fost iar\u0103\u0219i la \u201eIgnatenco\u201d. Acolo i-au pus din nou piciorul \u00een ghips \u0219i l-au trimis la Policlinica 10, dar l-au trimis acas\u0103 f\u0103r\u0103 a mai face alte investiga\u021bi\u201d, sus\u0163ine b\u0103rbatul.<\/p>\n<p>Unchiul copilului poveste\u0219te c\u0103 acesta a fost investigat \u0219i la Spitalul Clinic de Boli Infec\u021bioase \u201eToma Ciorb\u0103\u201d, iar \u00een final a fost redirec\u021bionat, din nou, la Spitalul Clinic Municipal de Copii \u201eValentin Ignatenco\u201d, de unde a fost transferat la Institutul Mamei \u0219i Copilului din cauza st\u0103rii de s\u0103n\u0103tate tot mai precare.<\/p>\n<p>\u201eS-a \u00eencercat tot posibil s\u0103 fie salvat, dar a fost prea t\u00e2rziu de la at\u00e2ta umbl\u0103tur\u0103\u201d, spune unchiul b\u0103iatului.<\/p>\n<p>\u201eA durat c\u00e2teva zile (\u2026) Au f\u0103cut tomografie la pl\u0103m\u00e2ni \u0219i au men\u021bionat c\u0103 situa\u021bia era foarte grav\u0103 (\u2026) Nu a putut fi salvat, deoarece chirurgul care a preluat acest caz a spus c\u0103 pl\u0103m\u00e2nii erau foarte afecta\u021bi \u0219i c\u0103 doar o minune l-ar mai fi putut salva (\u2026) Vlad era un b\u0103iat s\u0103n\u0103tos, frecventa dansurile \u0219i sportul\u201d, a relatat b\u0103rbatul, care solicit\u0103 interven\u0163ia autorit\u0103\u0163ilor \u00een acest caz.<\/p>\n<p>Cazul tragic s-a produs \u00een municipiul Chi\u0219in\u0103u. Un minor din comuna Bubuieci a decedat \u00een aceast\u0103 s\u0103pt\u0103m\u00e2n\u0103 la Institutul Mamei \u0219i Copilului, unde a fost adus \u00een stare grav\u0103. A ajuns la spital dup\u0103 ce a primit o traum\u0103 la picior \u00een \u0219coal\u0103.<\/p>\n<p>Reamintim\u00a0c\u0103 ministra S\u0103n\u0103t\u0103\u021bii, Ala Nemerenco, a cerut o explica\u021bie pentru moartea copilului de 13 ani \u00een spital. B\u0103iatul nu a putut fi salvat \u00een unitatea de terapie intensiv\u0103, unde a fost dus \u00een stare grav\u0103.<\/p>\n<p>Ea a men\u021bionat c\u0103 adolescentul a dezvoltat septicemie \u0219i osteomielit\u0103 acut\u0103.<\/p>\n<\/div>\n","protected":false},"excerpt":{"rendered":"<div><img loading=\"lazy\" decoding=\"async\" width=\"565\" height=\"553\" src=\"https:\/\/canal5.md\/wp-content\/uploads\/2025\/03\/snimok-ekrana_2-3-2025_162423_point.md_-optimized.jpeg\" class=\"attachment-large size-large wp-post-image\" alt=\"\" srcset=\"https:\/\/canal5.md\/wp-content\/uploads\/2025\/03\/snimok-ekrana_2-3-2025_162423_point.md_-optimized.jpeg 565w, https:\/\/canal5.md\/wp-content\/uploads\/2025\/03\/snimok-ekrana_2-3-2025_162423_point.md_-300x294-optimized.jpeg 300w\">Unchiul copilului \u00een v\u00e2rst\u0103 de 13 ani din comuna Bubuieci, care a decedat la Institutul Mamei \u0219i Copilului din Capital\u0103, unde a fost adus \u00een stare grav\u0103 dup\u0103 ce a suferit o traum\u0103 la picior \u00een timp ce se afla la \u0219coal\u0103, solicit\u0103 ac\u021biuni concrete din partea autorit\u0103\u021bilor \u0219i elucidarea cazului. De asemenea, b\u0103rbatul sus\u021bine [\u2026]<\/div>\n","protected":false},"author":1,"featured_media":68201,"comment_status":"closed","ping_status":"closed","sticky":false,"template":"","format":"standard","meta":{"jnews-multi-image_gallery":[],"jnews_single_post":[],"jnews_primary_category":[],"jnews_social_meta":[],"jnews_override_counter":[],"footnotes":""},"categories":[30],"tags":[],"class_list":["post-68200","post","type-post","status-publish","format-standard","has-post-thumbnail","hentry","category-social_ro"],"_links":{"self":[{"href":"https:\/\/orheifm.live\/index.php\/wp-json\/wp\/v2\/posts\/68200","targetHints":{"allow":["GET"]}}],"collection":[{"href":"https:\/\/orheifm.live\/index.php\/wp-json\/wp\/v2\/posts"}],"about":[{"href":"https:\/\/orheifm.live\/index.php\/wp-json\/wp\/v2\/types\/post"}],"author":[{"embeddable":true,"href":"https:\/\/orheifm.live\/index.php\/wp-json\/wp\/v2\/users\/1"}],"replies":[{"embeddable":true,"href":"https:\/\/orheifm.live\/index.php\/wp-json\/wp\/v2\/comments?post=68200"}],"version-history":[{"count":0,"href":"https:\/\/orheifm.live\/index.php\/wp-json\/wp\/v2\/posts\/68200\/revisions"}],"wp:featuredmedia":[{"embeddable":true,"href":"https:\/\/orheifm.live\/index.php\/wp-json\/wp\/v2\/media\/68201"}],"wp:attachment":[{"href":"https:\/\/orheifm.live\/index.php\/wp-json\/wp\/v2\/media?parent=68200"}],"wp:term":[{"taxonomy":"category","embeddable":true,"href":"https:\/\/orheifm.live\/index.php\/wp-json\/wp\/v2\/categories?post=68200"},{"taxonomy":"post_tag","embeddable":true,"href":"https:\/\/orheifm.live\/index.php\/wp-json\/wp\/v2\/tags?post=68200"}],"curies":[{"name":"wp","href":"https:\/\/api.w.org\/{rel}","templated":true}]}}