{"id":68198,"date":"2025-03-02T17:00:34","date_gmt":"2025-03-02T15:00:34","guid":{"rendered":"https:\/\/orheifm.live\/index.php\/2025\/03\/02\/in-bali-peste-6-000-de-persoane-s-au-imbolnavit-de-febra-dengue-printre-care-multi-turisti\/"},"modified":"2025-03-02T17:00:34","modified_gmt":"2025-03-02T15:00:34","slug":"in-bali-peste-6-000-de-persoane-s-au-imbolnavit-de-febra-dengue-printre-care-multi-turisti","status":"publish","type":"post","link":"https:\/\/orheifm.live\/index.php\/2025\/03\/02\/in-bali-peste-6-000-de-persoane-s-au-imbolnavit-de-febra-dengue-printre-care-multi-turisti\/","title":{"rendered":"\u00cen Bali, peste 6.000 de persoane s-au \u00eemboln\u0103vit de febra dengue, printre care mul\u021bi turi\u0219ti"},"content":{"rendered":"<div>\n<p><strong>Pe insula Bali din Indonezia a fost \u00eenregistrat\u0103 o epidemie de febr\u0103 viral\u0103 dengue, transmis\u0103 de \u021b\u00e2n\u021bari. Peste 6.000 de persoane s-au \u00eemboln\u0103vit, dintre care 28 au decedat, iar printre cei afecta\u021bi se num\u0103r\u0103 mul\u021bi turi\u0219ti.<\/strong><\/p>\n<p>Situa\u021bia este agravat\u0103 de sezonul ploios, care cre\u0219te popula\u021bia de \u021b\u00e2n\u021bari. Boala se manifest\u0103 sever: unii pacien\u021bi \u00ee\u0219i pierd capacitatea de a mi\u0219ca picioarele, au halucina\u021bii, pielea devine galben\u0103, iar simptomele includ setea intens\u0103 \u0219i dureri abdominale.<\/p>\n<p>Multe dintre persoanele infectate sunt din Rusia. O turist\u0103 rus\u0103 a povestit c\u0103, din cauza trombocitopeniei, \u00eei s\u00e2ngera nasul \u0219i \u00eei cedau vasele de s\u00e2nge, dar dup\u0103 c\u00e2teva zile starea ei s-a \u00eembun\u0103t\u0103\u021bit \u0219i a fost externat\u0103 din spital.<\/p>\n<p>Panica printre turi\u0219ti a dus la activitatea infractorilor care ofer\u0103 perfuzii scumpe \u0219i ineficiente.<\/p>\n<p>\u0218tiri despre focarul de dengue au \u00eenceput s\u0103 apar\u0103 din februarie \u00een sta\u021biuni turistice populare, precum Uluwatu, Canggu \u0219i Seminyak.<\/p>\n<\/div>\n","protected":false},"excerpt":{"rendered":"<div><img loading=\"lazy\" decoding=\"async\" width=\"696\" height=\"522\" src=\"https:\/\/canal5.md\/wp-content\/uploads\/2025\/03\/mosquito-2566773_1280-1024x768-optimized.jpg\" class=\"attachment-large size-large wp-post-image\" alt=\"\" srcset=\"https:\/\/canal5.md\/wp-content\/uploads\/2025\/03\/mosquito-2566773_1280-1024x768-optimized.jpg 1024w, https:\/\/canal5.md\/wp-content\/uploads\/2025\/03\/mosquito-2566773_1280-300x225-optimized.jpg 300w, https:\/\/canal5.md\/wp-content\/uploads\/2025\/03\/mosquito-2566773_1280-768x576-optimized.jpg 768w, https:\/\/canal5.md\/wp-content\/uploads\/2025\/03\/mosquito-2566773_1280-696x522-optimized.jpg 696w, https:\/\/canal5.md\/wp-content\/uploads\/2025\/03\/mosquito-2566773_1280-1068x801-optimized.jpg 1068w, https:\/\/canal5.md\/wp-content\/uploads\/2025\/03\/mosquito-2566773_1280-optimized.jpg 1280w\">Pe insula Bali din Indonezia a fost \u00eenregistrat\u0103 o epidemie de febr\u0103 viral\u0103 dengue, transmis\u0103 de \u021b\u00e2n\u021bari. Peste 6.000 de persoane s-au \u00eemboln\u0103vit, dintre care 28 au decedat, iar printre cei afecta\u021bi se num\u0103r\u0103 mul\u021bi turi\u0219ti. Situa\u021bia este agravat\u0103 de sezonul ploios, care cre\u0219te popula\u021bia de \u021b\u00e2n\u021bari. Boala se manifest\u0103 sever: unii pacien\u021bi \u00ee\u0219i pierd [\u2026]<\/div>\n","protected":false},"author":1,"featured_media":68199,"comment_status":"closed","ping_status":"closed","sticky":false,"template":"","format":"standard","meta":{"jnews-multi-image_gallery":[],"jnews_single_post":[],"jnews_primary_category":[],"jnews_social_meta":[],"jnews_override_counter":[],"footnotes":""},"categories":[29],"tags":[],"class_list":["post-68198","post","type-post","status-publish","format-standard","has-post-thumbnail","hentry","category-externe_ro"],"_links":{"self":[{"href":"https:\/\/orheifm.live\/index.php\/wp-json\/wp\/v2\/posts\/68198","targetHints":{"allow":["GET"]}}],"collection":[{"href":"https:\/\/orheifm.live\/index.php\/wp-json\/wp\/v2\/posts"}],"about":[{"href":"https:\/\/orheifm.live\/index.php\/wp-json\/wp\/v2\/types\/post"}],"author":[{"embeddable":true,"href":"https:\/\/orheifm.live\/index.php\/wp-json\/wp\/v2\/users\/1"}],"replies":[{"embeddable":true,"href":"https:\/\/orheifm.live\/index.php\/wp-json\/wp\/v2\/comments?post=68198"}],"version-history":[{"count":0,"href":"https:\/\/orheifm.live\/index.php\/wp-json\/wp\/v2\/posts\/68198\/revisions"}],"wp:featuredmedia":[{"embeddable":true,"href":"https:\/\/orheifm.live\/index.php\/wp-json\/wp\/v2\/media\/68199"}],"wp:attachment":[{"href":"https:\/\/orheifm.live\/index.php\/wp-json\/wp\/v2\/media?parent=68198"}],"wp:term":[{"taxonomy":"category","embeddable":true,"href":"https:\/\/orheifm.live\/index.php\/wp-json\/wp\/v2\/categories?post=68198"},{"taxonomy":"post_tag","embeddable":true,"href":"https:\/\/orheifm.live\/index.php\/wp-json\/wp\/v2\/tags?post=68198"}],"curies":[{"name":"wp","href":"https:\/\/api.w.org\/{rel}","templated":true}]}}