{"id":68196,"date":"2025-03-02T16:40:50","date_gmt":"2025-03-02T14:40:50","guid":{"rendered":"https:\/\/orheifm.live\/index.php\/2025\/03\/02\/modificari-in-circulatia-transportului-public-in-durlesti\/"},"modified":"2025-03-02T16:40:50","modified_gmt":"2025-03-02T14:40:50","slug":"modificari-in-circulatia-transportului-public-in-durlesti","status":"publish","type":"post","link":"https:\/\/orheifm.live\/index.php\/2025\/03\/02\/modificari-in-circulatia-transportului-public-in-durlesti\/","title":{"rendered":"Modific\u0103ri \u00een circula\u021bia transportului public \u00een Durle\u0219ti"},"content":{"rendered":"<div>\n<p><strong>\u00cen perioada 03.03.2025 \u2013 30.06.2025, traficul rutier va fi suspendat pe strada Alexandru cel Bun din Durle\u0219ti, pe tronsonul \u00eentre str. Caucaz \u0219i str. Livezilor, din cauza lucr\u0103rilor de reabilitare a carosabilului. Ca urmare, itinerarele transportului public vor fi modificate astfel:<\/strong><\/p>\n<ul>\n<li><strong>Ruta autobuz nr. 11<\/strong>: Va circula pe str. Tudor Vladimirescu \u2013 str. \u0218tefan-Vod\u0103 \u2013 str. Livezilor \u2013 str. Alexandru cel Bun \u2013 str. Cartu\u0219a \u0219i continu\u0103 pe traseul stabilit.<\/li>\n<li><strong>Ruta autobuz nr. 12<\/strong>: Va fi prescurtat\u0103, av\u00e2nd urm\u0103toarele trasee:<br \/>\n<em>Tur<\/em>: str. Tudor Vladimirescu \u2013 str. \u0218tefan-Vod\u0103 \u2013 str. Livezilor \u2013 str. Alexandru cel Bun \u2013 str. Cartu\u0219a \u2013 str. Nicolae Dimo \u2013 str. Caucaz<br \/>\n<em>Retur<\/em>: str. Caucaz \u2013 str. \u0218tefan-Vod\u0103 \u2013 str. Tudor Vladimirescu (dispecerat RTEC).<\/li>\n<li><strong>Ruta troleibuz nr. 35<\/strong>: Va circula de pe str. Ialoveni pe str. Caucaz \u2013 str. \u0218tefan-Vod\u0103 \u0219i continu\u0103 pe traseul stabilit.<\/li>\n<\/ul>\n<\/div>\n","protected":false},"excerpt":{"rendered":"<div><img loading=\"lazy\" decoding=\"async\" width=\"291\" height=\"173\" src=\"https:\/\/canal5.md\/wp-content\/uploads\/2025\/03\/images-7-optimized.jpg\" class=\"attachment-large size-large wp-post-image\" alt=\"\">\u00cen perioada 03.03.2025 \u2013 30.06.2025, traficul rutier va fi suspendat pe strada Alexandru cel Bun din Durle\u0219ti, pe tronsonul \u00eentre str. Caucaz \u0219i str. Livezilor, din cauza lucr\u0103rilor de reabilitare a carosabilului. Ca urmare, itinerarele transportului public vor fi modificate astfel: Ruta autobuz nr. 11: Va circula pe str. Tudor Vladimirescu \u2013 str. \u0218tefan-Vod\u0103 \u2013 [\u2026]<\/div>\n","protected":false},"author":1,"featured_media":68197,"comment_status":"closed","ping_status":"closed","sticky":false,"template":"","format":"standard","meta":{"jnews-multi-image_gallery":[],"jnews_single_post":[],"jnews_primary_category":[],"jnews_social_meta":[],"jnews_override_counter":[],"footnotes":""},"categories":[23],"tags":[],"class_list":["post-68196","post","type-post","status-publish","format-standard","has-post-thumbnail","hentry","category-politica_ro"],"_links":{"self":[{"href":"https:\/\/orheifm.live\/index.php\/wp-json\/wp\/v2\/posts\/68196","targetHints":{"allow":["GET"]}}],"collection":[{"href":"https:\/\/orheifm.live\/index.php\/wp-json\/wp\/v2\/posts"}],"about":[{"href":"https:\/\/orheifm.live\/index.php\/wp-json\/wp\/v2\/types\/post"}],"author":[{"embeddable":true,"href":"https:\/\/orheifm.live\/index.php\/wp-json\/wp\/v2\/users\/1"}],"replies":[{"embeddable":true,"href":"https:\/\/orheifm.live\/index.php\/wp-json\/wp\/v2\/comments?post=68196"}],"version-history":[{"count":0,"href":"https:\/\/orheifm.live\/index.php\/wp-json\/wp\/v2\/posts\/68196\/revisions"}],"wp:featuredmedia":[{"embeddable":true,"href":"https:\/\/orheifm.live\/index.php\/wp-json\/wp\/v2\/media\/68197"}],"wp:attachment":[{"href":"https:\/\/orheifm.live\/index.php\/wp-json\/wp\/v2\/media?parent=68196"}],"wp:term":[{"taxonomy":"category","embeddable":true,"href":"https:\/\/orheifm.live\/index.php\/wp-json\/wp\/v2\/categories?post=68196"},{"taxonomy":"post_tag","embeddable":true,"href":"https:\/\/orheifm.live\/index.php\/wp-json\/wp\/v2\/tags?post=68196"}],"curies":[{"name":"wp","href":"https:\/\/api.w.org\/{rel}","templated":true}]}}