{"id":68192,"date":"2025-03-02T16:20:28","date_gmt":"2025-03-02T14:20:28","guid":{"rendered":"https:\/\/orheifm.live\/index.php\/2025\/03\/02\/doua-victime-intr-un-azil-din-belgia-dupa-un-atac-cu-cutitul\/"},"modified":"2025-03-02T16:20:28","modified_gmt":"2025-03-02T14:20:28","slug":"doua-victime-intr-un-azil-din-belgia-dupa-un-atac-cu-cutitul","status":"publish","type":"post","link":"https:\/\/orheifm.live\/index.php\/2025\/03\/02\/doua-victime-intr-un-azil-din-belgia-dupa-un-atac-cu-cutitul\/","title":{"rendered":"Dou\u0103 victime \u00eentr-un azil din Belgia, dup\u0103 un atac cu cu\u021bitul"},"content":{"rendered":"<div>\n<p><strong>Dou\u0103 persoane au murit \u00eentr-un azil de b\u0103tr\u00e2ni din Dentergem, Belgia, dup\u0103 ce au fost \u00eenjunghiate de un alt pensionar. <\/strong><\/p>\n<p>Incidentul a avut loc \u00een noaptea de joi spre vineri. Autorit\u0103\u021bile din Flandra Occidental\u0103 au confirmat c\u0103 dou\u0103 victime, \u00een v\u00e2rst\u0103 de aproximativ 90 de ani, au decedat, iar un al treilea rezident a fost transportat la spital \u00een stare critic\u0103.<\/p>\n<p>Parchetul a desemnat un judec\u0103tor de instruc\u021bie \u0219i un medic legist pentru a investiga circumstan\u021bele tragediei. Ancheta este \u00een curs de desf\u0103\u0219urare.<\/p>\n<\/div>\n","protected":false},"excerpt":{"rendered":"<div><img loading=\"lazy\" decoding=\"async\" width=\"696\" height=\"392\" src=\"https:\/\/canal5.md\/wp-content\/uploads\/2025\/03\/bd7c24f27d2eb64f8ca4e6f12cc09bf8e8effa860d1074d424f41561e09b42af-1024x576-optimized.png\" class=\"attachment-large size-large wp-post-image\" alt=\"\" srcset=\"https:\/\/canal5.md\/wp-content\/uploads\/2025\/03\/bd7c24f27d2eb64f8ca4e6f12cc09bf8e8effa860d1074d424f41561e09b42af-1024x576-optimized.png 1024w, https:\/\/canal5.md\/wp-content\/uploads\/2025\/03\/bd7c24f27d2eb64f8ca4e6f12cc09bf8e8effa860d1074d424f41561e09b42af-300x169-optimized.png 300w, https:\/\/canal5.md\/wp-content\/uploads\/2025\/03\/bd7c24f27d2eb64f8ca4e6f12cc09bf8e8effa860d1074d424f41561e09b42af-768x432-optimized.png 768w, https:\/\/canal5.md\/wp-content\/uploads\/2025\/03\/bd7c24f27d2eb64f8ca4e6f12cc09bf8e8effa860d1074d424f41561e09b42af-696x392-optimized.png 696w, https:\/\/canal5.md\/wp-content\/uploads\/2025\/03\/bd7c24f27d2eb64f8ca4e6f12cc09bf8e8effa860d1074d424f41561e09b42af-1068x601-optimized.png 1068w, https:\/\/canal5.md\/wp-content\/uploads\/2025\/03\/bd7c24f27d2eb64f8ca4e6f12cc09bf8e8effa860d1074d424f41561e09b42af-optimized.png 1200w\">Dou\u0103 persoane au murit \u00eentr-un azil de b\u0103tr\u00e2ni din Dentergem, Belgia, dup\u0103 ce au fost \u00eenjunghiate de un alt pensionar. Incidentul a avut loc \u00een noaptea de joi spre vineri. Autorit\u0103\u021bile din Flandra Occidental\u0103 au confirmat c\u0103 dou\u0103 victime, \u00een v\u00e2rst\u0103 de aproximativ 90 de ani, au decedat, iar un al treilea rezident a fost [\u2026]<\/div>\n","protected":false},"author":1,"featured_media":68193,"comment_status":"closed","ping_status":"closed","sticky":false,"template":"","format":"standard","meta":{"jnews-multi-image_gallery":[],"jnews_single_post":[],"jnews_primary_category":[],"jnews_social_meta":[],"jnews_override_counter":[],"footnotes":""},"categories":[23],"tags":[],"class_list":["post-68192","post","type-post","status-publish","format-standard","has-post-thumbnail","hentry","category-politica_ro"],"_links":{"self":[{"href":"https:\/\/orheifm.live\/index.php\/wp-json\/wp\/v2\/posts\/68192","targetHints":{"allow":["GET"]}}],"collection":[{"href":"https:\/\/orheifm.live\/index.php\/wp-json\/wp\/v2\/posts"}],"about":[{"href":"https:\/\/orheifm.live\/index.php\/wp-json\/wp\/v2\/types\/post"}],"author":[{"embeddable":true,"href":"https:\/\/orheifm.live\/index.php\/wp-json\/wp\/v2\/users\/1"}],"replies":[{"embeddable":true,"href":"https:\/\/orheifm.live\/index.php\/wp-json\/wp\/v2\/comments?post=68192"}],"version-history":[{"count":0,"href":"https:\/\/orheifm.live\/index.php\/wp-json\/wp\/v2\/posts\/68192\/revisions"}],"wp:featuredmedia":[{"embeddable":true,"href":"https:\/\/orheifm.live\/index.php\/wp-json\/wp\/v2\/media\/68193"}],"wp:attachment":[{"href":"https:\/\/orheifm.live\/index.php\/wp-json\/wp\/v2\/media?parent=68192"}],"wp:term":[{"taxonomy":"category","embeddable":true,"href":"https:\/\/orheifm.live\/index.php\/wp-json\/wp\/v2\/categories?post=68192"},{"taxonomy":"post_tag","embeddable":true,"href":"https:\/\/orheifm.live\/index.php\/wp-json\/wp\/v2\/tags?post=68192"}],"curies":[{"name":"wp","href":"https:\/\/api.w.org\/{rel}","templated":true}]}}