{"id":68190,"date":"2025-03-02T16:08:43","date_gmt":"2025-03-02T14:08:43","guid":{"rendered":"https:\/\/orheifm.live\/index.php\/2025\/03\/02\/valeriu-ostalep-declaratia-lui-macron-privind-moldova-este-nechibzuita-iresponsabila-si-periculoasa\/"},"modified":"2025-03-02T16:08:43","modified_gmt":"2025-03-02T14:08:43","slug":"valeriu-ostalep-declaratia-lui-macron-privind-moldova-este-nechibzuita-iresponsabila-si-periculoasa","status":"publish","type":"post","link":"https:\/\/orheifm.live\/index.php\/2025\/03\/02\/valeriu-ostalep-declaratia-lui-macron-privind-moldova-este-nechibzuita-iresponsabila-si-periculoasa\/","title":{"rendered":"Valeriu Ostalep: \u201eDeclara\u021bia lui Macron privind Moldova este nechibzuit\u0103, iresponsabil\u0103 \u0219i periculoas\u0103\u201d"},"content":{"rendered":"<div>\n<p>Declara\u021bia pre\u0219edintelui Fran\u021bei, Emmanuel Macron, precum c\u0103 de\u021bine informa\u021bii despre un posibil atac rusesc asupra Moldovei, este nechibzuit\u0103, absolut iresponsabil\u0103 \u0219i periculoas\u0103.<\/p>\n<p>Aceast\u0103 opinie a fost exprimat\u0103 de expertul \u00een securitate \u0219i fostul viceministru de Externe, Valeriu Ostalep, coment\u00eend declara\u021bia lui Emmanuel Macron, \u00eentr-un interviu acordat unor publica\u021bii franceze, c\u0103 dac\u0103 pre\u0219edintele rus Vladimir Putin, care a invadat Ucraina \u00een 2022, nu va fi oprit, \u201ecu siguran\u021b\u0103 se va \u00eendrepta spre Moldova \u0219i, poate, mai departe spre Rom\u00eenia\u201d, relateaz\u0103 Noi.md. Valeriu Ostalep a recunoscut c\u0103 a citit declara\u021bia cu un sentiment de dezam\u0103gire nepl\u0103cut\u0103. El a calificat drept simbolic faptul c\u0103 citim asemenea declara\u021bii nechibzuite \u0219i absolut iresponsabile \u00een ziua tragic\u0103 de 2 martie, dup\u0103 35 de ani de conflict artificial, despre esen\u021ba c\u0103ruia \u00eenc\u0103 nu exist\u0103 un dialog onest \u00een \u021bara noastr\u0103.<\/p>\n<p>\u201eLa acest subiect exist\u0103 specula\u021bii, resentimente personale, combina\u021bii politice, distrageri ale aten\u021biei \u2013 orice dori\u021bi, cu excep\u021bia unei discu\u021bii deschise \u0219i oneste despre ce s-a \u00eent\u00eemplat atunci \u0219i de ce oamenii din aceast\u0103 regiune s\u00eent \u00eenc\u0103 diviza\u021bi artificial \u0219i se creeaz\u0103 conflicte pe loc drept. \u00cen acest sens, ad\u0103ugarea la aceast\u0103 absurditate a declara\u021biilor oficialilor, \u0219i chiar de acest nivel, desigur, provoac\u0103 dezam\u0103gire \u0219i indignare\u201d, a declarat expertul \u00een securitate \u0219i fost viceministru de Externe. Potrivit lui, dac\u0103 liderii francezi au informa\u021bii serioase despre un atac asupra Moldovei, ar trebui s\u0103 le exprime clar \u0219i r\u0103spicat, asum\u00eendu-\u0219i responsabilitatea pentru o astfel de declara\u021bie. \u201eDac\u0103, ceea ce este cel mai probabil, este vorba de jonglerii cu vie\u021bile oamenilor \u0219i cu soarta unei \u00eentregi \u021b\u0103ri pentru specula\u021bii \u00eenguste \u00een jocurile interna\u021bionale, la care s\u00eentem cu to\u021bii martori, este o mare m\u00eer\u0219\u0103vie. Este foarte r\u0103u c\u0103 am creat o imagine a unei \u021b\u0103ri care este obi\u0219nuit\u0103 s\u0103 se poat\u0103 spune orice despre noi \u0219i s\u0103 se comporte cu noi ca \u0219i cum am fi ni\u0219te cump\u0103r\u0103tori slab dezvolta\u021bi de radare inutile, consilieri inutili \u0219i un robinet de sp\u0103lare de bani sub pretextul ajutorului interna\u021bional. Dar este vina noastr\u0103, a celor care tr\u0103im aici, \u0219i incapabili s\u0103 ne ap\u0103r\u0103m interesele p\u00een\u0103 acum\u201d, a spus Valeriu Ostalep.<\/p>\n<p>El a atras aten\u021bia asupra faptului c\u0103 \u00een UE \u00eens\u0103\u0219i exist\u0103 procese care indic\u0103 probleme uria\u0219e ale acestei uniuni \u00een \u00een\u021belegerea \u0219i perceperea realit\u0103\u021bilor. \u00cen special, chiar acum Bruxelles-ul a primit scrisori de la liderii mai multor \u021b\u0103ri ale UE care avertizeaz\u0103 cu privire la polaritatea critic\u0103 a opiniilor privind deciziile pe care birocra\u021bia UE \u00eencearc\u0103 s\u0103 le ia. \u201eToate acestea vorbesc despre zone foarte turbulente prin care trece \u00eens\u0103\u0219i UE, iar ca simplu cet\u0103\u021bean moldovean mi-a\u0219 dori foarte mult s\u0103 nu ne implice \u00een jocuri artificiale, despre care \u00een timp cite\u0219ti cu ru\u0219ine. Sper c\u0103 \u00een timp vom \u00eenv\u0103\u021ba s\u0103 renun\u021b\u0103m la astfel de jocuri \u00een defavoarea sor\u021bii a milioane de oameni, care nu prea s\u00eent lua\u021bi \u00een seam\u0103 de politicienii str\u0103ini \u0219i apoi uit\u0103 de consecin\u021be dup\u0103 un minut. Nimeni nu amenin\u021b\u0103 cu adev\u0103rat Moldova, iar dac\u0103 noi nu ne cre\u0103m probleme sau nu dans\u0103m dup\u0103 vioara cuiva, nu exist\u0103 niciun motiv pentru a face astfel de declara\u021bii periculoase. Este ciudat c\u0103 autorit\u0103\u021bile oficiale din Moldova nu s\u00eent con\u0219tiente de acest lucru\u201d, a subliniat expertul \u00een securitate \u0219i fostul viceministru de Externe.<\/p>\n<\/div>\n","protected":false},"excerpt":{"rendered":"<div><img loading=\"lazy\" decoding=\"async\" width=\"696\" height=\"458\" src=\"https:\/\/canal5.md\/wp-content\/uploads\/2025\/03\/800880-1-optimized.webp\" class=\"attachment-large size-large wp-post-image\" alt=\"\" srcset=\"https:\/\/canal5.md\/wp-content\/uploads\/2025\/03\/800880-1-optimized.webp 760w, https:\/\/canal5.md\/wp-content\/uploads\/2025\/03\/800880-1-300x197-optimized.webp 300w, https:\/\/canal5.md\/wp-content\/uploads\/2025\/03\/800880-1-696x458-optimized.webp 696w\">Declara\u021bia pre\u0219edintelui Fran\u021bei, Emmanuel Macron, precum c\u0103 de\u021bine informa\u021bii despre un posibil atac rusesc asupra Moldovei, este nechibzuit\u0103, absolut iresponsabil\u0103 \u0219i periculoas\u0103. Aceast\u0103 opinie a fost exprimat\u0103 de expertul \u00een securitate \u0219i fostul viceministru de Externe, Valeriu Ostalep, coment\u00eend declara\u021bia lui Emmanuel Macron, \u00eentr-un interviu acordat unor publica\u021bii franceze, c\u0103 dac\u0103 pre\u0219edintele rus Vladimir Putin, [\u2026]<\/div>\n","protected":false},"author":1,"featured_media":68191,"comment_status":"closed","ping_status":"closed","sticky":false,"template":"","format":"standard","meta":{"jnews-multi-image_gallery":[],"jnews_single_post":[],"jnews_primary_category":[],"jnews_social_meta":[],"jnews_override_counter":[],"footnotes":""},"categories":[23],"tags":[],"class_list":["post-68190","post","type-post","status-publish","format-standard","has-post-thumbnail","hentry","category-politica_ro"],"_links":{"self":[{"href":"https:\/\/orheifm.live\/index.php\/wp-json\/wp\/v2\/posts\/68190","targetHints":{"allow":["GET"]}}],"collection":[{"href":"https:\/\/orheifm.live\/index.php\/wp-json\/wp\/v2\/posts"}],"about":[{"href":"https:\/\/orheifm.live\/index.php\/wp-json\/wp\/v2\/types\/post"}],"author":[{"embeddable":true,"href":"https:\/\/orheifm.live\/index.php\/wp-json\/wp\/v2\/users\/1"}],"replies":[{"embeddable":true,"href":"https:\/\/orheifm.live\/index.php\/wp-json\/wp\/v2\/comments?post=68190"}],"version-history":[{"count":0,"href":"https:\/\/orheifm.live\/index.php\/wp-json\/wp\/v2\/posts\/68190\/revisions"}],"wp:featuredmedia":[{"embeddable":true,"href":"https:\/\/orheifm.live\/index.php\/wp-json\/wp\/v2\/media\/68191"}],"wp:attachment":[{"href":"https:\/\/orheifm.live\/index.php\/wp-json\/wp\/v2\/media?parent=68190"}],"wp:term":[{"taxonomy":"category","embeddable":true,"href":"https:\/\/orheifm.live\/index.php\/wp-json\/wp\/v2\/categories?post=68190"},{"taxonomy":"post_tag","embeddable":true,"href":"https:\/\/orheifm.live\/index.php\/wp-json\/wp\/v2\/tags?post=68190"}],"curies":[{"name":"wp","href":"https:\/\/api.w.org\/{rel}","templated":true}]}}