{"id":68186,"date":"2025-03-02T14:44:05","date_gmt":"2025-03-02T12:44:05","guid":{"rendered":"https:\/\/orheifm.live\/index.php\/2025\/03\/02\/un-pensionar-din-slobozia-a-murit-intr-un-incendiu-provocat-de-un-cablu-de-incarcator-deteriorat\/"},"modified":"2025-03-02T14:44:05","modified_gmt":"2025-03-02T12:44:05","slug":"un-pensionar-din-slobozia-a-murit-intr-un-incendiu-provocat-de-un-cablu-de-incarcator-deteriorat","status":"publish","type":"post","link":"https:\/\/orheifm.live\/index.php\/2025\/03\/02\/un-pensionar-din-slobozia-a-murit-intr-un-incendiu-provocat-de-un-cablu-de-incarcator-deteriorat\/","title":{"rendered":"Un pensionar din Slobozia a murit \u00eentr-un incendiu provocat de un cablu de \u00eenc\u0103rc\u0103tor deteriorat"},"content":{"rendered":"<div>\n<p><strong>\u00cen Slobozia, un pensionar a murit \u00eentr-un incendiu cauzat de un scurtcircuit provocat de un cablu de \u00eenc\u0103rc\u0103tor deteriorat.<\/strong><\/p>\n<p>Potrivit lui Tkachenko, din apartament a ie\u0219it fum gros. Vecinii au observat acest lucru \u0219i au sunat imediat la pompieri. Salvatorii au ajuns \u00een c\u00e2teva minute \u0219i l-au g\u0103sit pe b\u0103rbatul de 76 de ani c\u0103zut pe jos \u00een hol.<\/p>\n<p>Pensionarul a fost dus afar\u0103, iar p\u00e2n\u0103 la sosirea ambulan\u021bei au \u00eenceput s\u0103-i fac\u0103 masaj cardiac. \u00cen ciuda eforturilor medicilor, b\u0103rbatul nu a supravie\u021buit \u0219i a decedat.<\/p>\n<p>Incendiul a fost cauzat de un scurtcircuit provocat de un cablu de \u00eenc\u0103rc\u0103tor deteriorat. Probabil, b\u0103rbatul a \u00eencercat s\u0103 ias\u0103 din apartament, dar din cauza fumului gros, nu a reu\u0219it s\u0103 g\u0103seasc\u0103 ie\u0219irea.<\/p>\n<p>Serviciul Na\u021bional pentru Situa\u021bii de Urgen\u021b\u0103 recomand\u0103 s\u0103 nu l\u0103sa\u021bi \u00eenc\u0103rc\u0103toarele nesupravegheate \u0219i s\u0103 utiliza\u021bi doar aparate electrice \u00een stare bun\u0103 de func\u021bionare!<\/p>\n<\/div>\n","protected":false},"excerpt":{"rendered":"<div><img loading=\"lazy\" decoding=\"async\" width=\"696\" height=\"522\" src=\"https:\/\/canal5.md\/wp-content\/uploads\/2025\/03\/photo_2025-03-02_14-40-26-1024x768-optimized.jpg\" class=\"attachment-large size-large wp-post-image\" alt=\"\" srcset=\"https:\/\/canal5.md\/wp-content\/uploads\/2025\/03\/photo_2025-03-02_14-40-26-1024x768-optimized.jpg 1024w, https:\/\/canal5.md\/wp-content\/uploads\/2025\/03\/photo_2025-03-02_14-40-26-300x225-optimized.jpg 300w, https:\/\/canal5.md\/wp-content\/uploads\/2025\/03\/photo_2025-03-02_14-40-26-768x576-optimized.jpg 768w, https:\/\/canal5.md\/wp-content\/uploads\/2025\/03\/photo_2025-03-02_14-40-26-696x522-optimized.jpg 696w, https:\/\/canal5.md\/wp-content\/uploads\/2025\/03\/photo_2025-03-02_14-40-26-1068x801-optimized.jpg 1068w, https:\/\/canal5.md\/wp-content\/uploads\/2025\/03\/photo_2025-03-02_14-40-26-optimized.jpg 1280w\">\u00cen Slobozia, un pensionar a murit \u00eentr-un incendiu cauzat de un scurtcircuit provocat de un cablu de \u00eenc\u0103rc\u0103tor deteriorat. Potrivit lui Tkachenko, din apartament a ie\u0219it fum gros. Vecinii au observat acest lucru \u0219i au sunat imediat la pompieri. Salvatorii au ajuns \u00een c\u00e2teva minute \u0219i l-au g\u0103sit pe b\u0103rbatul de 76 de ani c\u0103zut [\u2026]<\/div>\n","protected":false},"author":1,"featured_media":68187,"comment_status":"closed","ping_status":"closed","sticky":false,"template":"","format":"standard","meta":{"jnews-multi-image_gallery":[],"jnews_single_post":[],"jnews_primary_category":[],"jnews_social_meta":[],"jnews_override_counter":[],"footnotes":""},"categories":[30],"tags":[],"class_list":["post-68186","post","type-post","status-publish","format-standard","has-post-thumbnail","hentry","category-social_ro"],"_links":{"self":[{"href":"https:\/\/orheifm.live\/index.php\/wp-json\/wp\/v2\/posts\/68186","targetHints":{"allow":["GET"]}}],"collection":[{"href":"https:\/\/orheifm.live\/index.php\/wp-json\/wp\/v2\/posts"}],"about":[{"href":"https:\/\/orheifm.live\/index.php\/wp-json\/wp\/v2\/types\/post"}],"author":[{"embeddable":true,"href":"https:\/\/orheifm.live\/index.php\/wp-json\/wp\/v2\/users\/1"}],"replies":[{"embeddable":true,"href":"https:\/\/orheifm.live\/index.php\/wp-json\/wp\/v2\/comments?post=68186"}],"version-history":[{"count":0,"href":"https:\/\/orheifm.live\/index.php\/wp-json\/wp\/v2\/posts\/68186\/revisions"}],"wp:featuredmedia":[{"embeddable":true,"href":"https:\/\/orheifm.live\/index.php\/wp-json\/wp\/v2\/media\/68187"}],"wp:attachment":[{"href":"https:\/\/orheifm.live\/index.php\/wp-json\/wp\/v2\/media?parent=68186"}],"wp:term":[{"taxonomy":"category","embeddable":true,"href":"https:\/\/orheifm.live\/index.php\/wp-json\/wp\/v2\/categories?post=68186"},{"taxonomy":"post_tag","embeddable":true,"href":"https:\/\/orheifm.live\/index.php\/wp-json\/wp\/v2\/tags?post=68186"}],"curies":[{"name":"wp","href":"https:\/\/api.w.org\/{rel}","templated":true}]}}