{"id":68184,"date":"2025-03-02T14:38:18","date_gmt":"2025-03-02T12:38:18","guid":{"rendered":"https:\/\/orheifm.live\/index.php\/2025\/03\/02\/guvernul-nu-sustine-indexarea-pensiilor-cu-10-din-lipsa-de-bani-iar-anuntul-maiei-sandu-a-fost-o-minciuna\/"},"modified":"2025-03-02T14:38:18","modified_gmt":"2025-03-02T12:38:18","slug":"guvernul-nu-sustine-indexarea-pensiilor-cu-10-din-lipsa-de-bani-iar-anuntul-maiei-sandu-a-fost-o-minciuna","status":"publish","type":"post","link":"https:\/\/orheifm.live\/index.php\/2025\/03\/02\/guvernul-nu-sustine-indexarea-pensiilor-cu-10-din-lipsa-de-bani-iar-anuntul-maiei-sandu-a-fost-o-minciuna\/","title":{"rendered":"Guvernul nu sus\u021bine indexarea pensiilor cu 10% din lips\u0103 de bani, iar anun\u021bul Maiei Sandu a fost o minciun\u0103"},"content":{"rendered":"<div>\n<p data-pm-slice=\"1 1 []\">Guvernul a analizat proiectul de lege privind indexarea pensiilor pentru 1 aprilie 2025, care prevede o majorare de 10% aplicat\u0103 doar pentru partea pensiei care nu dep\u0103\u0219e\u0219te salariul mediu lunar pe economie estimat pentru anul 2025, de 16 100 lei. Scopul acestei m\u0103suri este cre\u0219terea protec\u021biei sociale \u0219i asigurarea unui trai decent pentru pensionarii cu pensii mici.<\/p>\n<p>\u00a0<\/p>\n<p>Totu\u0219i, Guvernul a prezentat avizul prin care promovarea proiectului va depinde de identificarea resurselor financiare necesare implement\u0103rii. \u00cen contextul actual al bugetului de stat, care nu include fonduri aprobate pentru aceast\u0103 majorare, se propune promovarea proiectului doar \u00een condi\u021biile \u00een care se vor g\u0103si surse financiare suplimentare. De asemenea, proiectul va necesita o modificare a bugetelor de stat \u0219i al asigur\u0103rilor sociale pentru anul \u00een curs, iar calculul costurilor estimative pentru implementarea acestuia urmeaz\u0103 s\u0103 fie completat.<\/p>\n<p>\u00a0<\/p>\n<p>\u201dMen\u021bion\u0103m, c\u0103 propunerea respectiv\u0103 se consider\u0103 o m\u0103sur\u0103 suplimentar\u0103, implementarea c\u0103reia va condi\u021biona identificarea mijloacelor financiare din bugetul de stat. \u00cen concluzie, av\u00e2nd \u00een vedere lipsa surselor bugetare aprobate pentru indexarea pensiilor \u00een cuantumul indicat, se propune considerarea promov\u0103rii proiectului exclusiv \u00een condi\u021biile identific\u0103rii resurselor necesare implement\u0103rii, concomitent cu modificarea bugetelor de stat \u0219i cel al asigur\u0103rilor sociale de stat pentru anul curent. \u00cen acest sens urmeaz\u0103 a fi completat\u0103 Nota de fundamentare cu informa\u021bia privind costurile necesare. Calculele estimative pentru implementarea proiectului respectiv se anexeaz\u0103\u201d, este scris \u00een avizul ce urmeaz\u0103 a fi aprobat la urm\u0103toarea \u0219edin\u021b\u0103 de Guvern.<\/p>\n<p>Astfel, Guvernul \u00ee\u0219i rezerv\u0103 dreptul de a executa legea doar dac\u0103 vor fi g\u0103site fondurile necesare pentru aplicarea index\u0103rii pensiilor \u00een cuantumul propus.<\/p>\n<p>\u201eAm discutat cu Guvernul despre indexarea tuturor pensiilor cu 10% \u00een acest an\u201d, spunea Maia Sandu \u00een dup\u0103-amiaza zilei de mar\u021bi, 25 februarie 2025. Dup\u0103 acest anun\u021b, majoritatea institu\u021biilor de stat, chiar \u0219i cele din alte domenii dec\u00e2t protec\u021bia social\u0103, inclusiv Carabinierii \u0219i alte agen\u021bii publice, distribuiau postarea pre\u0219edintelui Maia Sandu, promov\u00e2nd astfel minciuna guvernamental\u0103 conform c\u0103reia toate pensiile vor fi indexate \u00eencep\u00e2nd cu 1 aprilie. Totu\u0219i, a\u0219a cum subliniaz\u0103 \u0219i Guvernul, proiectul de lege stabile\u0219te c\u0103 vor fi indexate doar pensiile mici, \u0219i doar dac\u0103 vor exista suficiente resurse financiare.<\/p>\n<p>Potrivit legii, pensiile se indexeaz\u0103 anual la 1 aprilie, f\u0103r\u0103 excep\u021bii. Coeficientul de indexare constituie rata infla\u021biei la sf\u00e2r\u0219itul anului precedent, exprimat\u0103 prin cre\u0219terea pre\u021burilor de consum \u00een luna decembrie a anului respectiv fa\u021b\u0103 de aceea\u0219i lun\u0103 a anului premerg\u0103tor. Coeficientul de indexare se stabile\u0219te de c\u0103tre Guvern. Cu toate acestea, autorii proiectului de lege, printre care Maia Sandu \u0219i deputa\u021bii PAS, propun o nou\u0103 derogare, iar de indexare s\u0103 se bucure doar cei cu pensii mici, adic\u0103 indexarea nu va fi aplicat\u0103 \u201etuturor pensiilor\u201d, a\u0219a cum anun\u021ba conducerea statului.<\/p>\n<p><a href=\"https:\/\/telegraph.md\/doc-guvernul-nu-sustine-indexarea-pensiilor-cu-10-iar-anuntul-maiei-sandu-a-fost-o-minciuna\/\">SURSA<\/a><\/p>\n<\/div>\n","protected":false},"excerpt":{"rendered":"<div><img loading=\"lazy\" decoding=\"async\" width=\"696\" height=\"435\" src=\"https:\/\/canal5.md\/wp-content\/uploads\/2025\/03\/maia-sandu-recean-1600x1000-1-1024x640-optimized.jpg\" class=\"attachment-large size-large wp-post-image\" alt=\"\" srcset=\"https:\/\/canal5.md\/wp-content\/uploads\/2025\/03\/maia-sandu-recean-1600x1000-1-1024x640-optimized.jpg 1024w, https:\/\/canal5.md\/wp-content\/uploads\/2025\/03\/maia-sandu-recean-1600x1000-1-300x188-optimized.jpg 300w, https:\/\/canal5.md\/wp-content\/uploads\/2025\/03\/maia-sandu-recean-1600x1000-1-768x480-optimized.jpg 768w, https:\/\/canal5.md\/wp-content\/uploads\/2025\/03\/maia-sandu-recean-1600x1000-1-1536x960-optimized.jpg 1536w, https:\/\/canal5.md\/wp-content\/uploads\/2025\/03\/maia-sandu-recean-1600x1000-1-696x435-optimized.jpg 696w, https:\/\/canal5.md\/wp-content\/uploads\/2025\/03\/maia-sandu-recean-1600x1000-1-1068x668-optimized.jpg 1068w, https:\/\/canal5.md\/wp-content\/uploads\/2025\/03\/maia-sandu-recean-1600x1000-1-optimized.jpg 1600w\">Guvernul a analizat proiectul de lege privind indexarea pensiilor pentru 1 aprilie 2025, care prevede o majorare de 10% aplicat\u0103 doar pentru partea pensiei care nu dep\u0103\u0219e\u0219te salariul mediu lunar pe economie estimat pentru anul 2025, de 16 100 lei. Scopul acestei m\u0103suri este cre\u0219terea protec\u021biei sociale \u0219i asigurarea unui trai decent pentru pensionarii cu [\u2026]<\/div>\n","protected":false},"author":1,"featured_media":68185,"comment_status":"closed","ping_status":"closed","sticky":false,"template":"","format":"standard","meta":{"jnews-multi-image_gallery":[],"jnews_single_post":[],"jnews_primary_category":[],"jnews_social_meta":[],"jnews_override_counter":[],"footnotes":""},"categories":[23],"tags":[],"class_list":["post-68184","post","type-post","status-publish","format-standard","has-post-thumbnail","hentry","category-politica_ro"],"_links":{"self":[{"href":"https:\/\/orheifm.live\/index.php\/wp-json\/wp\/v2\/posts\/68184","targetHints":{"allow":["GET"]}}],"collection":[{"href":"https:\/\/orheifm.live\/index.php\/wp-json\/wp\/v2\/posts"}],"about":[{"href":"https:\/\/orheifm.live\/index.php\/wp-json\/wp\/v2\/types\/post"}],"author":[{"embeddable":true,"href":"https:\/\/orheifm.live\/index.php\/wp-json\/wp\/v2\/users\/1"}],"replies":[{"embeddable":true,"href":"https:\/\/orheifm.live\/index.php\/wp-json\/wp\/v2\/comments?post=68184"}],"version-history":[{"count":0,"href":"https:\/\/orheifm.live\/index.php\/wp-json\/wp\/v2\/posts\/68184\/revisions"}],"wp:featuredmedia":[{"embeddable":true,"href":"https:\/\/orheifm.live\/index.php\/wp-json\/wp\/v2\/media\/68185"}],"wp:attachment":[{"href":"https:\/\/orheifm.live\/index.php\/wp-json\/wp\/v2\/media?parent=68184"}],"wp:term":[{"taxonomy":"category","embeddable":true,"href":"https:\/\/orheifm.live\/index.php\/wp-json\/wp\/v2\/categories?post=68184"},{"taxonomy":"post_tag","embeddable":true,"href":"https:\/\/orheifm.live\/index.php\/wp-json\/wp\/v2\/tags?post=68184"}],"curies":[{"name":"wp","href":"https:\/\/api.w.org\/{rel}","templated":true}]}}