{"id":68178,"date":"2025-03-02T13:20:31","date_gmt":"2025-03-02T11:20:31","guid":{"rendered":"https:\/\/orheifm.live\/index.php\/2025\/03\/02\/descoperiri-in-raionul-anenii-noi-artefacte-si-ramasite-umane-din-timpul-celui-de-al-doilea-razboi-mondial\/"},"modified":"2025-03-02T13:20:31","modified_gmt":"2025-03-02T11:20:31","slug":"descoperiri-in-raionul-anenii-noi-artefacte-si-ramasite-umane-din-timpul-celui-de-al-doilea-razboi-mondial","status":"publish","type":"post","link":"https:\/\/orheifm.live\/index.php\/2025\/03\/02\/descoperiri-in-raionul-anenii-noi-artefacte-si-ramasite-umane-din-timpul-celui-de-al-doilea-razboi-mondial\/","title":{"rendered":"Descoperiri \u00een raionul Anenii Noi: artefacte \u0219i r\u0103m\u0103\u0219i\u021be umane din timpul celui de-al Doilea R\u0103zboi Mondial"},"content":{"rendered":"<div>\n<p><strong>Un grup de cercet\u0103tori din cadrul mi\u0219c\u0103rii de c\u0103utare a Moldovei a realizat o expedi\u021bie \u00een apropierea satului \u0218erpeni, din raionul Anenii Noi, pentru a identifica posibile locuri de \u00eenhumare ale solda\u021bilor c\u0103zu\u021bi. <\/strong><\/p>\n<p>\u00cen timpul acestor activit\u0103\u021bi, au fost descoperite artefacte din perioada celui de-Al Doilea R\u0103zboi Mondial, care sugereaz\u0103 c\u0103 \u00een aceast\u0103 zon\u0103 s-au desf\u0103\u0219urat lupte grele \u00een timpul eliber\u0103rii Moldovei de sub ocupa\u021bia fascist\u0103.<\/p>\n<p>De asemenea, au fost g\u0103site r\u0103m\u0103\u0219i\u021be umane, care au fost expuse la suprafa\u021b\u0103 de utilaje agricole. Identificarea acestora nu a fost posibil\u0103. C\u0103ut\u0103rile continu\u0103.<\/p>\n<\/div>\n","protected":false},"excerpt":{"rendered":"<div><img loading=\"lazy\" decoding=\"async\" width=\"696\" height=\"522\" src=\"https:\/\/canal5.md\/wp-content\/uploads\/2025\/03\/photo_2025-03-02_11-53-57-2-1024x768-optimized.jpg\" class=\"attachment-large size-large wp-post-image\" alt=\"\" srcset=\"https:\/\/canal5.md\/wp-content\/uploads\/2025\/03\/photo_2025-03-02_11-53-57-2-1024x768-optimized.jpg 1024w, https:\/\/canal5.md\/wp-content\/uploads\/2025\/03\/photo_2025-03-02_11-53-57-2-300x225-optimized.jpg 300w, https:\/\/canal5.md\/wp-content\/uploads\/2025\/03\/photo_2025-03-02_11-53-57-2-768x576-optimized.jpg 768w, https:\/\/canal5.md\/wp-content\/uploads\/2025\/03\/photo_2025-03-02_11-53-57-2-696x522-optimized.jpg 696w, https:\/\/canal5.md\/wp-content\/uploads\/2025\/03\/photo_2025-03-02_11-53-57-2-1068x801-optimized.jpg 1068w, https:\/\/canal5.md\/wp-content\/uploads\/2025\/03\/photo_2025-03-02_11-53-57-2-optimized.jpg 1280w\">Un grup de cercet\u0103tori din cadrul mi\u0219c\u0103rii de c\u0103utare a Moldovei a realizat o expedi\u021bie \u00een apropierea satului \u0218erpeni, din raionul Anenii Noi, pentru a identifica posibile locuri de \u00eenhumare ale solda\u021bilor c\u0103zu\u021bi. \u00cen timpul acestor activit\u0103\u021bi, au fost descoperite artefacte din perioada celui de-Al Doilea R\u0103zboi Mondial, care sugereaz\u0103 c\u0103 \u00een aceast\u0103 zon\u0103 s-au [\u2026]<\/div>\n","protected":false},"author":1,"featured_media":68179,"comment_status":"closed","ping_status":"closed","sticky":false,"template":"","format":"standard","meta":{"jnews-multi-image_gallery":[],"jnews_single_post":[],"jnews_primary_category":[],"jnews_social_meta":[],"jnews_override_counter":[],"footnotes":""},"categories":[30],"tags":[],"class_list":["post-68178","post","type-post","status-publish","format-standard","has-post-thumbnail","hentry","category-social_ro"],"_links":{"self":[{"href":"https:\/\/orheifm.live\/index.php\/wp-json\/wp\/v2\/posts\/68178","targetHints":{"allow":["GET"]}}],"collection":[{"href":"https:\/\/orheifm.live\/index.php\/wp-json\/wp\/v2\/posts"}],"about":[{"href":"https:\/\/orheifm.live\/index.php\/wp-json\/wp\/v2\/types\/post"}],"author":[{"embeddable":true,"href":"https:\/\/orheifm.live\/index.php\/wp-json\/wp\/v2\/users\/1"}],"replies":[{"embeddable":true,"href":"https:\/\/orheifm.live\/index.php\/wp-json\/wp\/v2\/comments?post=68178"}],"version-history":[{"count":0,"href":"https:\/\/orheifm.live\/index.php\/wp-json\/wp\/v2\/posts\/68178\/revisions"}],"wp:featuredmedia":[{"embeddable":true,"href":"https:\/\/orheifm.live\/index.php\/wp-json\/wp\/v2\/media\/68179"}],"wp:attachment":[{"href":"https:\/\/orheifm.live\/index.php\/wp-json\/wp\/v2\/media?parent=68178"}],"wp:term":[{"taxonomy":"category","embeddable":true,"href":"https:\/\/orheifm.live\/index.php\/wp-json\/wp\/v2\/categories?post=68178"},{"taxonomy":"post_tag","embeddable":true,"href":"https:\/\/orheifm.live\/index.php\/wp-json\/wp\/v2\/tags?post=68178"}],"curies":[{"name":"wp","href":"https:\/\/api.w.org\/{rel}","templated":true}]}}