{"id":68176,"date":"2025-03-02T13:00:41","date_gmt":"2025-03-02T11:00:41","guid":{"rendered":"https:\/\/orheifm.live\/index.php\/2025\/03\/02\/gheata-subtire-a-dus-la-o-tragedie-un-pescar-din-caplani-a-murit-cazand-in-apa\/"},"modified":"2025-03-02T13:00:41","modified_gmt":"2025-03-02T11:00:41","slug":"gheata-subtire-a-dus-la-o-tragedie-un-pescar-din-caplani-a-murit-cazand-in-apa","status":"publish","type":"post","link":"https:\/\/orheifm.live\/index.php\/2025\/03\/02\/gheata-subtire-a-dus-la-o-tragedie-un-pescar-din-caplani-a-murit-cazand-in-apa\/","title":{"rendered":"Ghea\u021ba sub\u021bire a dus la o tragedie: un pescar din C\u0103plani a murit c\u0103z\u00e2nd \u00een ap\u0103"},"content":{"rendered":"<div>\n<p data-start=\"0\" data-end=\"505\"><strong>Un pescar din satul C\u0103plani, raionul \u0218tefan-Vod\u0103, a murit pe 28 februarie, dup\u0103 ce a c\u0103zut prin ghea\u021ba unui iaz din apropierea localit\u0103\u021bii Antone\u0219ti. B\u0103rbatul, \u00een v\u00e2rst\u0103 de 72 de ani, se afla la pescuit al\u0103turi de un alt b\u0103rbat, care a reu\u0219it s\u0103 supravie\u021buiasc\u0103.<\/strong><\/p>\n<p data-start=\"0\" data-end=\"505\">Apelul la 112 a fost f\u0103cut la ora 07:50, dup\u0103 ce cei doi pescari au c\u0103zut \u00een ap\u0103 rece din cauza cr\u0103p\u0103rii ghe\u021bii. Salvatorii au reu\u0219it s\u0103-l salveze pe unul dintre ei, un b\u0103rbat de 45 de ani, \u00een timp ce cel\u0103lalt a fost g\u0103sit mort.<\/p>\n<p data-start=\"507\" data-end=\"926\">Autorit\u0103\u021bile locale sus\u021bin c\u0103 victima era un pescar experimentat, iar supravie\u021buitorul a declarat c\u0103 a \u00eencercat s\u0103-l salveze, dar f\u0103r\u0103 succes. Cei doi b\u0103rba\u021bi nu erau rude, ci \u00eemp\u0103rt\u0103\u0219eau aceea\u0219i pasiune pentru pescuit. Se pare c\u0103 ace\u0219tia consumaser\u0103 alcool \u00eenainte de a merge la pescuit \u0219i, de\u0219i au fost avertiza\u021bi de proprietarul iazului c\u0103 ghea\u021ba era sub\u021bire, au ignorat avertismentele \u0219i au continuat s\u0103 pescuiasc\u0103.<\/p>\n<p data-start=\"928\" data-end=\"1428\">Acesta nu este un caz izolat, \u00eentruc\u00e2t \u00een ultimele zile au avut loc alte incidente similare. Pe 27 februarie, un b\u0103rbat de 43 de ani a fost salvat din lacul \u201eValea Trandafirilor\u201d din Chi\u0219in\u0103u, iar \u00een aceea\u0219i zi, la Ghidighici, un b\u0103rbat \u00een scaun cu rotile a c\u0103zut \u00een ap\u0103, fiind salvat de interven\u021bia salvatorilor. Un alt incident s-a produs pe 24 februarie pe lacul \u201eLa Izvor\u201d din Chi\u0219in\u0103u, c\u00e2nd un pescar a c\u0103zut prin ghea\u021b\u0103, dar a reu\u0219it s\u0103 se men\u021bin\u0103 la suprafa\u021b\u0103 cu ajutorul unei palete din lemn.<\/p>\n<p data-start=\"1430\" data-end=\"1791\">Inspectoratul General pentru Situa\u021bii de Urgen\u021b\u0103 atrage aten\u021bia c\u0103 temperaturile fluctuan\u021be fac ca ghea\u021ba s\u0103 fie foarte fragil\u0103 \u0219i recomand\u0103 evitarea pescuitului sau deplas\u0103rii pe lacuri \u00eenghe\u021bate, subliniind c\u0103 este esen\u021bial ca cei care aleg s\u0103 mearg\u0103 pe ghea\u021b\u0103 s\u0103 fie echipa\u021bi corespunz\u0103tor. \u00cen caz de urgen\u021b\u0103, cet\u0103\u021benii sunt \u00eendemna\u021bi s\u0103 sune imediat la 112.<\/p>\n<\/div>\n","protected":false},"excerpt":{"rendered":"<div><img loading=\"lazy\" decoding=\"async\" width=\"696\" height=\"392\" src=\"https:\/\/canal5.md\/wp-content\/uploads\/2025\/03\/9fe64357210e947e64b5e898c1cf6e4bdc35635a6f9fb2aa650b176fd249d88b-1024x576-optimized.png\" class=\"attachment-large size-large wp-post-image\" alt=\"\" srcset=\"https:\/\/canal5.md\/wp-content\/uploads\/2025\/03\/9fe64357210e947e64b5e898c1cf6e4bdc35635a6f9fb2aa650b176fd249d88b-1024x576-optimized.png 1024w, https:\/\/canal5.md\/wp-content\/uploads\/2025\/03\/9fe64357210e947e64b5e898c1cf6e4bdc35635a6f9fb2aa650b176fd249d88b-300x169-optimized.png 300w, https:\/\/canal5.md\/wp-content\/uploads\/2025\/03\/9fe64357210e947e64b5e898c1cf6e4bdc35635a6f9fb2aa650b176fd249d88b-768x432-optimized.png 768w, https:\/\/canal5.md\/wp-content\/uploads\/2025\/03\/9fe64357210e947e64b5e898c1cf6e4bdc35635a6f9fb2aa650b176fd249d88b-696x392-optimized.png 696w, https:\/\/canal5.md\/wp-content\/uploads\/2025\/03\/9fe64357210e947e64b5e898c1cf6e4bdc35635a6f9fb2aa650b176fd249d88b-1068x601-optimized.png 1068w, https:\/\/canal5.md\/wp-content\/uploads\/2025\/03\/9fe64357210e947e64b5e898c1cf6e4bdc35635a6f9fb2aa650b176fd249d88b-optimized.png 1200w\">Un pescar din satul C\u0103plani, raionul \u0218tefan-Vod\u0103, a murit pe 28 februarie, dup\u0103 ce a c\u0103zut prin ghea\u021ba unui iaz din apropierea localit\u0103\u021bii Antone\u0219ti. B\u0103rbatul, \u00een v\u00e2rst\u0103 de 72 de ani, se afla la pescuit al\u0103turi de un alt b\u0103rbat, care a reu\u0219it s\u0103 supravie\u021buiasc\u0103. Apelul la 112 a fost f\u0103cut la ora 07:50, dup\u0103 [\u2026]<\/div>\n","protected":false},"author":1,"featured_media":68177,"comment_status":"closed","ping_status":"closed","sticky":false,"template":"","format":"standard","meta":{"jnews-multi-image_gallery":[],"jnews_single_post":[],"jnews_primary_category":[],"jnews_social_meta":[],"jnews_override_counter":[],"footnotes":""},"categories":[30],"tags":[],"class_list":["post-68176","post","type-post","status-publish","format-standard","has-post-thumbnail","hentry","category-social_ro"],"_links":{"self":[{"href":"https:\/\/orheifm.live\/index.php\/wp-json\/wp\/v2\/posts\/68176","targetHints":{"allow":["GET"]}}],"collection":[{"href":"https:\/\/orheifm.live\/index.php\/wp-json\/wp\/v2\/posts"}],"about":[{"href":"https:\/\/orheifm.live\/index.php\/wp-json\/wp\/v2\/types\/post"}],"author":[{"embeddable":true,"href":"https:\/\/orheifm.live\/index.php\/wp-json\/wp\/v2\/users\/1"}],"replies":[{"embeddable":true,"href":"https:\/\/orheifm.live\/index.php\/wp-json\/wp\/v2\/comments?post=68176"}],"version-history":[{"count":0,"href":"https:\/\/orheifm.live\/index.php\/wp-json\/wp\/v2\/posts\/68176\/revisions"}],"wp:featuredmedia":[{"embeddable":true,"href":"https:\/\/orheifm.live\/index.php\/wp-json\/wp\/v2\/media\/68177"}],"wp:attachment":[{"href":"https:\/\/orheifm.live\/index.php\/wp-json\/wp\/v2\/media?parent=68176"}],"wp:term":[{"taxonomy":"category","embeddable":true,"href":"https:\/\/orheifm.live\/index.php\/wp-json\/wp\/v2\/categories?post=68176"},{"taxonomy":"post_tag","embeddable":true,"href":"https:\/\/orheifm.live\/index.php\/wp-json\/wp\/v2\/tags?post=68176"}],"curies":[{"name":"wp","href":"https:\/\/api.w.org\/{rel}","templated":true}]}}