{"id":68174,"date":"2025-03-02T12:40:26","date_gmt":"2025-03-02T10:40:26","guid":{"rendered":"https:\/\/orheifm.live\/index.php\/2025\/03\/02\/papa-francisc-nu-va-conduce-miercurea-cenusii-din-cauza-problemelor-de-sanatate\/"},"modified":"2025-03-02T12:40:26","modified_gmt":"2025-03-02T10:40:26","slug":"papa-francisc-nu-va-conduce-miercurea-cenusii-din-cauza-problemelor-de-sanatate","status":"publish","type":"post","link":"https:\/\/orheifm.live\/index.php\/2025\/03\/02\/papa-francisc-nu-va-conduce-miercurea-cenusii-din-cauza-problemelor-de-sanatate\/","title":{"rendered":"Papa Francisc nu va conduce Miercurea Cenu\u0219ii din cauza problemelor de s\u0103n\u0103tate"},"content":{"rendered":"<div>\n<p data-start=\"81\" data-end=\"512\"><strong>Papa Francisc a avut un nou episod de dificult\u0103\u021bi respiratorii, necesit\u00e2nd utilizarea unui aparat de ventila\u021bie asistat\u0103, conform celor mai recente informa\u021bii oferite de Vatican.<\/strong><\/p>\n<p data-start=\"81\" data-end=\"512\">Complica\u021biile au ap\u0103rut \u00een urma unui episod de v\u0103rs\u0103turi care a condus la aspira\u021bie pulmonar\u0103, dar echipa medical\u0103 a intervenit rapid pentru a rezolva situa\u021bia. De\u0219i nu a fost intubat, Papa a primit oxigen printr-o masc\u0103 pentru a-i facilita respira\u021bia.<\/p>\n<p data-start=\"514\" data-end=\"871\">De la internarea sa la spitalul Gemelli din Roma, pe 14 februarie, Biroul de Pres\u0103 al Sf\u00e2ntului Scaun a comunicat zilnic starea de s\u0103n\u0103tate a Papei, men\u021bion\u00e2nd tratamente precum oxigenoterapia cu flux \u00eenalt \u0219i transfuzia de s\u00e2nge. \u00cen data de 22 februarie, a fost semnalat\u0103 o \u201ecriz\u0103 respiratorie prelungit\u0103\u201d, subliniind complexitatea st\u0103rii sale de s\u0103n\u0103tate.<\/p>\n<p data-start=\"873\" data-end=\"1381\">Acesta este cel mai lung interval de spitalizare pentru Papa Francisc de la \u00eenceputul pontificatului s\u0103u \u00een 2013. Problemele de s\u0103n\u0103tate ale acestuia au devenit mai frecvente \u00een ultimii ani, av\u00e2nd \u00een vedere istoricul s\u0103u medical. \u00cen tinere\u021be, Papa a suferit de pneumonie sever\u0103, iar complica\u021biile au dus la extirparea unei p\u0103r\u021bi dintr-un pl\u0103m\u00e2n. Recent, el a fost diagnosticat cu bron\u0219it\u0103 \u0219i pneumonie, motiv pentru care a fost internat la spitalul Gemelli din Roma, un centru medical important, conform CNN.<\/p>\n<p data-start=\"1383\" data-end=\"1754\">\u00cen ciuda dificult\u0103\u021bilor de s\u0103n\u0103tate, starea de con\u0219tien\u021b\u0103 a Papei a r\u0103mas stabil\u0103, \u00eens\u0103 medicii r\u0103m\u00e2n precau\u021bi \u00een privin\u021ba evolu\u021biei st\u0103rii sale. Urm\u0103toarele 24-48 de ore sunt esen\u021biale pentru a evalua direc\u021bia evolu\u021biei sale. Vaticanul a emis comunicate zilnice pentru a informa publicul, subliniind c\u0103, de\u0219i au existat semne de \u00eembun\u0103t\u0103\u021bire, prognosticul r\u0103m\u00e2ne incert.<\/p>\n<p data-start=\"1756\" data-end=\"2137\">Datorit\u0103 st\u0103rii sale fragile, toate angajamentele oficiale ale Papei au fost suspendate, iar programul s\u0103u a fost ajustat pentru a-i permite tratament intensiv. Vaticanul a anun\u021bat c\u0103 Papa nu va conduce ceremonia de Miercurea Cenu\u0219ii, care marcheaz\u0103 \u00eenceputul Postului Mare, un eveniment rar \u00een cei doisprezece ani de pontificat. \u00cen locul s\u0103u, slujba va fi oficiat\u0103 de un cardinal.<\/p>\n<p data-start=\"2139\" data-end=\"2360\">Starea de s\u0103n\u0103tate a Papei Francisc a st\u00e2rnit \u00eengrijorare \u00een r\u00e2ndul credincio\u0219ilor din \u00eentreaga lume. Mul\u021bi au transmis mesaje de rug\u0103ciune \u0219i sus\u021binere, demonstr\u00e2nd ata\u0219amentul profund fa\u021b\u0103 de liderul Bisericii Catolice.<\/p>\n<\/div>\n","protected":false},"excerpt":{"rendered":"<div><img loading=\"lazy\" decoding=\"async\" width=\"696\" height=\"392\" src=\"https:\/\/canal5.md\/wp-content\/uploads\/2025\/03\/eeab22d01c89d270fd81928aa96ca5901ff17e1ea54c18374d40c3c323cdd15f-optimized.png\" class=\"attachment-large size-large wp-post-image\" alt=\"\" srcset=\"https:\/\/canal5.md\/wp-content\/uploads\/2025\/03\/eeab22d01c89d270fd81928aa96ca5901ff17e1ea54c18374d40c3c323cdd15f-optimized.png 800w, https:\/\/canal5.md\/wp-content\/uploads\/2025\/03\/eeab22d01c89d270fd81928aa96ca5901ff17e1ea54c18374d40c3c323cdd15f-300x169-optimized.png 300w, https:\/\/canal5.md\/wp-content\/uploads\/2025\/03\/eeab22d01c89d270fd81928aa96ca5901ff17e1ea54c18374d40c3c323cdd15f-768x432-optimized.png 768w, https:\/\/canal5.md\/wp-content\/uploads\/2025\/03\/eeab22d01c89d270fd81928aa96ca5901ff17e1ea54c18374d40c3c323cdd15f-696x392-optimized.png 696w\">Papa Francisc a avut un nou episod de dificult\u0103\u021bi respiratorii, necesit\u00e2nd utilizarea unui aparat de ventila\u021bie asistat\u0103, conform celor mai recente informa\u021bii oferite de Vatican. Complica\u021biile au ap\u0103rut \u00een urma unui episod de v\u0103rs\u0103turi care a condus la aspira\u021bie pulmonar\u0103, dar echipa medical\u0103 a intervenit rapid pentru a rezolva situa\u021bia. De\u0219i nu a fost intubat, [\u2026]<\/div>\n","protected":false},"author":1,"featured_media":68175,"comment_status":"closed","ping_status":"closed","sticky":false,"template":"","format":"standard","meta":{"jnews-multi-image_gallery":[],"jnews_single_post":[],"jnews_primary_category":[],"jnews_social_meta":[],"jnews_override_counter":[],"footnotes":""},"categories":[29],"tags":[],"class_list":["post-68174","post","type-post","status-publish","format-standard","has-post-thumbnail","hentry","category-externe_ro"],"_links":{"self":[{"href":"https:\/\/orheifm.live\/index.php\/wp-json\/wp\/v2\/posts\/68174","targetHints":{"allow":["GET"]}}],"collection":[{"href":"https:\/\/orheifm.live\/index.php\/wp-json\/wp\/v2\/posts"}],"about":[{"href":"https:\/\/orheifm.live\/index.php\/wp-json\/wp\/v2\/types\/post"}],"author":[{"embeddable":true,"href":"https:\/\/orheifm.live\/index.php\/wp-json\/wp\/v2\/users\/1"}],"replies":[{"embeddable":true,"href":"https:\/\/orheifm.live\/index.php\/wp-json\/wp\/v2\/comments?post=68174"}],"version-history":[{"count":0,"href":"https:\/\/orheifm.live\/index.php\/wp-json\/wp\/v2\/posts\/68174\/revisions"}],"wp:featuredmedia":[{"embeddable":true,"href":"https:\/\/orheifm.live\/index.php\/wp-json\/wp\/v2\/media\/68175"}],"wp:attachment":[{"href":"https:\/\/orheifm.live\/index.php\/wp-json\/wp\/v2\/media?parent=68174"}],"wp:term":[{"taxonomy":"category","embeddable":true,"href":"https:\/\/orheifm.live\/index.php\/wp-json\/wp\/v2\/categories?post=68174"},{"taxonomy":"post_tag","embeddable":true,"href":"https:\/\/orheifm.live\/index.php\/wp-json\/wp\/v2\/tags?post=68174"}],"curies":[{"name":"wp","href":"https:\/\/api.w.org\/{rel}","templated":true}]}}