{"id":68172,"date":"2025-03-02T12:20:22","date_gmt":"2025-03-02T10:20:22","guid":{"rendered":"https:\/\/orheifm.live\/index.php\/2025\/03\/02\/jurnalistul-gabriel-calin-acuza-autoritatile-de-abuz-dupa-retinerea-sa-la-aeroportul-chisinau\/"},"modified":"2025-03-02T12:20:22","modified_gmt":"2025-03-02T10:20:22","slug":"jurnalistul-gabriel-calin-acuza-autoritatile-de-abuz-dupa-retinerea-sa-la-aeroportul-chisinau","status":"publish","type":"post","link":"https:\/\/orheifm.live\/index.php\/2025\/03\/02\/jurnalistul-gabriel-calin-acuza-autoritatile-de-abuz-dupa-retinerea-sa-la-aeroportul-chisinau\/","title":{"rendered":"Jurnalistul Gabriel C\u0103lin acuz\u0103 autorit\u0103\u021bile de abuz, dup\u0103 re\u021binerea sa la Aeroportul Chi\u0219in\u0103u"},"content":{"rendered":"<div>\n<p><strong>Jurnalistul Gabriel C\u0103lin a fost re\u021binut din nou la Aeroportul Interna\u021bional Chi\u0219in\u0103u, la ie\u0219irea din \u021bar\u0103, fiind supus unui \u201eabuz grav al autorit\u0103\u021bilor\u201d \u0219i unei \u201e\u00eenc\u0103lc\u0103ri a drepturilor cet\u0103\u021bene\u0219ti\u201d, potrivit declara\u021biilor sale pe re\u021belele sociale.<\/strong><\/p>\n<p>C\u0103lin consider\u0103 c\u0103 re\u021binerea sa este legat\u0103 de criticile aduse guvern\u0103rii \u0219i de amenin\u021b\u0103rile repetate cu moartea. De asemenea, el a men\u021bionat c\u0103 a devenit \u021binta atacurilor din partea presei, de\u0219i nu ocup\u0103 niciun func\u021biu public.<\/p>\n<p>\u00centr-un video postat pe re\u021bele, C\u0103lin a afirmat c\u0103 nu va l\u0103sa lucrurile a\u0219a \u0219i c\u0103 va cere responsabilitatea fiec\u0103rui poli\u021bist de frontier\u0103 care execut\u0103 ordinele ilegale ale guvern\u0103rii.<\/p>\n<p>Cu o lun\u0103 \u00een urm\u0103, jurnalistul a fost re\u021binut pentru \u201everific\u0103ri suplimentare\u201d la acela\u0219i aeroport, c\u00e2nd se \u00eentorcea \u00een Moldova dup\u0103 ce a participat la o conferin\u021b\u0103 organizat\u0103 de pre\u0219edintele Republicii Belarus, Alexandr Luka\u0219enko. Dup\u0103 aceea, C\u0103lin a fost l\u0103sat s\u0103 intre \u00een \u021bar\u0103.<\/p>\n<\/div>\n","protected":false},"excerpt":{"rendered":"<div><img loading=\"lazy\" decoding=\"async\" width=\"696\" height=\"392\" src=\"https:\/\/canal5.md\/wp-content\/uploads\/2025\/03\/b7186ce7591e100a51698d287d39630634b271a1d7337227cdc59dfd44fb95e6-optimized.png\" class=\"attachment-large size-large wp-post-image\" alt=\"\" srcset=\"https:\/\/canal5.md\/wp-content\/uploads\/2025\/03\/b7186ce7591e100a51698d287d39630634b271a1d7337227cdc59dfd44fb95e6-optimized.png 800w, https:\/\/canal5.md\/wp-content\/uploads\/2025\/03\/b7186ce7591e100a51698d287d39630634b271a1d7337227cdc59dfd44fb95e6-300x169-optimized.png 300w, https:\/\/canal5.md\/wp-content\/uploads\/2025\/03\/b7186ce7591e100a51698d287d39630634b271a1d7337227cdc59dfd44fb95e6-768x432-optimized.png 768w, https:\/\/canal5.md\/wp-content\/uploads\/2025\/03\/b7186ce7591e100a51698d287d39630634b271a1d7337227cdc59dfd44fb95e6-696x392-optimized.png 696w\">Jurnalistul Gabriel C\u0103lin a fost re\u021binut din nou la Aeroportul Interna\u021bional Chi\u0219in\u0103u, la ie\u0219irea din \u021bar\u0103, fiind supus unui \u201eabuz grav al autorit\u0103\u021bilor\u201d \u0219i unei \u201e\u00eenc\u0103lc\u0103ri a drepturilor cet\u0103\u021bene\u0219ti\u201d, potrivit declara\u021biilor sale pe re\u021belele sociale. C\u0103lin consider\u0103 c\u0103 re\u021binerea sa este legat\u0103 de criticile aduse guvern\u0103rii \u0219i de amenin\u021b\u0103rile repetate cu moartea. De asemenea, el [\u2026]<\/div>\n","protected":false},"author":1,"featured_media":68173,"comment_status":"closed","ping_status":"closed","sticky":false,"template":"","format":"standard","meta":{"jnews-multi-image_gallery":[],"jnews_single_post":[],"jnews_primary_category":[],"jnews_social_meta":[],"jnews_override_counter":[],"footnotes":""},"categories":[30],"tags":[],"class_list":["post-68172","post","type-post","status-publish","format-standard","has-post-thumbnail","hentry","category-social_ro"],"_links":{"self":[{"href":"https:\/\/orheifm.live\/index.php\/wp-json\/wp\/v2\/posts\/68172","targetHints":{"allow":["GET"]}}],"collection":[{"href":"https:\/\/orheifm.live\/index.php\/wp-json\/wp\/v2\/posts"}],"about":[{"href":"https:\/\/orheifm.live\/index.php\/wp-json\/wp\/v2\/types\/post"}],"author":[{"embeddable":true,"href":"https:\/\/orheifm.live\/index.php\/wp-json\/wp\/v2\/users\/1"}],"replies":[{"embeddable":true,"href":"https:\/\/orheifm.live\/index.php\/wp-json\/wp\/v2\/comments?post=68172"}],"version-history":[{"count":0,"href":"https:\/\/orheifm.live\/index.php\/wp-json\/wp\/v2\/posts\/68172\/revisions"}],"wp:featuredmedia":[{"embeddable":true,"href":"https:\/\/orheifm.live\/index.php\/wp-json\/wp\/v2\/media\/68173"}],"wp:attachment":[{"href":"https:\/\/orheifm.live\/index.php\/wp-json\/wp\/v2\/media?parent=68172"}],"wp:term":[{"taxonomy":"category","embeddable":true,"href":"https:\/\/orheifm.live\/index.php\/wp-json\/wp\/v2\/categories?post=68172"},{"taxonomy":"post_tag","embeddable":true,"href":"https:\/\/orheifm.live\/index.php\/wp-json\/wp\/v2\/tags?post=68172"}],"curies":[{"name":"wp","href":"https:\/\/api.w.org\/{rel}","templated":true}]}}