{"id":68170,"date":"2025-03-02T12:00:19","date_gmt":"2025-03-02T10:00:19","guid":{"rendered":"https:\/\/orheifm.live\/index.php\/2025\/03\/02\/conflict-violent-la-singerei-barbat-injunghiat-de-un-consatean\/"},"modified":"2025-03-02T12:00:19","modified_gmt":"2025-03-02T10:00:19","slug":"conflict-violent-la-singerei-barbat-injunghiat-de-un-consatean","status":"publish","type":"post","link":"https:\/\/orheifm.live\/index.php\/2025\/03\/02\/conflict-violent-la-singerei-barbat-injunghiat-de-un-consatean\/","title":{"rendered":"Conflict violent la S\u00eengerei: B\u0103rbat \u00eenjunghiat de un cons\u0103tean"},"content":{"rendered":"<div>\n<p><strong>Un b\u0103rbat de 41 de ani a fost \u00eenjunghiat \u00een abdomen \u00een urma unui conflict cu un b\u0103rbat de 62 de ani, \u00een localitatea Cotiujenii Mici, raionul S\u00eengerei. <\/strong><\/p>\n<p>Incidentul a avut loc \u00een noaptea precedent\u0103, \u00een jurul orei 21:34. Soacra victimei, martor\u0103 la conflict, a solicitat interven\u021bia ambulan\u021bei \u0219i a alertat poli\u021bia.<\/p>\n<p>Victima a fost transportat\u0103 la spital, iar agresorul a fost re\u021binut de poli\u021bie.<\/p>\n<\/div>\n","protected":false},"excerpt":{"rendered":"<div><img loading=\"lazy\" decoding=\"async\" width=\"696\" height=\"392\" src=\"https:\/\/canal5.md\/wp-content\/uploads\/2025\/03\/92a8bab2f8115a5370a55283ed028ebc075d032cde096f574947152d13b0cb4e-1-1024x576-optimized.jpg\" class=\"attachment-large size-large wp-post-image\" alt=\"\" srcset=\"https:\/\/canal5.md\/wp-content\/uploads\/2025\/03\/92a8bab2f8115a5370a55283ed028ebc075d032cde096f574947152d13b0cb4e-1-1024x576-optimized.jpg 1024w, https:\/\/canal5.md\/wp-content\/uploads\/2025\/03\/92a8bab2f8115a5370a55283ed028ebc075d032cde096f574947152d13b0cb4e-1-300x169-optimized.jpg 300w, https:\/\/canal5.md\/wp-content\/uploads\/2025\/03\/92a8bab2f8115a5370a55283ed028ebc075d032cde096f574947152d13b0cb4e-1-768x432-optimized.jpg 768w, https:\/\/canal5.md\/wp-content\/uploads\/2025\/03\/92a8bab2f8115a5370a55283ed028ebc075d032cde096f574947152d13b0cb4e-1-696x392-optimized.jpg 696w, https:\/\/canal5.md\/wp-content\/uploads\/2025\/03\/92a8bab2f8115a5370a55283ed028ebc075d032cde096f574947152d13b0cb4e-1-1068x601-optimized.jpg 1068w, https:\/\/canal5.md\/wp-content\/uploads\/2025\/03\/92a8bab2f8115a5370a55283ed028ebc075d032cde096f574947152d13b0cb4e-1-optimized.jpg 1200w\">Un b\u0103rbat de 41 de ani a fost \u00eenjunghiat \u00een abdomen \u00een urma unui conflict cu un b\u0103rbat de 62 de ani, \u00een localitatea Cotiujenii Mici, raionul S\u00eengerei. Incidentul a avut loc \u00een noaptea precedent\u0103, \u00een jurul orei 21:34. Soacra victimei, martor\u0103 la conflict, a solicitat interven\u021bia ambulan\u021bei \u0219i a alertat poli\u021bia. Victima a fost [\u2026]<\/div>\n","protected":false},"author":1,"featured_media":68171,"comment_status":"closed","ping_status":"closed","sticky":false,"template":"","format":"standard","meta":{"jnews-multi-image_gallery":[],"jnews_single_post":[],"jnews_primary_category":[],"jnews_social_meta":[],"jnews_override_counter":[],"footnotes":""},"categories":[30],"tags":[],"class_list":["post-68170","post","type-post","status-publish","format-standard","has-post-thumbnail","hentry","category-social_ro"],"_links":{"self":[{"href":"https:\/\/orheifm.live\/index.php\/wp-json\/wp\/v2\/posts\/68170","targetHints":{"allow":["GET"]}}],"collection":[{"href":"https:\/\/orheifm.live\/index.php\/wp-json\/wp\/v2\/posts"}],"about":[{"href":"https:\/\/orheifm.live\/index.php\/wp-json\/wp\/v2\/types\/post"}],"author":[{"embeddable":true,"href":"https:\/\/orheifm.live\/index.php\/wp-json\/wp\/v2\/users\/1"}],"replies":[{"embeddable":true,"href":"https:\/\/orheifm.live\/index.php\/wp-json\/wp\/v2\/comments?post=68170"}],"version-history":[{"count":0,"href":"https:\/\/orheifm.live\/index.php\/wp-json\/wp\/v2\/posts\/68170\/revisions"}],"wp:featuredmedia":[{"embeddable":true,"href":"https:\/\/orheifm.live\/index.php\/wp-json\/wp\/v2\/media\/68171"}],"wp:attachment":[{"href":"https:\/\/orheifm.live\/index.php\/wp-json\/wp\/v2\/media?parent=68170"}],"wp:term":[{"taxonomy":"category","embeddable":true,"href":"https:\/\/orheifm.live\/index.php\/wp-json\/wp\/v2\/categories?post=68170"},{"taxonomy":"post_tag","embeddable":true,"href":"https:\/\/orheifm.live\/index.php\/wp-json\/wp\/v2\/tags?post=68170"}],"curies":[{"name":"wp","href":"https:\/\/api.w.org\/{rel}","templated":true}]}}