{"id":68168,"date":"2025-03-02T11:30:18","date_gmt":"2025-03-02T09:30:18","guid":{"rendered":"https:\/\/orheifm.live\/index.php\/2025\/03\/02\/coliziune-intre-o-ambulanta-si-un-renault-in-centrul-chisinaulu\/"},"modified":"2025-03-02T11:30:18","modified_gmt":"2025-03-02T09:30:18","slug":"coliziune-intre-o-ambulanta-si-un-renault-in-centrul-chisinaulu","status":"publish","type":"post","link":"https:\/\/orheifm.live\/index.php\/2025\/03\/02\/coliziune-intre-o-ambulanta-si-un-renault-in-centrul-chisinaulu\/","title":{"rendered":"Coliziune \u00eentre o ambulan\u021b\u0103 \u0219i un Renault \u00een centrul Chi\u0219in\u0103ulu"},"content":{"rendered":"<div>\n<p><strong>Un accident \u00eentre o ambulan\u021b\u0103 \u0219i un automobil Renault a avut loc ast\u0103zi, 1 martie, la intersec\u021bia str\u0103zilor Ismail \u0219i Bucure\u0219ti din Chi\u0219in\u0103u. <\/strong><\/p>\n<p>\u00cen imagini postate pe re\u021belele sociale se observ\u0103 c\u0103 ambulan\u021ba avea girofarul \u0219i semnalul acustic pornite. Conform Poli\u021biei, \u0219oferul Renault-ului nu a acordat prioritate autospecialei \u0219i a lovit-o \u00een plin. \u00cen urma accidentului, nu au fost raportate victime.<\/p>\n<p>\u0218oferul vinovat risc\u0103 o amend\u0103 de p\u00e2n\u0103 la 1500 de lei \u0219i 6 puncte de penalizare.<\/p>\n<\/div>\n","protected":false},"excerpt":{"rendered":"<div><img loading=\"lazy\" decoding=\"async\" width=\"360\" height=\"480\" src=\"https:\/\/canal5.md\/wp-content\/uploads\/2025\/03\/snimok-ekrana_2-3-2025_105221_unimedia.info_-optimized.jpeg\" class=\"attachment-large size-large wp-post-image\" alt=\"\" srcset=\"https:\/\/canal5.md\/wp-content\/uploads\/2025\/03\/snimok-ekrana_2-3-2025_105221_unimedia.info_-optimized.jpeg 360w, https:\/\/canal5.md\/wp-content\/uploads\/2025\/03\/snimok-ekrana_2-3-2025_105221_unimedia.info_-225x300-optimized.jpeg 225w\">Un accident \u00eentre o ambulan\u021b\u0103 \u0219i un automobil Renault a avut loc ast\u0103zi, 1 martie, la intersec\u021bia str\u0103zilor Ismail \u0219i Bucure\u0219ti din Chi\u0219in\u0103u. \u00cen imagini postate pe re\u021belele sociale se observ\u0103 c\u0103 ambulan\u021ba avea girofarul \u0219i semnalul acustic pornite. Conform Poli\u021biei, \u0219oferul Renault-ului nu a acordat prioritate autospecialei \u0219i a lovit-o \u00een plin. \u00cen urma [\u2026]<\/div>\n","protected":false},"author":1,"featured_media":68169,"comment_status":"closed","ping_status":"closed","sticky":false,"template":"","format":"standard","meta":{"jnews-multi-image_gallery":[],"jnews_single_post":[],"jnews_primary_category":[],"jnews_social_meta":[],"jnews_override_counter":[],"footnotes":""},"categories":[30],"tags":[],"class_list":["post-68168","post","type-post","status-publish","format-standard","has-post-thumbnail","hentry","category-social_ro"],"_links":{"self":[{"href":"https:\/\/orheifm.live\/index.php\/wp-json\/wp\/v2\/posts\/68168","targetHints":{"allow":["GET"]}}],"collection":[{"href":"https:\/\/orheifm.live\/index.php\/wp-json\/wp\/v2\/posts"}],"about":[{"href":"https:\/\/orheifm.live\/index.php\/wp-json\/wp\/v2\/types\/post"}],"author":[{"embeddable":true,"href":"https:\/\/orheifm.live\/index.php\/wp-json\/wp\/v2\/users\/1"}],"replies":[{"embeddable":true,"href":"https:\/\/orheifm.live\/index.php\/wp-json\/wp\/v2\/comments?post=68168"}],"version-history":[{"count":0,"href":"https:\/\/orheifm.live\/index.php\/wp-json\/wp\/v2\/posts\/68168\/revisions"}],"wp:featuredmedia":[{"embeddable":true,"href":"https:\/\/orheifm.live\/index.php\/wp-json\/wp\/v2\/media\/68169"}],"wp:attachment":[{"href":"https:\/\/orheifm.live\/index.php\/wp-json\/wp\/v2\/media?parent=68168"}],"wp:term":[{"taxonomy":"category","embeddable":true,"href":"https:\/\/orheifm.live\/index.php\/wp-json\/wp\/v2\/categories?post=68168"},{"taxonomy":"post_tag","embeddable":true,"href":"https:\/\/orheifm.live\/index.php\/wp-json\/wp\/v2\/tags?post=68168"}],"curies":[{"name":"wp","href":"https:\/\/api.w.org\/{rel}","templated":true}]}}