{"id":68166,"date":"2025-03-02T11:00:49","date_gmt":"2025-03-02T09:00:49","guid":{"rendered":"https:\/\/orheifm.live\/index.php\/2025\/03\/02\/barbat-din-orhei-retinut-dupa-ce-si-a-atacat-sotia-cu-un-cutit\/"},"modified":"2025-03-02T11:00:49","modified_gmt":"2025-03-02T09:00:49","slug":"barbat-din-orhei-retinut-dupa-ce-si-a-atacat-sotia-cu-un-cutit","status":"publish","type":"post","link":"https:\/\/orheifm.live\/index.php\/2025\/03\/02\/barbat-din-orhei-retinut-dupa-ce-si-a-atacat-sotia-cu-un-cutit\/","title":{"rendered":"B\u0103rbat din Orhei re\u021binut dup\u0103 ce \u0219i-a atacat so\u021bia cu un cu\u021bit"},"content":{"rendered":"<div>\n<p data-sourcepos=\"5:1-5:242\"><strong>O t\u00e2n\u0103r\u0103 de 26 de ani a fost grav r\u0103nit\u0103 de so\u021bul s\u0103u, \u00een v\u00e2rst\u0103 de 24 de ani, \u00een localitatea Di\u0219cova, raionul Orhei. Incidentul a avut loc pe 28 februarie, \u00een jurul orei 18:40, \u00een timp ce cei doi consumau alcool \u00eempreun\u0103 cu mama agresorului.<\/strong><\/p>\n<p data-sourcepos=\"7:1-7:187\">Din motive necunoscute, b\u0103rbatul a atacat-o pe so\u021bia sa cu un cu\u021bit de buc\u0103t\u0103rie, lovind-o de dou\u0103 ori \u00een cap. Apoi, a continuat s\u0103 o loveasc\u0103 cu pumnii \u00een fa\u021b\u0103, sub privirile mamei sale.<\/p>\n<p data-sourcepos=\"9:1-9:201\">Victima a reu\u0219it s\u0103 scape \u0219i a alertat autorit\u0103\u021bile. A fost transportat\u0103 la spital pentru \u00eengrijiri medicale, iar agresorul a fost re\u021binut pentru 72 de ore. Pe numele s\u0103u a fost deschis un dosar penal.<\/p>\n<\/div>\n","protected":false},"excerpt":{"rendered":"<div><img loading=\"lazy\" decoding=\"async\" width=\"696\" height=\"392\" src=\"https:\/\/canal5.md\/wp-content\/uploads\/2025\/03\/520c93b4bf3431c652d1b1999aeaa82da5a060555169cf345da55dc28d3cb536-1024x576-optimized.jpg\" class=\"attachment-large size-large wp-post-image\" alt=\"\" srcset=\"https:\/\/canal5.md\/wp-content\/uploads\/2025\/03\/520c93b4bf3431c652d1b1999aeaa82da5a060555169cf345da55dc28d3cb536-1024x576-optimized.jpg 1024w, https:\/\/canal5.md\/wp-content\/uploads\/2025\/03\/520c93b4bf3431c652d1b1999aeaa82da5a060555169cf345da55dc28d3cb536-300x169-optimized.jpg 300w, https:\/\/canal5.md\/wp-content\/uploads\/2025\/03\/520c93b4bf3431c652d1b1999aeaa82da5a060555169cf345da55dc28d3cb536-768x432-optimized.jpg 768w, https:\/\/canal5.md\/wp-content\/uploads\/2025\/03\/520c93b4bf3431c652d1b1999aeaa82da5a060555169cf345da55dc28d3cb536-696x392-optimized.jpg 696w, https:\/\/canal5.md\/wp-content\/uploads\/2025\/03\/520c93b4bf3431c652d1b1999aeaa82da5a060555169cf345da55dc28d3cb536-1068x601-optimized.jpg 1068w, https:\/\/canal5.md\/wp-content\/uploads\/2025\/03\/520c93b4bf3431c652d1b1999aeaa82da5a060555169cf345da55dc28d3cb536-optimized.jpg 1200w\">O t\u00e2n\u0103r\u0103 de 26 de ani a fost grav r\u0103nit\u0103 de so\u021bul s\u0103u, \u00een v\u00e2rst\u0103 de 24 de ani, \u00een localitatea Di\u0219cova, raionul Orhei. Incidentul a avut loc pe 28 februarie, \u00een jurul orei 18:40, \u00een timp ce cei doi consumau alcool \u00eempreun\u0103 cu mama agresorului. Din motive necunoscute, b\u0103rbatul a atacat-o pe so\u021bia sa [\u2026]<\/div>\n","protected":false},"author":1,"featured_media":68167,"comment_status":"closed","ping_status":"closed","sticky":false,"template":"","format":"standard","meta":{"jnews-multi-image_gallery":[],"jnews_single_post":[],"jnews_primary_category":[],"jnews_social_meta":[],"jnews_override_counter":[],"footnotes":""},"categories":[30],"tags":[],"class_list":["post-68166","post","type-post","status-publish","format-standard","has-post-thumbnail","hentry","category-social_ro"],"_links":{"self":[{"href":"https:\/\/orheifm.live\/index.php\/wp-json\/wp\/v2\/posts\/68166","targetHints":{"allow":["GET"]}}],"collection":[{"href":"https:\/\/orheifm.live\/index.php\/wp-json\/wp\/v2\/posts"}],"about":[{"href":"https:\/\/orheifm.live\/index.php\/wp-json\/wp\/v2\/types\/post"}],"author":[{"embeddable":true,"href":"https:\/\/orheifm.live\/index.php\/wp-json\/wp\/v2\/users\/1"}],"replies":[{"embeddable":true,"href":"https:\/\/orheifm.live\/index.php\/wp-json\/wp\/v2\/comments?post=68166"}],"version-history":[{"count":0,"href":"https:\/\/orheifm.live\/index.php\/wp-json\/wp\/v2\/posts\/68166\/revisions"}],"wp:featuredmedia":[{"embeddable":true,"href":"https:\/\/orheifm.live\/index.php\/wp-json\/wp\/v2\/media\/68167"}],"wp:attachment":[{"href":"https:\/\/orheifm.live\/index.php\/wp-json\/wp\/v2\/media?parent=68166"}],"wp:term":[{"taxonomy":"category","embeddable":true,"href":"https:\/\/orheifm.live\/index.php\/wp-json\/wp\/v2\/categories?post=68166"},{"taxonomy":"post_tag","embeddable":true,"href":"https:\/\/orheifm.live\/index.php\/wp-json\/wp\/v2\/tags?post=68166"}],"curies":[{"name":"wp","href":"https:\/\/api.w.org\/{rel}","templated":true}]}}