{"id":68164,"date":"2025-03-02T10:40:17","date_gmt":"2025-03-02T08:40:17","guid":{"rendered":"https:\/\/orheifm.live\/index.php\/2025\/03\/02\/restrictii-de-circulatie-in-chisinau-duminica-2-martie-din-cauza-ultramaratonului\/"},"modified":"2025-03-02T10:40:17","modified_gmt":"2025-03-02T08:40:17","slug":"restrictii-de-circulatie-in-chisinau-duminica-2-martie-din-cauza-ultramaratonului","status":"publish","type":"post","link":"https:\/\/orheifm.live\/index.php\/2025\/03\/02\/restrictii-de-circulatie-in-chisinau-duminica-2-martie-din-cauza-ultramaratonului\/","title":{"rendered":"Restric\u021bii de circula\u021bie \u00een Chi\u0219in\u0103u duminic\u0103, 2 martie, din cauza ultramaratonului"},"content":{"rendered":"<div>\n<p><strong>Duminic\u0103, 2 martie, circula\u021bia rutier\u0103 va fi par\u021bial restric\u021bionat\u0103 pe anumite str\u0103zi din Chi\u0219in\u0103u, din cauza ultramaratonului \u201eRubicon \u2013 Bucure\u0219ti-Chi\u0219in\u0103u\u201d 2025. <\/strong><\/p>\n<p>Restric\u021biile vor fi valabile \u00eentre orele 13:00 \u0219i 16:00, iar transportul public care traverseaz\u0103 centrul ora\u0219ului va fi redirec\u021bionat pe str\u0103zile adiacente. Participan\u021bii la ultramaraton vor circula pe o band\u0103 a carosabilului, pe traseul: \u0219os. M3\u2013 str. Drumul B\u0103cioiului\u2013 str. Grenoble\u2013 bd. Traian\u2013 bd. Dacia\u2013 str. Ciuflea\u2013 bd. \u0218tefan cel Mare \u0219i Sf\u00e2nt\u2013 PMAN.<\/p>\n<p>De asemenea, circula\u021bia va fi par\u021bial restric\u021bionat\u0103 duminic\u0103 \u00eentre orele 10:00 \u0219i 11:00 pe mai multe str\u0103zi din centrul capitalei, \u00een cadrul evenimentului dedicat Zilei Memoriei \u0219i Recuno\u0219tin\u021bei.<\/p>\n<\/div>\n","protected":false},"excerpt":{"rendered":"<div><img loading=\"lazy\" decoding=\"async\" width=\"696\" height=\"458\" src=\"https:\/\/canal5.md\/wp-content\/uploads\/2025\/03\/800841-optimized.webp\" class=\"attachment-large size-large wp-post-image\" alt=\"\" srcset=\"https:\/\/canal5.md\/wp-content\/uploads\/2025\/03\/800841-optimized.webp 760w, https:\/\/canal5.md\/wp-content\/uploads\/2025\/03\/800841-300x197-optimized.webp 300w, https:\/\/canal5.md\/wp-content\/uploads\/2025\/03\/800841-696x458-optimized.webp 696w\">Duminic\u0103, 2 martie, circula\u021bia rutier\u0103 va fi par\u021bial restric\u021bionat\u0103 pe anumite str\u0103zi din Chi\u0219in\u0103u, din cauza ultramaratonului \u201eRubicon \u2013 Bucure\u0219ti-Chi\u0219in\u0103u\u201d 2025. Restric\u021biile vor fi valabile \u00eentre orele 13:00 \u0219i 16:00, iar transportul public care traverseaz\u0103 centrul ora\u0219ului va fi redirec\u021bionat pe str\u0103zile adiacente. Participan\u021bii la ultramaraton vor circula pe o band\u0103 a carosabilului, pe traseul: [\u2026]<\/div>\n","protected":false},"author":1,"featured_media":68165,"comment_status":"closed","ping_status":"closed","sticky":false,"template":"","format":"standard","meta":{"jnews-multi-image_gallery":[],"jnews_single_post":[],"jnews_primary_category":[],"jnews_social_meta":[],"jnews_override_counter":[],"footnotes":""},"categories":[30],"tags":[],"class_list":["post-68164","post","type-post","status-publish","format-standard","has-post-thumbnail","hentry","category-social_ro"],"_links":{"self":[{"href":"https:\/\/orheifm.live\/index.php\/wp-json\/wp\/v2\/posts\/68164","targetHints":{"allow":["GET"]}}],"collection":[{"href":"https:\/\/orheifm.live\/index.php\/wp-json\/wp\/v2\/posts"}],"about":[{"href":"https:\/\/orheifm.live\/index.php\/wp-json\/wp\/v2\/types\/post"}],"author":[{"embeddable":true,"href":"https:\/\/orheifm.live\/index.php\/wp-json\/wp\/v2\/users\/1"}],"replies":[{"embeddable":true,"href":"https:\/\/orheifm.live\/index.php\/wp-json\/wp\/v2\/comments?post=68164"}],"version-history":[{"count":0,"href":"https:\/\/orheifm.live\/index.php\/wp-json\/wp\/v2\/posts\/68164\/revisions"}],"wp:featuredmedia":[{"embeddable":true,"href":"https:\/\/orheifm.live\/index.php\/wp-json\/wp\/v2\/media\/68165"}],"wp:attachment":[{"href":"https:\/\/orheifm.live\/index.php\/wp-json\/wp\/v2\/media?parent=68164"}],"wp:term":[{"taxonomy":"category","embeddable":true,"href":"https:\/\/orheifm.live\/index.php\/wp-json\/wp\/v2\/categories?post=68164"},{"taxonomy":"post_tag","embeddable":true,"href":"https:\/\/orheifm.live\/index.php\/wp-json\/wp\/v2\/tags?post=68164"}],"curies":[{"name":"wp","href":"https:\/\/api.w.org\/{rel}","templated":true}]}}