{"id":68160,"date":"2025-03-02T10:05:16","date_gmt":"2025-03-02T08:05:16","guid":{"rendered":"https:\/\/orheifm.live\/index.php\/2025\/03\/02\/vreme-noroasa-si-lapovita-pe-drumuri-prognoza-zilei\/"},"modified":"2025-03-02T10:05:16","modified_gmt":"2025-03-02T08:05:16","slug":"vreme-noroasa-si-lapovita-pe-drumuri-prognoza-zilei","status":"publish","type":"post","link":"https:\/\/orheifm.live\/index.php\/2025\/03\/02\/vreme-noroasa-si-lapovita-pe-drumuri-prognoza-zilei\/","title":{"rendered":"Vreme noroas\u0103 \u0219i lapovi\u021b\u0103 pe drumuri: prognoza zilei"},"content":{"rendered":"<div>\n<p><strong>Pentru ast\u0103zi, meteorologii anun\u021b\u0103 vreme \u00eennorat\u0103, cu posibilitatea de a ap\u0103rea condi\u021bii de drumuri alunecoase din cauza precipita\u021biilor sub form\u0103 de lapovi\u021b\u0103 umed\u0103.<\/strong><\/p>\n<p>\u00cen cursul zilei, \u00een sudul \u021b\u0103rii se vor \u00eenregistra temperaturi de +6\u2026+8\u00b0C, \u00een centru +4\u2026+6\u00b0C, iar \u00een nord termometrele vor indica +1\u2026+3\u00b0C.<\/p>\n<p>Temperatura minim\u0103 ar putea ajunge p\u00e2n\u0103 la -2\u00b0C.<\/p>\n<\/div>\n","protected":false},"excerpt":{"rendered":"<div><img loading=\"lazy\" decoding=\"async\" width=\"696\" height=\"458\" src=\"https:\/\/canal5.md\/wp-content\/uploads\/2025\/03\/800654-optimized.webp\" class=\"attachment-large size-large wp-post-image\" alt=\"\" srcset=\"https:\/\/canal5.md\/wp-content\/uploads\/2025\/03\/800654-optimized.webp 760w, https:\/\/canal5.md\/wp-content\/uploads\/2025\/03\/800654-300x197-optimized.webp 300w, https:\/\/canal5.md\/wp-content\/uploads\/2025\/03\/800654-696x458-optimized.webp 696w\">Pentru ast\u0103zi, meteorologii anun\u021b\u0103 vreme \u00eennorat\u0103, cu posibilitatea de a ap\u0103rea condi\u021bii de drumuri alunecoase din cauza precipita\u021biilor sub form\u0103 de lapovi\u021b\u0103 umed\u0103. \u00cen cursul zilei, \u00een sudul \u021b\u0103rii se vor \u00eenregistra temperaturi de +6\u2026+8\u00b0C, \u00een centru +4\u2026+6\u00b0C, iar \u00een nord termometrele vor indica +1\u2026+3\u00b0C. Temperatura minim\u0103 ar putea ajunge p\u00e2n\u0103 la -2\u00b0C.<\/div>\n","protected":false},"author":1,"featured_media":68161,"comment_status":"closed","ping_status":"closed","sticky":false,"template":"","format":"standard","meta":{"jnews-multi-image_gallery":[],"jnews_single_post":[],"jnews_primary_category":[],"jnews_social_meta":[],"jnews_override_counter":[],"footnotes":""},"categories":[30],"tags":[],"class_list":["post-68160","post","type-post","status-publish","format-standard","has-post-thumbnail","hentry","category-social_ro"],"_links":{"self":[{"href":"https:\/\/orheifm.live\/index.php\/wp-json\/wp\/v2\/posts\/68160","targetHints":{"allow":["GET"]}}],"collection":[{"href":"https:\/\/orheifm.live\/index.php\/wp-json\/wp\/v2\/posts"}],"about":[{"href":"https:\/\/orheifm.live\/index.php\/wp-json\/wp\/v2\/types\/post"}],"author":[{"embeddable":true,"href":"https:\/\/orheifm.live\/index.php\/wp-json\/wp\/v2\/users\/1"}],"replies":[{"embeddable":true,"href":"https:\/\/orheifm.live\/index.php\/wp-json\/wp\/v2\/comments?post=68160"}],"version-history":[{"count":0,"href":"https:\/\/orheifm.live\/index.php\/wp-json\/wp\/v2\/posts\/68160\/revisions"}],"wp:featuredmedia":[{"embeddable":true,"href":"https:\/\/orheifm.live\/index.php\/wp-json\/wp\/v2\/media\/68161"}],"wp:attachment":[{"href":"https:\/\/orheifm.live\/index.php\/wp-json\/wp\/v2\/media?parent=68160"}],"wp:term":[{"taxonomy":"category","embeddable":true,"href":"https:\/\/orheifm.live\/index.php\/wp-json\/wp\/v2\/categories?post=68160"},{"taxonomy":"post_tag","embeddable":true,"href":"https:\/\/orheifm.live\/index.php\/wp-json\/wp\/v2\/tags?post=68160"}],"curies":[{"name":"wp","href":"https:\/\/api.w.org\/{rel}","templated":true}]}}