{"id":68158,"date":"2025-03-01T17:32:15","date_gmt":"2025-03-01T15:32:15","guid":{"rendered":"https:\/\/orheifm.live\/index.php\/2025\/03\/01\/protest-aur-calin-georgescu-ciocoii-vechi-si-noi-vor-sa-imi-blocheze-din-nou-candidatura\/"},"modified":"2025-03-01T17:32:15","modified_gmt":"2025-03-01T15:32:15","slug":"protest-aur-calin-georgescu-ciocoii-vechi-si-noi-vor-sa-imi-blocheze-din-nou-candidatura","status":"publish","type":"post","link":"https:\/\/orheifm.live\/index.php\/2025\/03\/01\/protest-aur-calin-georgescu-ciocoii-vechi-si-noi-vor-sa-imi-blocheze-din-nou-candidatura\/","title":{"rendered":"Protest AUR\/C\u0103lin Georgescu: Ciocoii vechi \u0219i noi vor s\u0103 \u00eemi blocheze din nou candidatura"},"content":{"rendered":"<div>\n<p><strong>C\u0103lin Georgescu a sus\u021binut, s\u00e2mb\u0103t\u0103, la protestul organizat de liderul partidului AUR, George Simon, c\u0103 se dore\u0219te blocarea candidaturii sale la alegeri preziden\u021biale din luna mai.<\/strong><\/p>\n<p>\u2018Nu putem s\u0103 fim liberi dec\u00e2t dac\u0103 suntem uni\u021bi. Sistemul a \u00eencercat, prin r\u0103utate, s\u0103 ne dezbine, dar asta ne-a unit \u0219i mai mult. Ceea ce une\u0219te Dumnezeu nu mai poate s\u0103 dezbine nimeni, nici om, nici sistem (\u2026). S\u0103 mergem pe drumul c\u0103tre libertate. Am promis c\u0103 nu facem politic\u0103 \u0219i am f\u0103cut istorie. (\u2026) F\u0103r\u0103 corup\u021bie, f\u0103r\u0103 securi\u0219ti. Ciocoii vechi \u0219i noi vor s\u0103 \u00eemi blocheze din nou candidatura. Eu vreau s\u0103 fiu judecat de voi to\u021bi, prin votul vostru liber. E dreptul vostru s\u0103 decide\u021bi pe cine alege\u021bi, nu altcineva. Vot liber\u2019, a declarat C\u0103lin Georgescu, pe scena amplasat\u0103 \u00een Pia\u021ba Victoriei.<\/p>\n<p>El a ad\u0103ugat c\u0103 Rom\u00e2nia trebuie s\u0103 aib\u0103 prieteni \u2018peste tot\u2019.<\/p>\n<p>\u2018Eu nu am ales s\u0103 candidez pentru mine, sunt aici \u00eempreun\u0103 cu voi, eu nu contez, dar voi conta\u021bi pentru Rom\u00e2nia. (\u2026) Copiii vo\u0219tri vor fi m\u00e2ndri de voi, pentru c\u0103 viitorul este al celor drep\u021bi, nu al celor care stau \u00een genunchi \u00een fa\u021ba puterilor interna\u021bionale str\u0103ine. Niciodat\u0103 Rom\u00e2nia nu trebuie s\u0103 stea \u00een genunchi. Vrem o \u021bar\u0103 demn\u0103, prosper\u0103, cu oameni demni, o \u021bar\u0103 care s\u0103 se aib\u0103 bine cu toat\u0103 lumea, s\u0103 aib\u0103 prieteni peste tot \u0219i s\u0103 \u00eempart\u0103 valorile care ne-au unit: pace, democra\u021bie \u0219i libertate\u2019, a spus fostul candidat la alegerile preziden\u021biale.<\/p>\n<p>La protest au mai \u021binut discursuri liderul AUR, George Simion, \u0219i pre\u0219edintele partidului POT, Anamaria Gavril\u0103.<\/p>\n<p>Mii de persoane s-au str\u00e2ns, s\u00e2mb\u0103t\u0103, \u00een Pia\u021ba Univesit\u0103\u021bii din Capital\u0103 pentru a protesta \u00eempotriva deciziei Cur\u021bii Constitu\u021bionale privind anularea turul doi al alegerilor preziden\u021biale, iar \u00een jurul orei 14,00 au plecat \u00een mar\u0219 c\u0103tre Pia\u021ba Victoriei.<\/p>\n<p>Protestatarii flutur\u0103 steaguri tricolore \u0219i afi\u0219eaz\u0103 pancarte \u00eempotriva premierului Marcel Ciolacu \u0219i \u00een favoarea lui C\u0103lin Georgescu, solicit\u00e2nd, de asemenea, organizarea turului al doilea al alegerilor preziden\u021biale din 2024. Manifestan\u021bii scandeaz\u0103 \u2018Jos Guvernul\u2019, \u2018Libertate\u2019 \u0219i sufl\u0103 din vuvuzele.<\/p>\n<p>Jandarmeria Capitalei a anun\u021bat c\u0103, \u00een momentul \u00een care protestatarii se aflau \u00een Pia\u021ba Universit\u0103\u021bii, a fost depistat un cet\u0103\u021bean polonez av\u00e2nd \u00een jurul taliei o curea ce avea ata\u0219at la unul dintre capete un cu\u021bit.<\/p>\n<p>B\u0103rbatul se afl\u0103 sub control judiciar, dup\u0103 ce pe 10 februarie a fost prins de jandarmi la protestul din Pia\u021ba Victoriei av\u00e2nd asupra sa un briceag \u0219i a distrus un panou metalic al Jandarmeriei, el av\u00e2nd interzis s\u0103 mai participe la adun\u0103ri publice.<\/p>\n<p>Tot \u00een Pia\u021ba Universit\u0103\u021bii, jandarmii au depistat mai multe persoane av\u00e2nd asupra lor obiecte contondente din lemn sau aliaj metalic, folosite ca suport pentru steaguri.<\/p>\n<p><a href=\"https:\/\/agerpres.ro\/politic\/2025\/03\/01\/protest-aur-calin-georgescu-ciocoii-vechi-si-noi-vor-sa-imi-blocheze-din-nou-candidatura--1427006\">AGERPRES<\/a><\/p>\n<\/div>\n","protected":false},"excerpt":{"rendered":"<div><img loading=\"lazy\" decoding=\"async\" width=\"696\" height=\"464\" src=\"https:\/\/canal5.md\/wp-content\/uploads\/2025\/03\/17961036-optimized.jpg\" class=\"attachment-large size-large wp-post-image\" alt=\"\" srcset=\"https:\/\/canal5.md\/wp-content\/uploads\/2025\/03\/17961036-optimized.jpg 1000w, https:\/\/canal5.md\/wp-content\/uploads\/2025\/03\/17961036-300x200-optimized.jpg 300w, https:\/\/canal5.md\/wp-content\/uploads\/2025\/03\/17961036-768x512-optimized.jpg 768w, https:\/\/canal5.md\/wp-content\/uploads\/2025\/03\/17961036-696x464-optimized.jpg 696w\">C\u0103lin Georgescu a sus\u021binut, s\u00e2mb\u0103t\u0103, la protestul organizat de liderul partidului AUR, George Simon, c\u0103 se dore\u0219te blocarea candidaturii sale la alegeri preziden\u021biale din luna mai. \u2018Nu putem s\u0103 fim liberi dec\u00e2t dac\u0103 suntem uni\u021bi. Sistemul a \u00eencercat, prin r\u0103utate, s\u0103 ne dezbine, dar asta ne-a unit \u0219i mai mult. Ceea ce une\u0219te Dumnezeu nu [\u2026]<\/div>\n","protected":false},"author":1,"featured_media":68159,"comment_status":"closed","ping_status":"closed","sticky":false,"template":"","format":"standard","meta":{"jnews-multi-image_gallery":[],"jnews_single_post":[],"jnews_primary_category":[],"jnews_social_meta":[],"jnews_override_counter":[],"footnotes":""},"categories":[29],"tags":[],"class_list":["post-68158","post","type-post","status-publish","format-standard","has-post-thumbnail","hentry","category-externe_ro"],"_links":{"self":[{"href":"https:\/\/orheifm.live\/index.php\/wp-json\/wp\/v2\/posts\/68158","targetHints":{"allow":["GET"]}}],"collection":[{"href":"https:\/\/orheifm.live\/index.php\/wp-json\/wp\/v2\/posts"}],"about":[{"href":"https:\/\/orheifm.live\/index.php\/wp-json\/wp\/v2\/types\/post"}],"author":[{"embeddable":true,"href":"https:\/\/orheifm.live\/index.php\/wp-json\/wp\/v2\/users\/1"}],"replies":[{"embeddable":true,"href":"https:\/\/orheifm.live\/index.php\/wp-json\/wp\/v2\/comments?post=68158"}],"version-history":[{"count":0,"href":"https:\/\/orheifm.live\/index.php\/wp-json\/wp\/v2\/posts\/68158\/revisions"}],"wp:featuredmedia":[{"embeddable":true,"href":"https:\/\/orheifm.live\/index.php\/wp-json\/wp\/v2\/media\/68159"}],"wp:attachment":[{"href":"https:\/\/orheifm.live\/index.php\/wp-json\/wp\/v2\/media?parent=68158"}],"wp:term":[{"taxonomy":"category","embeddable":true,"href":"https:\/\/orheifm.live\/index.php\/wp-json\/wp\/v2\/categories?post=68158"},{"taxonomy":"post_tag","embeddable":true,"href":"https:\/\/orheifm.live\/index.php\/wp-json\/wp\/v2\/tags?post=68158"}],"curies":[{"name":"wp","href":"https:\/\/api.w.org\/{rel}","templated":true}]}}