{"id":68156,"date":"2025-03-01T17:28:23","date_gmt":"2025-03-01T15:28:23","guid":{"rendered":"https:\/\/orheifm.live\/index.php\/2025\/03\/01\/trump-ironii-la-adresa-lui-zelenski-dupa-intalnirea-tensionata-de-la-casa-alba-cum-l-a-numit-pe-liderul-ucrainean\/"},"modified":"2025-03-01T17:28:23","modified_gmt":"2025-03-01T15:28:23","slug":"trump-ironii-la-adresa-lui-zelenski-dupa-intalnirea-tensionata-de-la-casa-alba-cum-l-a-numit-pe-liderul-ucrainean","status":"publish","type":"post","link":"https:\/\/orheifm.live\/index.php\/2025\/03\/01\/trump-ironii-la-adresa-lui-zelenski-dupa-intalnirea-tensionata-de-la-casa-alba-cum-l-a-numit-pe-liderul-ucrainean\/","title":{"rendered":"Trump, ironii la adresa lui Zelenski dup\u0103 \u00eent\u00e2lnirea tensionat\u0103 de la Casa Alb\u0103: Cum l-a numit pe liderul ucrainean"},"content":{"rendered":"<div>\n<article class=\"post article-single\">\n<section class=\"article-content article-content--v2\">Donald Trump\u00a0l-a numit ironic pe\u00a0Volodimir Zelenski, numindu-l \u201emare \u0219i tare\u201d dup\u0103 o \u00eent\u00e2lnire tensionat\u0103 la Casa Alb\u0103, afirm\u00e2nd c\u0103 discu\u021biile \u201enu au decurs bine\u201d pentru liderul ucrainean, informeaz\u0103 Sky News, conform Mediafax.<\/p>\n<p>\u00cenainte de a se urca \u00een elicopterul preziden\u021bial Marine One, Trump a declarat jurnali\u0219tilor c\u0103 Zelenski \u201evrea s\u0103 revin\u0103 acum\u201d, dar c\u0103 el \u201enu poate face asta\u201d.<\/p>\n<p>De asemenea, l-a numit pe pre\u0219edintele ucrainean \u201emare \u0219i tare\u201d, \u00eentr-un ton batjocoritor.Liderul american a reafirmat c\u0103 SUA nu \u00ee\u0219i doresc un conflict lung, ad\u0103ug\u00e2nd c\u0103 nu sunt interesate de \u201eun r\u0103zboi de 10 ani\u201dDeclara\u021biile vin \u00een contextul divergen\u021belor \u00eentre Washington \u0219i Kiev privind sprijinul american pentru Ucraina.<\/p>\n<p>\u00cent\u00e2lnirea de vineri a fost marcat\u0103 de tensiuni, iar vicepre\u0219edintele SUA, JD Vance, a pus sub semnul \u00eentreb\u0103rii nivelul de recuno\u0219tin\u021b\u0103 al Kievului fa\u021b\u0103 de ajutorul oferit de SUA.<\/p>\n<\/section>\n<\/article>\n<\/div>\n","protected":false},"excerpt":{"rendered":"<div><img loading=\"lazy\" decoding=\"async\" width=\"696\" height=\"394\" src=\"https:\/\/canal5.md\/wp-content\/uploads\/2025\/03\/media-174076758420308600-1024x579-optimized.webp\" class=\"attachment-large size-large wp-post-image\" alt=\"\" srcset=\"https:\/\/canal5.md\/wp-content\/uploads\/2025\/03\/media-174076758420308600-1024x579-optimized.webp 1024w, https:\/\/canal5.md\/wp-content\/uploads\/2025\/03\/media-174076758420308600-300x170-optimized.webp 300w, https:\/\/canal5.md\/wp-content\/uploads\/2025\/03\/media-174076758420308600-768x435-optimized.webp 768w, https:\/\/canal5.md\/wp-content\/uploads\/2025\/03\/media-174076758420308600-696x394-optimized.webp 696w, https:\/\/canal5.md\/wp-content\/uploads\/2025\/03\/media-174076758420308600-1068x604-optimized.webp 1068w, https:\/\/canal5.md\/wp-content\/uploads\/2025\/03\/media-174076758420308600-optimized.webp 1200w\">Donald Trump\u00a0l-a numit ironic pe\u00a0Volodimir Zelenski, numindu-l \u201emare \u0219i tare\u201d dup\u0103 o \u00eent\u00e2lnire tensionat\u0103 la Casa Alb\u0103, afirm\u00e2nd c\u0103 discu\u021biile \u201enu au decurs bine\u201d pentru liderul ucrainean, informeaz\u0103 Sky News, conform Mediafax. \u00cenainte de a se urca \u00een elicopterul preziden\u021bial Marine One, Trump a declarat jurnali\u0219tilor c\u0103 Zelenski \u201evrea s\u0103 revin\u0103 acum\u201d, dar c\u0103 el [\u2026]<\/div>\n","protected":false},"author":1,"featured_media":68157,"comment_status":"closed","ping_status":"closed","sticky":false,"template":"","format":"standard","meta":{"jnews-multi-image_gallery":[],"jnews_single_post":[],"jnews_primary_category":[],"jnews_social_meta":[],"jnews_override_counter":[],"footnotes":""},"categories":[29],"tags":[],"class_list":["post-68156","post","type-post","status-publish","format-standard","has-post-thumbnail","hentry","category-externe_ro"],"_links":{"self":[{"href":"https:\/\/orheifm.live\/index.php\/wp-json\/wp\/v2\/posts\/68156","targetHints":{"allow":["GET"]}}],"collection":[{"href":"https:\/\/orheifm.live\/index.php\/wp-json\/wp\/v2\/posts"}],"about":[{"href":"https:\/\/orheifm.live\/index.php\/wp-json\/wp\/v2\/types\/post"}],"author":[{"embeddable":true,"href":"https:\/\/orheifm.live\/index.php\/wp-json\/wp\/v2\/users\/1"}],"replies":[{"embeddable":true,"href":"https:\/\/orheifm.live\/index.php\/wp-json\/wp\/v2\/comments?post=68156"}],"version-history":[{"count":0,"href":"https:\/\/orheifm.live\/index.php\/wp-json\/wp\/v2\/posts\/68156\/revisions"}],"wp:featuredmedia":[{"embeddable":true,"href":"https:\/\/orheifm.live\/index.php\/wp-json\/wp\/v2\/media\/68157"}],"wp:attachment":[{"href":"https:\/\/orheifm.live\/index.php\/wp-json\/wp\/v2\/media?parent=68156"}],"wp:term":[{"taxonomy":"category","embeddable":true,"href":"https:\/\/orheifm.live\/index.php\/wp-json\/wp\/v2\/categories?post=68156"},{"taxonomy":"post_tag","embeddable":true,"href":"https:\/\/orheifm.live\/index.php\/wp-json\/wp\/v2\/tags?post=68156"}],"curies":[{"name":"wp","href":"https:\/\/api.w.org\/{rel}","templated":true}]}}