{"id":68140,"date":"2025-03-01T14:33:44","date_gmt":"2025-03-01T12:33:44","guid":{"rendered":"https:\/\/orheifm.live\/index.php\/2025\/03\/01\/angajarea-informala-in-randul-tinerilor-din-mediul-rural-ramane-o-problema-grava-in-moldova\/"},"modified":"2025-03-01T14:33:44","modified_gmt":"2025-03-01T12:33:44","slug":"angajarea-informala-in-randul-tinerilor-din-mediul-rural-ramane-o-problema-grava-in-moldova","status":"publish","type":"post","link":"https:\/\/orheifm.live\/index.php\/2025\/03\/01\/angajarea-informala-in-randul-tinerilor-din-mediul-rural-ramane-o-problema-grava-in-moldova\/","title":{"rendered":"Angajarea informal\u0103 \u00een r\u00e2ndul tinerilor din mediul rural r\u0103m\u00e2ne o problem\u0103 grav\u0103 \u00een Moldova"},"content":{"rendered":"<div>\n<p data-start=\"99\" data-end=\"388\"><strong>Potrivit analizei expertului economic Veceslav Ioni\u021b\u0103, peste 53% dintre tinerii \u0219i adolescen\u021bii cu v\u00e2rsta de p\u00e2n\u0103 la 24 de ani din regiunile rurale ale Republicii Moldova sunt angaja\u021bi informal \u0219i primesc salarii \u00een plic. Ace\u0219tia lucreaz\u0103 cel mai adesea \u00een agricultur\u0103 sau construc\u021bii.<\/strong><\/p>\n<p data-start=\"390\" data-end=\"732\">Pe m\u0103sur\u0103 ce v\u00e2rsta cre\u0219te, procentul de angajare informal\u0103 scade, dar r\u0103m\u00e2ne ridicat \u00een zonele rurale. De exemplu, \u00een r\u00e2ndul b\u0103rba\u021bilor cu v\u00e2rsta \u00eentre 35 \u0219i 44 de ani, 43% lucreaz\u0103 informal. Fenomenul angaj\u0103rii informale este cel mai r\u0103sp\u00e2ndit \u00een mediul rural, unde mai mult de 34% din popula\u021bia ocupat\u0103 lucreaz\u0103 f\u0103r\u0103 un contract oficial.<\/p>\n<p data-start=\"734\" data-end=\"1002\">Ioni\u021b\u0103 consider\u0103 c\u0103 printre cauzele acestui fenomen se num\u0103r\u0103 nivelul sc\u0103zut de educa\u021bie \u0219i calificare al tinerilor, dificultatea de a g\u0103si un loc de munc\u0103 oficial, dar \u0219i taxele ridicate \u0219i reglement\u0103rile stricte care pot contribui la cre\u0219terea angaj\u0103rii informale.<\/p>\n<p data-start=\"1004\" data-end=\"1242\" data-is-last-node=\"\" data-is-only-node=\"\">\u00cen concluzie, Ioni\u021b\u0103 subliniaz\u0103 necesitatea unor m\u0103suri pentru dezvoltarea locurilor de munc\u0103 oficiale \u00een regiunile rurale, \u00eembun\u0103t\u0103\u021birea educa\u021biei tinerilor \u0219i implementarea de reforme care s\u0103 reduc\u0103 sarcina fiscal\u0103 asupra angajatorilor.<\/p>\n<\/div>\n","protected":false},"excerpt":{"rendered":"<div><img loading=\"lazy\" decoding=\"async\" width=\"696\" height=\"481\" src=\"https:\/\/canal5.md\/wp-content\/uploads\/2025\/03\/ong-1024x708-optimized.jpg\" class=\"attachment-large size-large wp-post-image\" alt=\"\" srcset=\"https:\/\/canal5.md\/wp-content\/uploads\/2025\/03\/ong-1024x708-optimized.jpg 1024w, https:\/\/canal5.md\/wp-content\/uploads\/2025\/03\/ong-300x207-optimized.jpg 300w, https:\/\/canal5.md\/wp-content\/uploads\/2025\/03\/ong-768x531-optimized.jpg 768w, https:\/\/canal5.md\/wp-content\/uploads\/2025\/03\/ong-218x150-optimized.jpg 218w, https:\/\/canal5.md\/wp-content\/uploads\/2025\/03\/ong-696x481-optimized.jpg 696w, https:\/\/canal5.md\/wp-content\/uploads\/2025\/03\/ong-1068x738-optimized.jpg 1068w, https:\/\/canal5.md\/wp-content\/uploads\/2025\/03\/ong-optimized.jpg 1440w\">Potrivit analizei expertului economic Veceslav Ioni\u021b\u0103, peste 53% dintre tinerii \u0219i adolescen\u021bii cu v\u00e2rsta de p\u00e2n\u0103 la 24 de ani din regiunile rurale ale Republicii Moldova sunt angaja\u021bi informal \u0219i primesc salarii \u00een plic. Ace\u0219tia lucreaz\u0103 cel mai adesea \u00een agricultur\u0103 sau construc\u021bii. Pe m\u0103sur\u0103 ce v\u00e2rsta cre\u0219te, procentul de angajare informal\u0103 scade, dar r\u0103m\u00e2ne [\u2026]<\/div>\n","protected":false},"author":1,"featured_media":68141,"comment_status":"closed","ping_status":"closed","sticky":false,"template":"","format":"standard","meta":{"jnews-multi-image_gallery":[],"jnews_single_post":[],"jnews_primary_category":[],"jnews_social_meta":[],"jnews_override_counter":[],"footnotes":""},"categories":[30],"tags":[],"class_list":["post-68140","post","type-post","status-publish","format-standard","has-post-thumbnail","hentry","category-social_ro"],"_links":{"self":[{"href":"https:\/\/orheifm.live\/index.php\/wp-json\/wp\/v2\/posts\/68140","targetHints":{"allow":["GET"]}}],"collection":[{"href":"https:\/\/orheifm.live\/index.php\/wp-json\/wp\/v2\/posts"}],"about":[{"href":"https:\/\/orheifm.live\/index.php\/wp-json\/wp\/v2\/types\/post"}],"author":[{"embeddable":true,"href":"https:\/\/orheifm.live\/index.php\/wp-json\/wp\/v2\/users\/1"}],"replies":[{"embeddable":true,"href":"https:\/\/orheifm.live\/index.php\/wp-json\/wp\/v2\/comments?post=68140"}],"version-history":[{"count":0,"href":"https:\/\/orheifm.live\/index.php\/wp-json\/wp\/v2\/posts\/68140\/revisions"}],"wp:featuredmedia":[{"embeddable":true,"href":"https:\/\/orheifm.live\/index.php\/wp-json\/wp\/v2\/media\/68141"}],"wp:attachment":[{"href":"https:\/\/orheifm.live\/index.php\/wp-json\/wp\/v2\/media?parent=68140"}],"wp:term":[{"taxonomy":"category","embeddable":true,"href":"https:\/\/orheifm.live\/index.php\/wp-json\/wp\/v2\/categories?post=68140"},{"taxonomy":"post_tag","embeddable":true,"href":"https:\/\/orheifm.live\/index.php\/wp-json\/wp\/v2\/tags?post=68140"}],"curies":[{"name":"wp","href":"https:\/\/api.w.org\/{rel}","templated":true}]}}