{"id":68136,"date":"2025-03-01T13:30:53","date_gmt":"2025-03-01T11:30:53","guid":{"rendered":"https:\/\/orheifm.live\/index.php\/2025\/03\/01\/tragedie-la-edinet-barbat-inecat-sub-gheata-in-timp-ce-pescuia\/"},"modified":"2025-03-01T13:30:53","modified_gmt":"2025-03-01T11:30:53","slug":"tragedie-la-edinet-barbat-inecat-sub-gheata-in-timp-ce-pescuia","status":"publish","type":"post","link":"https:\/\/orheifm.live\/index.php\/2025\/03\/01\/tragedie-la-edinet-barbat-inecat-sub-gheata-in-timp-ce-pescuia\/","title":{"rendered":"Tragedie la Edine\u021b: B\u0103rbat \u00eenecat sub ghea\u021b\u0103 \u00een timp ce pescuia"},"content":{"rendered":"<div>\n<p data-start=\"75\" data-end=\"314\"><strong>Un b\u0103rbat de 45 de ani din satul Br\u0103tu\u0219enii Vechi, raionul Edine\u021b, \u0219i-a pierdut via\u021ba dup\u0103 ce a mers la pescuit \u0219i a c\u0103zut sub ghea\u021b\u0103. Incidentul s-a produs \u00een aceast\u0103 diminea\u021b\u0103, \u00een jurul orei 5:00, la iazul de la intrarea \u00een localitate.<\/strong><\/p>\n<p data-start=\"316\" data-end=\"559\">Un cons\u0103tean al victimei, care se afla \u0219i el la pescuit, a auzit strig\u0103tele de ajutor, \u00eens\u0103 nu a putut interveni din cauza ghe\u021bii sub\u021biri \u0219i a vizibilit\u0103\u021bii reduse. Dup\u0103 \u00eencerc\u0103ri nereu\u0219ite de salvare, acesta a alertat serviciile de urgen\u021b\u0103.<\/p>\n<p data-start=\"561\" data-end=\"816\" data-is-last-node=\"\" data-is-only-node=\"\">Cadavrul b\u0103rbatului a fost recuperat de angaja\u021bii Inspectoratului General pentru Situa\u021bii de Urgen\u021b\u0103 (IGSU) dup\u0103 ora 8:00. Autorit\u0103\u021bile \u00eendeamn\u0103 cet\u0103\u021benii s\u0103 fie extrem de precau\u021bi \u0219i s\u0103 evite deplasarea pe lacurile \u0219i r\u00e2urile acoperite cu ghea\u021b\u0103 sub\u021bire.<\/p>\n<\/div>\n","protected":false},"excerpt":{"rendered":"<div><img loading=\"lazy\" decoding=\"async\" width=\"696\" height=\"393\" src=\"https:\/\/canal5.md\/wp-content\/uploads\/2025\/03\/dc32c6b7cceef0924743fb5b13263457-optimized.jpg\" class=\"attachment-large size-large wp-post-image\" alt=\"\" srcset=\"https:\/\/canal5.md\/wp-content\/uploads\/2025\/03\/dc32c6b7cceef0924743fb5b13263457-optimized.jpg 748w, https:\/\/canal5.md\/wp-content\/uploads\/2025\/03\/dc32c6b7cceef0924743fb5b13263457-300x169-optimized.jpg 300w, https:\/\/canal5.md\/wp-content\/uploads\/2025\/03\/dc32c6b7cceef0924743fb5b13263457-696x393-optimized.jpg 696w\">Un b\u0103rbat de 45 de ani din satul Br\u0103tu\u0219enii Vechi, raionul Edine\u021b, \u0219i-a pierdut via\u021ba dup\u0103 ce a mers la pescuit \u0219i a c\u0103zut sub ghea\u021b\u0103. Incidentul s-a produs \u00een aceast\u0103 diminea\u021b\u0103, \u00een jurul orei 5:00, la iazul de la intrarea \u00een localitate. Un cons\u0103tean al victimei, care se afla \u0219i el la pescuit, a [\u2026]<\/div>\n","protected":false},"author":1,"featured_media":68137,"comment_status":"closed","ping_status":"closed","sticky":false,"template":"","format":"standard","meta":{"jnews-multi-image_gallery":[],"jnews_single_post":[],"jnews_primary_category":[],"jnews_social_meta":[],"jnews_override_counter":[],"footnotes":""},"categories":[30],"tags":[],"class_list":["post-68136","post","type-post","status-publish","format-standard","has-post-thumbnail","hentry","category-social_ro"],"_links":{"self":[{"href":"https:\/\/orheifm.live\/index.php\/wp-json\/wp\/v2\/posts\/68136","targetHints":{"allow":["GET"]}}],"collection":[{"href":"https:\/\/orheifm.live\/index.php\/wp-json\/wp\/v2\/posts"}],"about":[{"href":"https:\/\/orheifm.live\/index.php\/wp-json\/wp\/v2\/types\/post"}],"author":[{"embeddable":true,"href":"https:\/\/orheifm.live\/index.php\/wp-json\/wp\/v2\/users\/1"}],"replies":[{"embeddable":true,"href":"https:\/\/orheifm.live\/index.php\/wp-json\/wp\/v2\/comments?post=68136"}],"version-history":[{"count":0,"href":"https:\/\/orheifm.live\/index.php\/wp-json\/wp\/v2\/posts\/68136\/revisions"}],"wp:featuredmedia":[{"embeddable":true,"href":"https:\/\/orheifm.live\/index.php\/wp-json\/wp\/v2\/media\/68137"}],"wp:attachment":[{"href":"https:\/\/orheifm.live\/index.php\/wp-json\/wp\/v2\/media?parent=68136"}],"wp:term":[{"taxonomy":"category","embeddable":true,"href":"https:\/\/orheifm.live\/index.php\/wp-json\/wp\/v2\/categories?post=68136"},{"taxonomy":"post_tag","embeddable":true,"href":"https:\/\/orheifm.live\/index.php\/wp-json\/wp\/v2\/tags?post=68136"}],"curies":[{"name":"wp","href":"https:\/\/api.w.org\/{rel}","templated":true}]}}